{"id":33332,"date":"2024-07-11T08:40:06","date_gmt":"2024-07-11T11:40:06","guid":{"rendered":"https:\/\/elfederalmendoza.com\/?p=33332"},"modified":"2024-07-11T08:45:59","modified_gmt":"2024-07-11T11:45:59","slug":"misterio-en-el-valle-de-uco-por-una-luz-en-el-cielo-seguido-de-un-estruendo-que-asombro-a-los-vecinos-se-sintio-una-explosion","status":"publish","type":"post","link":"https:\/\/elfederalmendoza.com.ar\/index.php\/2024\/07\/11\/misterio-en-el-valle-de-uco-por-una-luz-en-el-cielo-seguido-de-un-estruendo-que-asombro-a-los-vecinos-se-sintio-una-explosion\/","title":{"rendered":"Misterio en el Valle de Uco por una luz en el cielo seguido de un estruendo que asombr\u00f3 a los vecinos: \u00abSe sinti\u00f3 una explosi\u00f3n\u00bb"},"content":{"rendered":"\n<p>La noche de este mi\u00e9rcoles fue testigo de un espectacular evento astron\u00f3mico que dej\u00f3 a muchos residentes del&nbsp;<strong>Valle de Uco<\/strong>&nbsp;asombrados. Un&nbsp;<strong>b\u00f3lido&nbsp;<\/strong>atraves\u00f3 el cielo nocturno, creando un destello de luz y un&nbsp;<strong>estruendo que fue ampliamente percibido.<\/strong><\/p>\n\n\n\n<p>En las redes sociales se multiplicaron los comentarios sobre el fen\u00f3meno,&nbsp;<strong>que ocurri\u00f3 aproximadamente a las 21.<\/strong>&nbsp;De acuerdo a testimonios de vecinos de la zona, la fuerte explosi\u00f3n fue percibida en diferentes lugares, muy distantes entre s\u00ed.<\/p>\n\n\n\n<p>De acuerdo con una publicaci\u00f3n del portal&nbsp;<strong><em>El Cuco Digital<\/em><\/strong>,&nbsp;<em>\u201cpor el momento no ha habido ninguna informaci\u00f3n al respecto, por lo que no hay respuestas sobre cu\u00e1l fue el origen de la explosi\u00f3n. Ni bomberos, ni Defensa Civil han recibido ning\u00fan reporte sobre alg\u00fan incidente natural o alg\u00fan tipo de siniestro. Tampoco hay alg\u00fan reporte de sismo o temblor cercano. Y si bien, algunos vecinos mencionaron la ca\u00edda de un meteorito, nada ha sido confirmado por le momento\u201d.<\/em><\/p>\n\n\n\n<p><strong>Algunos comentarios fueron:<\/strong><\/p>\n\n\n\n<ul class=\"wp-block-list\">\n<li>\u201cSoy de La Consulta, se sinti\u00f3 una explosi\u00f3n pero no se de d\u00f3nde\u201d.<\/li>\n\n\n\n<li>\u201cYo ven\u00eda en la ruta 40 y mi pap\u00e1, que manejaba a esa hora m\u00e1s o menos, vio como una bola de fuego que cay\u00f3 hacia el sur\u201d.<\/li>\n\n\n\n<li>\u201cEn la ciudad de Colonia las Rosas se escuch\u00f3 fuerte\u201d.<\/li>\n\n\n\n<li>\u201cSe sinti\u00f3 fuerte la explosi\u00f3n ac\u00e1 en Tupungato\u201d.<\/li>\n\n\n\n<li>\u201cPens\u00e9 que era un temblor\u201d.<\/li>\n\n\n\n<li>\u201cEn Pareditas se sinti\u00f3 c\u00f3mo un golpe fuerte en el techo\u201d.<\/li>\n\n\n\n<li>\u201cYo sent\u00ed la explosi\u00f3n ac\u00e1 en la Villa de San Carlos\u201d.<\/li>\n\n\n\n<li>\u201cAc\u00e1 en Vista Flores se sinti\u00f3 un fuerte golpe en la pared\u201d.<\/li>\n\n\n\n<li>\u201cAc\u00e1 en el Cord\u00f3n del Plata fue muy fuerte el ruido. Mientras cenamos, pens\u00e1bamos que nos hab\u00edan golpeado la ventana fue feo el ruido\u201c.<\/li>\n\n\n\n<li>\u201cCreo que es un meteorito o algo debi\u00f3 entrar en la atm\u00f3sfera. Justo mi hijo con sus amigos, jugando en la cancha del barrio, en Guaymall\u00e9n, vieron pasar una estela verdosa luminosa, con direcci\u00f3n al suroeste, aproximadamente, Tupungato, Tunuy\u00e1n\u201d.<\/li>\n\n\n\n<li>\u201cNo s\u00e9 que fue pero nosotros ven\u00edamos desde Tunuy\u00e1n por el Cord\u00f3n y solo vimos de repente una luz que dej\u00f3 todo claro\u201d.<\/li>\n\n\n\n<li>\u201cAc\u00e1 en San Jos\u00e9 Tupungato lo escuch\u00e9 te fuerte\u201d.<\/li>\n\n\n\n<li>\u201cSe sinti\u00f3 fuerte en Tupungato\u201d.<\/li>\n\n\n\n<li>\u201cS\u00ed, vibraron las ventanas, fuerte\u201d.<\/li>\n\n\n\n<li>\u201cSoy de San Mart\u00edn, fue una estrella fugaz, se ilumin\u00f3 el cielo por un segundo, la vi hacia el sur\u201d.<\/li>\n\n\n\n<li>\u201cEn El Manzano se sinti\u00f3 muy fuerte para el lado de la monta\u00f1a\u201d.<\/li>\n\n\n\n<li>\u201cEn Pareditas se escuch\u00f3 muy fuerte\u201d.<\/li>\n\n\n\n<li>\u201cSoy de Colonia las Rosas, y s\u00ed, lo escuchamos bastante fuerte. Pensamos que pod\u00eda ser un accidente grave en la ruta, pero no. Qu\u00e9 raro\u201d.<\/li>\n\n\n\n<li>\u201cLo escuch\u00e9, fue fuerte. Soy de Chilecito\u201d.<\/li>\n\n\n\n<li>\u201cAc\u00e1 en Tupungato centro tambi\u00e9n se escuch\u00f3\u201d<\/li>\n\n\n\n<li>\u201cVen\u00eda camino de Mendoza hacia Tunuy\u00e1n en camioneta, y cerca de Zapata por un segundo el cielo se ilumin\u00f3 por completo. Qued\u00e9 helado\u201d.<\/li>\n\n\n\n<li>\u201cYo no escuch\u00e9 nada, solo vimos una luz azul. Pensamos que era una estrella, pero fue muy fuerte la luz\u201d.<\/li>\n\n\n\n<li>\u201cYo vivo en Ciudad y justo v\u00ed como ca\u00eda una estrella fugaz muy grande. Pero ac\u00e1 no se sinti\u00f3 ninguna explosi\u00f3n\u201d.<\/li>\n\n\n\n<li>\u201cV\u00ed la iluminaci\u00f3n en mi ventana que da por la cordillera y luego se escuch\u00f3 una explosi\u00f3n. Soy de El Cepillo\u201d.<\/li>\n<\/ul>\n\n\n\n<h2 class=\"wp-block-heading\" id=\"h-que-es-un-bolido\">\u00bfQu\u00e9 es un b\u00f3lido?<\/h2>\n\n\n\n<p>La causa del fen\u00f3meno no fue develada, aunque las hip\u00f3tesis apuntan a la posible ca\u00edda de un&nbsp;<strong>b\u00f3lido<\/strong>.<\/p>\n\n\n\n<p>Seg\u00fan especifica la Real Academia Espa\u00f1ola (RAE),&nbsp;<strong>un b\u00f3lido en materia astron\u00f3mica es una masa de materia c\u00f3smica que es apreciable a simple vista<\/strong>, atraviesa r\u00e1pidamente la atm\u00f3sfera y suele estallar y dividirse en pedazos.<\/p>\n\n\n\n<p>Se diferencia de los meteoros comunes por&nbsp;<strong>su luminosidad y la espectacularidad de su aparici\u00f3n<\/strong>, a menudo acompa\u00f1ada de un estruendo sonoro, conocido como&nbsp;<em>\u201cexplosi\u00f3n s\u00f3nica\u201d.<\/em><\/p>\n\n\n\n<p>Este fen\u00f3meno ocurre cuando un meteoroide, un fragmento de roca espacial, entra a gran velocidad en la atm\u00f3sfera de la Tierra. Debido a la fricci\u00f3n con el aire, se calienta y se desintegra,&nbsp;<strong>liberando una gran cantidad de energ\u00eda en forma de luz y sonido.<\/strong><\/p>\n","protected":false},"excerpt":{"rendered":"<p>La noche de este mi\u00e9rcoles fue testigo de un espectacular evento astron\u00f3mico que dej\u00f3 a muchos residentes del&nbsp;Valle de Uco&nbsp;asombrados. Un&nbsp;b\u00f3lido&nbsp;atraves\u00f3 el cielo nocturno, creando un destello de luz y un&nbsp;estruendo que fue ampliamente percibido. En las redes sociales se multiplicaron los comentarios sobre el fen\u00f3meno,&nbsp;que ocurri\u00f3 aproximadamente a las 21.&nbsp;De acuerdo a testimonios de<a class=\"read-more\" href=\"https:\/\/elfederalmendoza.com.ar\/index.php\/2024\/07\/11\/misterio-en-el-valle-de-uco-por-una-luz-en-el-cielo-seguido-de-un-estruendo-que-asombro-a-los-vecinos-se-sintio-una-explosion\/\"> [&hellip;]<\/a><\/p>\n","protected":false},"author":2,"featured_media":33334,"comment_status":"open","ping_status":"open","sticky":false,"template":"","format":"standard","meta":{"footnotes":""},"categories":[1],"tags":[],"class_list":["post-33332","post","type-post","status-publish","format-standard","has-post-thumbnail","hentry","category-mza"],"rttpg_featured_image_url":{"full":["https:\/\/elfederalmendoza.com.ar\/wp-content\/uploads\/2024\/07\/bolido1.jpg",1637,909,false],"landscape":["https:\/\/elfederalmendoza.com.ar\/wp-content\/uploads\/2024\/07\/bolido1.jpg",1637,909,false],"portraits":["https:\/\/elfederalmendoza.com.ar\/wp-content\/uploads\/2024\/07\/bolido1.jpg",1637,909,false],"thumbnail":["https:\/\/elfederalmendoza.com.ar\/wp-content\/uploads\/2024\/07\/bolido1-150x150.jpg",150,150,true],"medium":["https:\/\/elfederalmendoza.com.ar\/wp-content\/uploads\/2024\/07\/bolido1-300x167.jpg",300,167,true],"large":["https:\/\/elfederalmendoza.com.ar\/wp-content\/uploads\/2024\/07\/bolido1-1024x569.jpg",640,356,true],"1536x1536":["https:\/\/elfederalmendoza.com.ar\/wp-content\/uploads\/2024\/07\/bolido1-1536x853.jpg",1536,853,true],"2048x2048":["https:\/\/elfederalmendoza.com.ar\/wp-content\/uploads\/2024\/07\/bolido1.jpg",1637,909,false],"ultp_layout_landscape_large":["https:\/\/elfederalmendoza.com.ar\/wp-content\/uploads\/2024\/07\/bolido1-1200x800.jpg",1200,800,true],"ultp_layout_landscape":["https:\/\/elfederalmendoza.com.ar\/wp-content\/uploads\/2024\/07\/bolido1-870x570.jpg",870,570,true],"ultp_layout_portrait":["https:\/\/elfederalmendoza.com.ar\/wp-content\/uploads\/2024\/07\/bolido1-600x900.jpg",600,900,true],"ultp_layout_square":["https:\/\/elfederalmendoza.com.ar\/wp-content\/uploads\/2024\/07\/bolido1-600x600.jpg",600,600,true],"rpwe-thumbnail":["https:\/\/elfederalmendoza.com.ar\/wp-content\/uploads\/2024\/07\/bolido1-45x45.jpg",45,45,true],"advps-thumb-one":["https:\/\/elfederalmendoza.com.ar\/wp-content\/uploads\/2024\/07\/bolido1-1200x420.jpg",1200,420,true]},"rttpg_author":{"display_name":"Redacci\u00f3n El Federal","author_link":"https:\/\/elfederalmendoza.com.ar\/index.php\/author\/angelflores\/"},"rttpg_comment":0,"rttpg_category":"<a href=\"https:\/\/elfederalmendoza.com.ar\/index.php\/category\/mza\/\" rel=\"category tag\">Mendoza<\/a>","rttpg_excerpt":"La noche de este mi\u00e9rcoles fue testigo de un espectacular evento astron\u00f3mico que dej\u00f3 a muchos residentes del&nbsp;Valle de Uco&nbsp;asombrados. Un&nbsp;b\u00f3lido&nbsp;atraves\u00f3 el cielo nocturno, creando un destello de luz y un&nbsp;estruendo que fue ampliamente percibido. En las redes sociales se multiplicaron los comentarios sobre el fen\u00f3meno,&nbsp;que ocurri\u00f3 aproximadamente a las 21.&nbsp;De acuerdo a testimonios de&hellip;","_links":{"self":[{"href":"https:\/\/elfederalmendoza.com.ar\/index.php\/wp-json\/wp\/v2\/posts\/33332","targetHints":{"allow":["GET"]}}],"collection":[{"href":"https:\/\/elfederalmendoza.com.ar\/index.php\/wp-json\/wp\/v2\/posts"}],"about":[{"href":"https:\/\/elfederalmendoza.com.ar\/index.php\/wp-json\/wp\/v2\/types\/post"}],"author":[{"embeddable":true,"href":"https:\/\/elfederalmendoza.com.ar\/index.php\/wp-json\/wp\/v2\/users\/2"}],"replies":[{"embeddable":true,"href":"https:\/\/elfederalmendoza.com.ar\/index.php\/wp-json\/wp\/v2\/comments?post=33332"}],"version-history":[{"count":1,"href":"https:\/\/elfederalmendoza.com.ar\/index.php\/wp-json\/wp\/v2\/posts\/33332\/revisions"}],"predecessor-version":[{"id":33335,"href":"https:\/\/elfederalmendoza.com.ar\/index.php\/wp-json\/wp\/v2\/posts\/33332\/revisions\/33335"}],"wp:featuredmedia":[{"embeddable":true,"href":"https:\/\/elfederalmendoza.com.ar\/index.php\/wp-json\/wp\/v2\/media\/33334"}],"wp:attachment":[{"href":"https:\/\/elfederalmendoza.com.ar\/index.php\/wp-json\/wp\/v2\/media?parent=33332"}],"wp:term":[{"taxonomy":"category","embeddable":true,"href":"https:\/\/elfederalmendoza.com.ar\/index.php\/wp-json\/wp\/v2\/categories?post=33332"},{"taxonomy":"post_tag","embeddable":true,"href":"https:\/\/elfederalmendoza.com.ar\/index.php\/wp-json\/wp\/v2\/tags?post=33332"}],"curies":[{"name":"wp","href":"https:\/\/api.w.org\/{rel}","templated":true}]}}