{"id":33343,"date":"2024-07-12T09:53:18","date_gmt":"2024-07-12T12:53:18","guid":{"rendered":"https:\/\/elfederalmendoza.com\/?p=33343"},"modified":"2024-07-12T09:53:20","modified_gmt":"2024-07-12T12:53:20","slug":"cuanto-gana-un-maestro-un-policia-y-un-medico-en-irlanda-el-pais-que-milei-elogia-como-modelo-economico","status":"publish","type":"post","link":"https:\/\/elfederalmendoza.com.ar\/index.php\/2024\/07\/12\/cuanto-gana-un-maestro-un-policia-y-un-medico-en-irlanda-el-pais-que-milei-elogia-como-modelo-economico\/","title":{"rendered":"Cu\u00e1nto gana un maestro, un polic\u00eda y un m\u00e9dico en Irlanda: el pa\u00eds que Milei elogia como modelo econ\u00f3mico"},"content":{"rendered":"\n<p>Hace un tiempo, el presidente argentino<strong>&nbsp;Javier Milei&nbsp;elogi\u00f3 el modelo econ\u00f3mico de Irlanda<\/strong> y declar\u00f3 que sue\u00f1a con que Argentina sea como el pa\u00eds europeo dentro de 45 a\u00f1os.<\/p>\n\n\n\n<p>\u201cEllos hicieron reformas y su PBI por habitante se ha m\u00e1s que sextuplicado en los \u00faltimos 30 a\u00f1os, me gustar\u00eda que la Argentina se parezca a Irlanda\u201d, hab\u00eda declarado Milei.<\/p>\n\n\n\n<p>En base a las declaraciones y el deseo del presidente Milei,\u00a0medios nacionales\u00a0hablaron con <strong>Ana Laura Cachaza<\/strong>, embajadora de Argentina en Irlanda.\u00a0<\/p>\n\n\n\n<figure class=\"wp-block-image size-large\"><img loading=\"lazy\" decoding=\"async\" width=\"1024\" height=\"753\" src=\"https:\/\/elfederalmendoza.com\/wp-content\/uploads\/2024\/07\/dublin-1-1024x753.jpg\" alt=\"\" class=\"wp-image-33350\" srcset=\"https:\/\/elfederalmendoza.com.ar\/wp-content\/uploads\/2024\/07\/dublin-1-1024x753.jpg 1024w, https:\/\/elfederalmendoza.com.ar\/wp-content\/uploads\/2024\/07\/dublin-1-300x221.jpg 300w, https:\/\/elfederalmendoza.com.ar\/wp-content\/uploads\/2024\/07\/dublin-1-768x565.jpg 768w, https:\/\/elfederalmendoza.com.ar\/wp-content\/uploads\/2024\/07\/dublin-1.jpg 1300w\" sizes=\"auto, (max-width: 1024px) 100vw, 1024px\" \/><\/figure>\n\n\n\n<p><a href=\"https:\/\/www.cadena3.com\/noticia\/nuevo-gobierno\/el-gobierno-anuncio-que-cerrara-dos-organismos-publicos-habra-900-despidos_383172\"><\/a><\/p>\n\n\n\n<p>Con respecto a la situaci\u00f3n hist\u00f3rica del pa\u00eds europeo, la embajadora explic\u00f3: \u201cReci\u00e9n este a\u00f1o Irlanda super\u00f3 los 5 millones de habitantes nuevamente. Lo hab\u00eda alcanzado antes de la hambruna en el siglo XIX. Este pa\u00eds tuvo \u00e9pocas muy dif\u00edciles con una emigraci\u00f3n muy importante\u201d<\/p>\n\n\n\n<p>\u201cLa comunidad argentina en Irlanda es de aproximadamente entre 5.000 y 6.000 personas, es bastante joven, la mayor\u00eda son profesionales. Muchos de ellos logran tener emprendimientos propios tras unos a\u00f1os ac\u00e1\u201d, declar\u00f3 al respecto de la situaci\u00f3n de los inmigrantes argentinos en aquel pa\u00eds.&nbsp;<\/p>\n\n\n\n<p>\u201cEn noviembre se lanz\u00f3 una red de emprendedores argentinos en Irlanda, les permite estar en contacto y aprender de las experiencias de los otros\u201d, destac\u00f3.<\/p>\n\n\n\n<figure class=\"wp-block-image size-large\"><img loading=\"lazy\" decoding=\"async\" width=\"1024\" height=\"683\" src=\"https:\/\/elfederalmendoza.com\/wp-content\/uploads\/2024\/07\/dublin1-1024x683.jpg\" alt=\"\" class=\"wp-image-33351\" srcset=\"https:\/\/elfederalmendoza.com.ar\/wp-content\/uploads\/2024\/07\/dublin1-1024x683.jpg 1024w, https:\/\/elfederalmendoza.com.ar\/wp-content\/uploads\/2024\/07\/dublin1-300x200.jpg 300w, https:\/\/elfederalmendoza.com.ar\/wp-content\/uploads\/2024\/07\/dublin1-768x512.jpg 768w, https:\/\/elfederalmendoza.com.ar\/wp-content\/uploads\/2024\/07\/dublin1-1536x1024.jpg 1536w, https:\/\/elfederalmendoza.com.ar\/wp-content\/uploads\/2024\/07\/dublin1-1200x800.jpg 1200w, https:\/\/elfederalmendoza.com.ar\/wp-content\/uploads\/2024\/07\/dublin1.jpg 1900w\" sizes=\"auto, (max-width: 1024px) 100vw, 1024px\" \/><\/figure>\n\n\n\n<p>\u201cIrlanda es un pa\u00eds muy desarrollado, es chico. En 1973 ingres\u00f3 a la Uni\u00f3n Europea, ese ingreso tuvo mucho que ver con el desarrollo\u201d, explic\u00f3 en relaci\u00f3n a la actualidad del pa\u00eds.<a href=\"https:\/\/www.cadena3.com\/noticia\/politica-y-economia\/milei-y-villarruel-buscan-bajar-las-tensiones-con-una-foto-conjunta_383164\"><\/a><\/p>\n\n\n\n<p>Adem\u00e1s, agreg\u00f3 que el pa\u00eds tiene impuestos bajos para la instalaci\u00f3n de empresas extranjeras, lo que hace que compa\u00f1\u00edas como Apple o Google est\u00e9n establecidas. Remarc\u00f3 que los ingresos de los irlandeses \u00abson altos\u00bb y que el nivel de vida es elevado y muy desarrollado. Tambi\u00e9n cont\u00f3 que est\u00e1n en una situaci\u00f3n \u00abde pleno empleo\u201d.<\/p>\n\n\n\n<p>Sobre c\u00f3mo ven los irlandeses al pa\u00eds y al nuevo gobierno de Milei, Cachaza declar\u00f3: \u201cComo todo el mundo hay much\u00edsima expectativa e inter\u00e9s con lo que pasa en Argentina. Irlanda tiene un v\u00ednculo con Argentina, la relaci\u00f3n bilateral es positiva\u201d.<\/p>\n\n\n\n<figure class=\"wp-block-image size-large\"><img loading=\"lazy\" decoding=\"async\" width=\"1024\" height=\"683\" src=\"https:\/\/elfederalmendoza.com\/wp-content\/uploads\/2024\/07\/dublin2-1024x683.jpg\" alt=\"\" class=\"wp-image-33352\" srcset=\"https:\/\/elfederalmendoza.com.ar\/wp-content\/uploads\/2024\/07\/dublin2-1024x683.jpg 1024w, https:\/\/elfederalmendoza.com.ar\/wp-content\/uploads\/2024\/07\/dublin2-300x200.jpg 300w, https:\/\/elfederalmendoza.com.ar\/wp-content\/uploads\/2024\/07\/dublin2-768x512.jpg 768w, https:\/\/elfederalmendoza.com.ar\/wp-content\/uploads\/2024\/07\/dublin2-1200x800.jpg 1200w, https:\/\/elfederalmendoza.com.ar\/wp-content\/uploads\/2024\/07\/dublin2.jpg 1300w\" sizes=\"auto, (max-width: 1024px) 100vw, 1024px\" \/><figcaption class=\"wp-element-caption\">Dublin,Ireland <\/figcaption><\/figure>\n\n\n\n<p>\u201cEs tradicional que los altos mandos de Irlanda pasen San Patricio en otros pa\u00edses. Este a\u00f1o el ministro de Estado para la Promoci\u00f3n del Comercio lo pas\u00f3 en Argentina, eso muestra el gran inter\u00e9s de Irlanda en nuestro pa\u00eds\u201d, cerr\u00f3.<\/p>\n\n\n\n<h2 class=\"wp-block-heading\"><strong>Cu\u00e1nto gana un maestro<\/strong><\/h2>\n\n\n\n<p>El salario de un maestro en Irlanda puede variar dependiendo de su experiencia, nivel educativo y la ubicaci\u00f3n geogr\u00e1fica. Seg\u00fan el Departamento de Educaci\u00f3n de Irlanda, los <strong>salarios iniciales <\/strong>para maestros calificados pueden oscilar entre 30,000 y 36,000 euros al a\u00f1o (entre 2.500 y 3.000 por mes). A medida que ganan experiencia y <strong>obtienen cualificaciones adicionales, sus salarios pueden aumentar significativamente.<\/strong><\/p>\n\n\n\n<figure class=\"wp-block-image size-large\"><img loading=\"lazy\" decoding=\"async\" width=\"1024\" height=\"505\" src=\"https:\/\/elfederalmendoza.com\/wp-content\/uploads\/2024\/07\/irlanda-1024x505.jpg\" alt=\"\" class=\"wp-image-33346\" srcset=\"https:\/\/elfederalmendoza.com.ar\/wp-content\/uploads\/2024\/07\/irlanda-1024x505.jpg 1024w, https:\/\/elfederalmendoza.com.ar\/wp-content\/uploads\/2024\/07\/irlanda-300x148.jpg 300w, https:\/\/elfederalmendoza.com.ar\/wp-content\/uploads\/2024\/07\/irlanda-768x379.jpg 768w, https:\/\/elfederalmendoza.com.ar\/wp-content\/uploads\/2024\/07\/irlanda.jpg 1146w\" sizes=\"auto, (max-width: 1024px) 100vw, 1024px\" \/><\/figure>\n\n\n\n<p>Adem\u00e1s del salario base, los maestros tambi\u00e9n pueden recibir bonificaciones por horas extra o responsabilidades adicionales. Es importante tener en cuenta que estos n\u00fameros son aproximados y las condiciones laborales espec\u00edficas pueden variar seg\u00fan la escuela o el distrito escolar.<\/p>\n\n\n\n<h2 class=\"wp-block-heading\"><strong>Cu\u00e1nto gana un polic\u00eda<\/strong><\/h2>\n\n\n\n<p>En Irlanda, el salario de un polic\u00eda (garda) var\u00eda seg\u00fan la experiencia y el rango. A partir de 2024, el sueldo inicial para un polic\u00eda en formaci\u00f3n es aproximadamente de 30,000 a 35,000 euros anuales (entre 2.500 y 3.000 por mes). <\/p>\n\n\n\n<figure class=\"wp-block-image size-large\"><img loading=\"lazy\" decoding=\"async\" width=\"1024\" height=\"597\" src=\"https:\/\/elfederalmendoza.com\/wp-content\/uploads\/2024\/07\/irlanda1-1024x597.jpg\" alt=\"\" class=\"wp-image-33347\" srcset=\"https:\/\/elfederalmendoza.com.ar\/wp-content\/uploads\/2024\/07\/irlanda1-1024x597.jpg 1024w, https:\/\/elfederalmendoza.com.ar\/wp-content\/uploads\/2024\/07\/irlanda1-300x175.jpg 300w, https:\/\/elfederalmendoza.com.ar\/wp-content\/uploads\/2024\/07\/irlanda1-768x448.jpg 768w, https:\/\/elfederalmendoza.com.ar\/wp-content\/uploads\/2024\/07\/irlanda1.jpg 1200w\" sizes=\"auto, (max-width: 1024px) 100vw, 1024px\" \/><\/figure>\n\n\n\n<p>Con la experiencia y el avance en la carrera, el salario puede aumentar a unos 50,000 a 60,000 euros al a\u00f1o para rangos m\u00e1s altos.<\/p>\n\n\n\n<h2 class=\"wp-block-heading\"><strong>Cu\u00e1nto gana un m\u00e9dico<\/strong><\/h2>\n\n\n\n<p>En Irlanda, el salario de un m\u00e9dico puede variar seg\u00fan la especialidad, el nivel de experiencia y el tipo de empleo (p\u00fablico o privado). A partir de 2024, el sueldo de un m\u00e9dico general en el sector p\u00fablico puede estar entre 60,000 y 90,000 euros anuales (entre 5.000 y 7.500 por mes). <\/p>\n\n\n\n<figure class=\"wp-block-image size-full is-resized\"><img loading=\"lazy\" decoding=\"async\" width=\"699\" height=\"465\" src=\"https:\/\/elfederalmendoza.com\/wp-content\/uploads\/2024\/07\/irlanda2.jpg\" alt=\"\" class=\"wp-image-33349\" style=\"width:840px;height:auto\" srcset=\"https:\/\/elfederalmendoza.com.ar\/wp-content\/uploads\/2024\/07\/irlanda2.jpg 699w, https:\/\/elfederalmendoza.com.ar\/wp-content\/uploads\/2024\/07\/irlanda2-300x200.jpg 300w\" sizes=\"auto, (max-width: 699px) 100vw, 699px\" \/><\/figure>\n\n\n\n<p>Los m\u00e9dicos especialistas, especialmente aquellos con m\u00e1s experiencia, pueden ganar entre 100,000 y 150,000 euros al a\u00f1o o m\u00e1s. Los salarios en el sector privado pueden ser m\u00e1s altos, dependiendo del acuerdo y la demanda.<\/p>\n","protected":false},"excerpt":{"rendered":"<p>Hace un tiempo, el presidente argentino&nbsp;Javier Milei&nbsp;elogi\u00f3 el modelo econ\u00f3mico de Irlanda y declar\u00f3 que sue\u00f1a con que Argentina sea como el pa\u00eds europeo dentro de 45 a\u00f1os. \u201cEllos hicieron reformas y su PBI por habitante se ha m\u00e1s que sextuplicado en los \u00faltimos 30 a\u00f1os, me gustar\u00eda que la Argentina se parezca a Irlanda\u201d,<a class=\"read-more\" href=\"https:\/\/elfederalmendoza.com.ar\/index.php\/2024\/07\/12\/cuanto-gana-un-maestro-un-policia-y-un-medico-en-irlanda-el-pais-que-milei-elogia-como-modelo-economico\/\"> [&hellip;]<\/a><\/p>\n","protected":false},"author":2,"featured_media":33353,"comment_status":"open","ping_status":"open","sticky":false,"template":"","format":"standard","meta":{"footnotes":""},"categories":[5618],"tags":[],"class_list":["post-33343","post","type-post","status-publish","format-standard","has-post-thumbnail","hentry","category-arg"],"rttpg_featured_image_url":{"full":["https:\/\/elfederalmendoza.com.ar\/wp-content\/uploads\/2024\/07\/dublin3.jpg",1304,866,false],"landscape":["https:\/\/elfederalmendoza.com.ar\/wp-content\/uploads\/2024\/07\/dublin3.jpg",1304,866,false],"portraits":["https:\/\/elfederalmendoza.com.ar\/wp-content\/uploads\/2024\/07\/dublin3.jpg",1304,866,false],"thumbnail":["https:\/\/elfederalmendoza.com.ar\/wp-content\/uploads\/2024\/07\/dublin3-150x150.jpg",150,150,true],"medium":["https:\/\/elfederalmendoza.com.ar\/wp-content\/uploads\/2024\/07\/dublin3-300x199.jpg",300,199,true],"large":["https:\/\/elfederalmendoza.com.ar\/wp-content\/uploads\/2024\/07\/dublin3-1024x680.jpg",640,425,true],"1536x1536":["https:\/\/elfederalmendoza.com.ar\/wp-content\/uploads\/2024\/07\/dublin3.jpg",1304,866,false],"2048x2048":["https:\/\/elfederalmendoza.com.ar\/wp-content\/uploads\/2024\/07\/dublin3.jpg",1304,866,false],"ultp_layout_landscape_large":["https:\/\/elfederalmendoza.com.ar\/wp-content\/uploads\/2024\/07\/dublin3-1200x800.jpg",1200,800,true],"ultp_layout_landscape":["https:\/\/elfederalmendoza.com.ar\/wp-content\/uploads\/2024\/07\/dublin3-870x570.jpg",870,570,true],"ultp_layout_portrait":["https:\/\/elfederalmendoza.com.ar\/wp-content\/uploads\/2024\/07\/dublin3-600x866.jpg",600,866,true],"ultp_layout_square":["https:\/\/elfederalmendoza.com.ar\/wp-content\/uploads\/2024\/07\/dublin3-600x600.jpg",600,600,true],"rpwe-thumbnail":["https:\/\/elfederalmendoza.com.ar\/wp-content\/uploads\/2024\/07\/dublin3-45x45.jpg",45,45,true],"advps-thumb-one":["https:\/\/elfederalmendoza.com.ar\/wp-content\/uploads\/2024\/07\/dublin3-1200x420.jpg",1200,420,true]},"rttpg_author":{"display_name":"Redacci\u00f3n El Federal","author_link":"https:\/\/elfederalmendoza.com.ar\/index.php\/author\/angelflores\/"},"rttpg_comment":0,"rttpg_category":"<a href=\"https:\/\/elfederalmendoza.com.ar\/index.php\/category\/arg\/\" rel=\"category tag\">Argentina<\/a>","rttpg_excerpt":"Hace un tiempo, el presidente argentino&nbsp;Javier Milei&nbsp;elogi\u00f3 el modelo econ\u00f3mico de Irlanda y declar\u00f3 que sue\u00f1a con que Argentina sea como el pa\u00eds europeo dentro de 45 a\u00f1os. \u201cEllos hicieron reformas y su PBI por habitante se ha m\u00e1s que sextuplicado en los \u00faltimos 30 a\u00f1os, me gustar\u00eda que la Argentina se parezca a Irlanda\u201d,&hellip;","_links":{"self":[{"href":"https:\/\/elfederalmendoza.com.ar\/index.php\/wp-json\/wp\/v2\/posts\/33343","targetHints":{"allow":["GET"]}}],"collection":[{"href":"https:\/\/elfederalmendoza.com.ar\/index.php\/wp-json\/wp\/v2\/posts"}],"about":[{"href":"https:\/\/elfederalmendoza.com.ar\/index.php\/wp-json\/wp\/v2\/types\/post"}],"author":[{"embeddable":true,"href":"https:\/\/elfederalmendoza.com.ar\/index.php\/wp-json\/wp\/v2\/users\/2"}],"replies":[{"embeddable":true,"href":"https:\/\/elfederalmendoza.com.ar\/index.php\/wp-json\/wp\/v2\/comments?post=33343"}],"version-history":[{"count":2,"href":"https:\/\/elfederalmendoza.com.ar\/index.php\/wp-json\/wp\/v2\/posts\/33343\/revisions"}],"predecessor-version":[{"id":33354,"href":"https:\/\/elfederalmendoza.com.ar\/index.php\/wp-json\/wp\/v2\/posts\/33343\/revisions\/33354"}],"wp:featuredmedia":[{"embeddable":true,"href":"https:\/\/elfederalmendoza.com.ar\/index.php\/wp-json\/wp\/v2\/media\/33353"}],"wp:attachment":[{"href":"https:\/\/elfederalmendoza.com.ar\/index.php\/wp-json\/wp\/v2\/media?parent=33343"}],"wp:term":[{"taxonomy":"category","embeddable":true,"href":"https:\/\/elfederalmendoza.com.ar\/index.php\/wp-json\/wp\/v2\/categories?post=33343"},{"taxonomy":"post_tag","embeddable":true,"href":"https:\/\/elfederalmendoza.com.ar\/index.php\/wp-json\/wp\/v2\/tags?post=33343"}],"curies":[{"name":"wp","href":"https:\/\/api.w.org\/{rel}","templated":true}]}}