{"id":33356,"date":"2024-07-12T12:37:55","date_gmt":"2024-07-12T15:37:55","guid":{"rendered":"https:\/\/elfederalmendoza.com\/?p=33356"},"modified":"2024-07-12T12:37:57","modified_gmt":"2024-07-12T15:37:57","slug":"imputaron-a-los-dos-rugbiers-franceses-por-abuso-sexual","status":"publish","type":"post","link":"https:\/\/elfederalmendoza.com.ar\/index.php\/2024\/07\/12\/imputaron-a-los-dos-rugbiers-franceses-por-abuso-sexual\/","title":{"rendered":"Imputaron a los dos rugbiers franceses por abuso sexual"},"content":{"rendered":"\n<p>Este jueves en la noche llegaron a Mendoza y este viernes fueron imputados formalmente por abuso sexual con acceso carnal agravado.<\/p>\n\n\n\n<p>Este viernes, l<strong>a Unidad Fiscal de Delitos Contra la Integridad Sexual\u00a0<\/strong>de Mendoza, a trav\u00e9s de la fiscal subrogante, la doctora Cecilia Bignert, imput\u00f3 formalmente a los rugbiers franceses.<\/p>\n\n\n\n<p>Los dos\u00a0<strong>rugbiers franceses<\/strong>,\u00a0<strong>Oscar Jegou<\/strong>\u00a0(21) y\u00a0<strong>Hugo Auradou\u00a0<\/strong>(20), llegaron este jueves por la noche a la provincia de\u00a0<strong>Mendoza\u00a0<\/strong>y\u00a0son investigados por el Ministerio P\u00fablico Fiscal de Mendoza por el delito de\u00a0<strong>abuso sexual con acceso carnal\u00a0<\/strong>agravado por la participaci\u00f3n de dos personas.\u00a0<\/p>\n\n\n\n<figure class=\"wp-block-image\"><img decoding=\"async\" src=\"https:\/\/www.mendozapost.com\/files\/image\/582\/582409\/669128410c713_570_340!.jpg?s=7fd88c7434a4adb33177e0ac2ec8c25f&amp;d=1720796002\" alt=\"\"\/><figcaption class=\"wp-element-caption\">Los rugbiers llegaron en la noche de este jueves a Mendoza.<\/figcaption><\/figure>\n\n\n\n<p>Adem\u00e1s, se indic\u00f3 que los ciudadanos optaron por no prestar declaraci\u00f3n y escucharon la imputaci\u00f3n.&nbsp;<\/p>\n\n\n\n<p>La causa continuar\u00e1 siendo investigada por el doctor Dar\u00edo Nora y los ciudadanos franceses continuar\u00e1n detenidos, mientras la defensa pidi\u00f3 la detenci\u00f3n domiciliara.<\/p>\n\n\n\n<p>Los dos jugadores de la selecci\u00f3n francesa de rugby, llegaron a la provincia de este jueves y este viernes fueron imputados por el abuso sexual que denunci\u00f3 una mujer el \u00faltimo fin de semana en un hotel cinco estrellas de Ciudad, luego de vencer a\u00a0<strong>Los Pumas en un amistoso en el estadio Malvinas Argentinas<\/strong>.<\/p>\n\n\n\n<figure class=\"wp-block-image\"><img decoding=\"async\" src=\"https:\/\/www.mendozapost.com\/files\/image\/582\/582413\/66912865155b6_570_376!.jpg?s=c15001fd9a4d191b782b5e31ea27f4de&amp;d=1720789095\" alt=\"\"\/><figcaption class=\"wp-element-caption\">El abogado defensor Rafael C\u00faneo Libarona.<\/figcaption><\/figure>\n\n\n\n<p><strong>Seg\u00fan pudo saber el Post, la denunciante tuvo una fuerte baja de presi\u00f3n y se descompens\u00f3<\/strong>\u00a0al recibir los resultados de una tomograf\u00eda en el hospital, que evidenciar\u00edan las lesiones denunciadas. La mujer de 39 a\u00f1os quedar\u00e1 en observaci\u00f3n y podr\u00eda permanecer en el nosocomio por las pr\u00f3ximas 24 horas.<\/p>\n","protected":false},"excerpt":{"rendered":"<p>Este jueves en la noche llegaron a Mendoza y este viernes fueron imputados formalmente por abuso sexual con acceso carnal agravado. Este viernes, la Unidad Fiscal de Delitos Contra la Integridad Sexual\u00a0de Mendoza, a trav\u00e9s de la fiscal subrogante, la doctora Cecilia Bignert, imput\u00f3 formalmente a los rugbiers franceses. Los dos\u00a0rugbiers franceses,\u00a0Oscar Jegou\u00a0(21) y\u00a0Hugo Auradou\u00a0(20),<a class=\"read-more\" href=\"https:\/\/elfederalmendoza.com.ar\/index.php\/2024\/07\/12\/imputaron-a-los-dos-rugbiers-franceses-por-abuso-sexual\/\"> [&hellip;]<\/a><\/p>\n","protected":false},"author":2,"featured_media":33358,"comment_status":"open","ping_status":"open","sticky":false,"template":"","format":"standard","meta":{"footnotes":""},"categories":[1],"tags":[],"class_list":["post-33356","post","type-post","status-publish","format-standard","has-post-thumbnail","hentry","category-mza"],"rttpg_featured_image_url":{"full":["https:\/\/elfederalmendoza.com.ar\/wp-content\/uploads\/2024\/07\/imputados.jpg",1315,764,false],"landscape":["https:\/\/elfederalmendoza.com.ar\/wp-content\/uploads\/2024\/07\/imputados.jpg",1315,764,false],"portraits":["https:\/\/elfederalmendoza.com.ar\/wp-content\/uploads\/2024\/07\/imputados.jpg",1315,764,false],"thumbnail":["https:\/\/elfederalmendoza.com.ar\/wp-content\/uploads\/2024\/07\/imputados-150x150.jpg",150,150,true],"medium":["https:\/\/elfederalmendoza.com.ar\/wp-content\/uploads\/2024\/07\/imputados-300x174.jpg",300,174,true],"large":["https:\/\/elfederalmendoza.com.ar\/wp-content\/uploads\/2024\/07\/imputados-1024x595.jpg",640,372,true],"1536x1536":["https:\/\/elfederalmendoza.com.ar\/wp-content\/uploads\/2024\/07\/imputados.jpg",1315,764,false],"2048x2048":["https:\/\/elfederalmendoza.com.ar\/wp-content\/uploads\/2024\/07\/imputados.jpg",1315,764,false],"ultp_layout_landscape_large":["https:\/\/elfederalmendoza.com.ar\/wp-content\/uploads\/2024\/07\/imputados-1200x764.jpg",1200,764,true],"ultp_layout_landscape":["https:\/\/elfederalmendoza.com.ar\/wp-content\/uploads\/2024\/07\/imputados-870x570.jpg",870,570,true],"ultp_layout_portrait":["https:\/\/elfederalmendoza.com.ar\/wp-content\/uploads\/2024\/07\/imputados-600x764.jpg",600,764,true],"ultp_layout_square":["https:\/\/elfederalmendoza.com.ar\/wp-content\/uploads\/2024\/07\/imputados-600x600.jpg",600,600,true],"rpwe-thumbnail":["https:\/\/elfederalmendoza.com.ar\/wp-content\/uploads\/2024\/07\/imputados-45x45.jpg",45,45,true],"advps-thumb-one":["https:\/\/elfederalmendoza.com.ar\/wp-content\/uploads\/2024\/07\/imputados-1200x420.jpg",1200,420,true]},"rttpg_author":{"display_name":"Redacci\u00f3n El Federal","author_link":"https:\/\/elfederalmendoza.com.ar\/index.php\/author\/angelflores\/"},"rttpg_comment":0,"rttpg_category":"<a href=\"https:\/\/elfederalmendoza.com.ar\/index.php\/category\/mza\/\" rel=\"category tag\">Mendoza<\/a>","rttpg_excerpt":"Este jueves en la noche llegaron a Mendoza y este viernes fueron imputados formalmente por abuso sexual con acceso carnal agravado. Este viernes, la Unidad Fiscal de Delitos Contra la Integridad Sexual\u00a0de Mendoza, a trav\u00e9s de la fiscal subrogante, la doctora Cecilia Bignert, imput\u00f3 formalmente a los rugbiers franceses. Los dos\u00a0rugbiers franceses,\u00a0Oscar Jegou\u00a0(21) y\u00a0Hugo Auradou\u00a0(20),&hellip;","_links":{"self":[{"href":"https:\/\/elfederalmendoza.com.ar\/index.php\/wp-json\/wp\/v2\/posts\/33356","targetHints":{"allow":["GET"]}}],"collection":[{"href":"https:\/\/elfederalmendoza.com.ar\/index.php\/wp-json\/wp\/v2\/posts"}],"about":[{"href":"https:\/\/elfederalmendoza.com.ar\/index.php\/wp-json\/wp\/v2\/types\/post"}],"author":[{"embeddable":true,"href":"https:\/\/elfederalmendoza.com.ar\/index.php\/wp-json\/wp\/v2\/users\/2"}],"replies":[{"embeddable":true,"href":"https:\/\/elfederalmendoza.com.ar\/index.php\/wp-json\/wp\/v2\/comments?post=33356"}],"version-history":[{"count":2,"href":"https:\/\/elfederalmendoza.com.ar\/index.php\/wp-json\/wp\/v2\/posts\/33356\/revisions"}],"predecessor-version":[{"id":33360,"href":"https:\/\/elfederalmendoza.com.ar\/index.php\/wp-json\/wp\/v2\/posts\/33356\/revisions\/33360"}],"wp:featuredmedia":[{"embeddable":true,"href":"https:\/\/elfederalmendoza.com.ar\/index.php\/wp-json\/wp\/v2\/media\/33358"}],"wp:attachment":[{"href":"https:\/\/elfederalmendoza.com.ar\/index.php\/wp-json\/wp\/v2\/media?parent=33356"}],"wp:term":[{"taxonomy":"category","embeddable":true,"href":"https:\/\/elfederalmendoza.com.ar\/index.php\/wp-json\/wp\/v2\/categories?post=33356"},{"taxonomy":"post_tag","embeddable":true,"href":"https:\/\/elfederalmendoza.com.ar\/index.php\/wp-json\/wp\/v2\/tags?post=33356"}],"curies":[{"name":"wp","href":"https:\/\/api.w.org\/{rel}","templated":true}]}}