{"id":33362,"date":"2024-07-12T20:07:18","date_gmt":"2024-07-12T23:07:18","guid":{"rendered":"https:\/\/elfederalmendoza.com\/?p=33362"},"modified":"2024-07-12T20:07:45","modified_gmt":"2024-07-12T23:07:45","slug":"se-agravo-la-salud-de-la-mujer-que-denuncio-a-los-dos-rugbiers-franceses-por-abuso-sexual","status":"publish","type":"post","link":"https:\/\/elfederalmendoza.com.ar\/index.php\/2024\/07\/12\/se-agravo-la-salud-de-la-mujer-que-denuncio-a-los-dos-rugbiers-franceses-por-abuso-sexual\/","title":{"rendered":"Se agrav\u00f3 la salud de la mujer que denunci\u00f3 a los dos rugbiers franceses por abuso sexual"},"content":{"rendered":"\n<p>La mujer que denunci\u00f3 por\u00a0<strong>abuso sexual\u00a0<\/strong>a los\u00a0<strong>rugbiers franceses Hugo Auradou (20) y Oscar Jegou (21)<\/strong>,\u00a0contin\u00faa internada en un centro asistencial producto de su estado de salud agravado por la ingesta de calmantes. Seg\u00fan refirieron sus abogados, la v\u00edctima tiene una<strong>\u00a0\u00falcera<\/strong>\u00a0ocasionada por la fuerte medicaci\u00f3n que toma para estabilizar su cuadro emocional.<\/p>\n\n\n\n<blockquote class=\"wp-block-quote is-layout-flow wp-block-quote-is-layout-flow\">\n<p><strong>La denunciante, de 39 a\u00f1os, presenta varias lesiones en el rostro, en la cabeza y en uno de sus ojos por lo que debe estar sedada para soportar los dolores, seg\u00fan contaron los letrados<\/strong><\/p>\n<\/blockquote>\n\n\n\n<p>Estas contusiones habr\u00edan sido causadas por los dos&nbsp;<strong>rugbiers&nbsp;<\/strong>imputados por&nbsp;<strong>abuso sexual con acceso carnal agravado,&nbsp;<\/strong>ocurrido la madrugada del domingo 7 de julio, en una habitaci\u00f3n del Hotel Diplomatic, en donde se hospedaban los deportistas del Seleccionado nacional de Francia.<\/p>\n\n\n\n<figure class=\"wp-block-image\"><img decoding=\"async\" src=\"https:\/\/media.diariouno.com.ar\/p\/6dee4f67ec3c83ab483ba3e1dd46e2c2\/adjuntos\/298\/imagenes\/009\/368\/0009368853\/1200x0\/smart\/abogados-natacha-romano-y-mauricio-cardello-denuncia-rugbiers-francesesjpeg.jpeg\" alt=\"Natacha Romano y Mauricio Cardello son los abogados de la v\u00edctima que denunci\u00f3 a los rugbiers franceses.\" title=\"Natacha Romano y Mauricio Cardello son los abogados de la v\u00edctima que denunci\u00f3 a los rugbiers franceses.\"\/><\/figure>\n\n\n\n<p>Natacha Romano y Mauricio Cardello son los abogados de la v\u00edctima que denunci\u00f3 a los rugbiers franceses.<\/p>\n\n\n\n<h2 class=\"wp-block-heading\">La denuncia del ataque de los rugbiers<\/h2>\n\n\n\n<p>Seg\u00fan relat\u00f3 en la denuncia realizada el mismo domingo de la supuesta agresi\u00f3n sexual, ella fue atacada por&nbsp;<strong>Hugo Auradou&nbsp;<\/strong>ya en la habitaci\u00f3n 603 del hotel cinco estrellas de Ciudad y&nbsp;<strong>obligada a mantener relaciones sexuales sin protecci\u00f3n<\/strong>. El joven la habr\u00eda violentado y atacado para mantener intimidad mediante golpes e incluso sufri\u00f3 un principio de asfixia que le provoc\u00f3 un desmayo.<\/p>\n\n\n\n<p>Luego, se habr\u00eda incorporado&nbsp;<strong>Oscar Jegou,<\/strong>&nbsp;quien tiene la misma imputaci\u00f3n, aunque la participaci\u00f3n activa recaer\u00eda en Hugo, a quien habr\u00eda conocido en un boliche, antes de los hechos denunciados. As\u00ed lo refiri\u00f3 Mauricio Cardello, uno de los querellantes.<\/p>\n\n\n\n<figure class=\"wp-block-image\"><img decoding=\"async\" src=\"https:\/\/media.diariouno.com.ar\/p\/85ba1b69bcb745e1797df629d46ecef2\/adjuntos\/298\/imagenes\/007\/921\/0007921364\/diplomatic-hoteljpg.jpg\" alt=\"El abuso sexual se habr\u00eda producido en una habitaci\u00f3n del hotel Dipolmatic el pasado domingo a la madrugada, luego de que uno de los agresores habr\u00edan conocido a la mujer en un boliche.\" title=\"El abuso sexual se habr\u00eda producido en una habitaci\u00f3n del hotel Dipolmatic el pasado domingo a la madrugada, luego de que uno de los agresores habr\u00edan conocido a la mujer en un boliche.\"\/><\/figure>\n\n\n\n<p>El abuso sexual se habr\u00eda producido en una habitaci\u00f3n del hotel Diplomatic el pasado domingo a la madrugada, luego de que uno de los agresores habr\u00edan conocido a la mujer en un boliche.<\/p>\n\n\n\n<p>\u00abHoy estamos centrados en su recuperaci\u00f3n y<strong>&nbsp;faltan un mont\u00f3n de pruebas<\/strong>&nbsp;como el an\u00e1lisis de ADN de las prendas de la v\u00edctima, al igual que la pericia psicol\u00f3gica. Todav\u00eda no sabemos cu\u00e1ndo va a estar en condiciones psicol\u00f3gicas porque mantiene un&nbsp;<strong>fuerte<\/strong>&nbsp;<strong>shock<\/strong>&nbsp;por todo lo vivido\u00bb, dijo a UNO Cardello.<\/p>\n\n\n\n<p>Mientras avanza la investigaci\u00f3n, los dos rugbiers franceses continuar\u00e1n en Estrada, el centro de detenci\u00f3n m\u00e1s nuevo que tiene el sistema penitenciario de Mendoza y que por sus condiciones con reos que tienen una permanencia transitaria, es m\u00e1s seguro que cualquier otro penal.<\/p>\n\n\n\n<p>Todav\u00eda&nbsp;<strong>no hay fecha de audiencia de prisi\u00f3n preventiva,<\/strong>&nbsp;por lo que se espera que los extranjeros permanezcan en este lugar por un tiempo m\u00e1s e incluso que se les permita ser visitados por sus familias que est\u00e1n por llegar a Mendoza.<\/p>\n\n\n\n<h2 class=\"wp-block-heading\"><strong>\u00abMe mordieron, me asfixiaron y me abusaron\u00bb<\/strong><\/h2>\n\n\n\n<p>La mujer que puso en el centro de un esc\u00e1ndalo internacional a dos promesas del rugby franc\u00e9s dio un<strong>&nbsp;relato estremecedor<\/strong>&nbsp;a la Fiscal\u00eda de Delitos Sexuales.<\/p>\n\n\n\n<p>Las<strong>&nbsp;lesiones<\/strong>&nbsp;que presentaba y que quedaron documentadas en el&nbsp;<strong>Cuerpo M\u00e9dico Forense<\/strong>&nbsp;fueron m\u00e1s que contundentes para que se librara un pedido de detenci\u00f3n a Buenos Aires, donde estaban los galos para un pr\u00f3ximo partido en Uruguay.<\/p>\n\n\n\n<p>All\u00ed se produjo el lunes pasado la captura de los dos sospechosos, quienes no opusieron resistencia y quedaron alojados en una sede de la Interpol.<\/p>\n\n\n\n<p>En la g\u00e9lida noche de este jueves y pasadas las 23 arribaron a la provincia tras un largo viaje en veh\u00edculo, acompa\u00f1ados por una comitiva de la Polic\u00eda.<\/p>\n\n\n\n<p>El ingreso de los rugbiers al centro de detenci\u00f3n Estrada se realiz\u00f3 bajo la mirada atenta de la prensa de Mendoza, del pa\u00eds y corresponsales de Francia, que llegaron para hacer esta cobertura minuto a minuto.<\/p>\n\n\n\n<p>Reci\u00e9n este viernes se los imput\u00f3 y los j\u00f3venes prefirieron guardar silencio, como los asiste el derecho en estos casos.<\/p>\n\n\n\n<p>Diario UNO<\/p>\n","protected":false},"excerpt":{"rendered":"<p>La mujer que denunci\u00f3 por\u00a0abuso sexual\u00a0a los\u00a0rugbiers franceses Hugo Auradou (20) y Oscar Jegou (21),\u00a0contin\u00faa internada en un centro asistencial producto de su estado de salud agravado por la ingesta de calmantes. Seg\u00fan refirieron sus abogados, la v\u00edctima tiene una\u00a0\u00falcera\u00a0ocasionada por la fuerte medicaci\u00f3n que toma para estabilizar su cuadro emocional. La denunciante, de 39<a class=\"read-more\" href=\"https:\/\/elfederalmendoza.com.ar\/index.php\/2024\/07\/12\/se-agravo-la-salud-de-la-mujer-que-denuncio-a-los-dos-rugbiers-franceses-por-abuso-sexual\/\"> [&hellip;]<\/a><\/p>\n","protected":false},"author":2,"featured_media":33364,"comment_status":"open","ping_status":"open","sticky":false,"template":"","format":"standard","meta":{"footnotes":""},"categories":[1],"tags":[],"class_list":["post-33362","post","type-post","status-publish","format-standard","has-post-thumbnail","hentry","category-mza"],"rttpg_featured_image_url":{"full":["https:\/\/elfederalmendoza.com.ar\/wp-content\/uploads\/2024\/07\/RUGBY.jpg",1455,824,false],"landscape":["https:\/\/elfederalmendoza.com.ar\/wp-content\/uploads\/2024\/07\/RUGBY.jpg",1455,824,false],"portraits":["https:\/\/elfederalmendoza.com.ar\/wp-content\/uploads\/2024\/07\/RUGBY.jpg",1455,824,false],"thumbnail":["https:\/\/elfederalmendoza.com.ar\/wp-content\/uploads\/2024\/07\/RUGBY-150x150.jpg",150,150,true],"medium":["https:\/\/elfederalmendoza.com.ar\/wp-content\/uploads\/2024\/07\/RUGBY-300x170.jpg",300,170,true],"large":["https:\/\/elfederalmendoza.com.ar\/wp-content\/uploads\/2024\/07\/RUGBY-1024x580.jpg",640,363,true],"1536x1536":["https:\/\/elfederalmendoza.com.ar\/wp-content\/uploads\/2024\/07\/RUGBY.jpg",1455,824,false],"2048x2048":["https:\/\/elfederalmendoza.com.ar\/wp-content\/uploads\/2024\/07\/RUGBY.jpg",1455,824,false],"ultp_layout_landscape_large":["https:\/\/elfederalmendoza.com.ar\/wp-content\/uploads\/2024\/07\/RUGBY-1200x800.jpg",1200,800,true],"ultp_layout_landscape":["https:\/\/elfederalmendoza.com.ar\/wp-content\/uploads\/2024\/07\/RUGBY-870x570.jpg",870,570,true],"ultp_layout_portrait":["https:\/\/elfederalmendoza.com.ar\/wp-content\/uploads\/2024\/07\/RUGBY-600x824.jpg",600,824,true],"ultp_layout_square":["https:\/\/elfederalmendoza.com.ar\/wp-content\/uploads\/2024\/07\/RUGBY-600x600.jpg",600,600,true],"rpwe-thumbnail":["https:\/\/elfederalmendoza.com.ar\/wp-content\/uploads\/2024\/07\/RUGBY-45x45.jpg",45,45,true],"advps-thumb-one":["https:\/\/elfederalmendoza.com.ar\/wp-content\/uploads\/2024\/07\/RUGBY-1200x420.jpg",1200,420,true]},"rttpg_author":{"display_name":"Redacci\u00f3n El Federal","author_link":"https:\/\/elfederalmendoza.com.ar\/index.php\/author\/angelflores\/"},"rttpg_comment":0,"rttpg_category":"<a href=\"https:\/\/elfederalmendoza.com.ar\/index.php\/category\/mza\/\" rel=\"category tag\">Mendoza<\/a>","rttpg_excerpt":"La mujer que denunci\u00f3 por\u00a0abuso sexual\u00a0a los\u00a0rugbiers franceses Hugo Auradou (20) y Oscar Jegou (21),\u00a0contin\u00faa internada en un centro asistencial producto de su estado de salud agravado por la ingesta de calmantes. Seg\u00fan refirieron sus abogados, la v\u00edctima tiene una\u00a0\u00falcera\u00a0ocasionada por la fuerte medicaci\u00f3n que toma para estabilizar su cuadro emocional. La denunciante, de 39&hellip;","_links":{"self":[{"href":"https:\/\/elfederalmendoza.com.ar\/index.php\/wp-json\/wp\/v2\/posts\/33362","targetHints":{"allow":["GET"]}}],"collection":[{"href":"https:\/\/elfederalmendoza.com.ar\/index.php\/wp-json\/wp\/v2\/posts"}],"about":[{"href":"https:\/\/elfederalmendoza.com.ar\/index.php\/wp-json\/wp\/v2\/types\/post"}],"author":[{"embeddable":true,"href":"https:\/\/elfederalmendoza.com.ar\/index.php\/wp-json\/wp\/v2\/users\/2"}],"replies":[{"embeddable":true,"href":"https:\/\/elfederalmendoza.com.ar\/index.php\/wp-json\/wp\/v2\/comments?post=33362"}],"version-history":[{"count":1,"href":"https:\/\/elfederalmendoza.com.ar\/index.php\/wp-json\/wp\/v2\/posts\/33362\/revisions"}],"predecessor-version":[{"id":33365,"href":"https:\/\/elfederalmendoza.com.ar\/index.php\/wp-json\/wp\/v2\/posts\/33362\/revisions\/33365"}],"wp:featuredmedia":[{"embeddable":true,"href":"https:\/\/elfederalmendoza.com.ar\/index.php\/wp-json\/wp\/v2\/media\/33364"}],"wp:attachment":[{"href":"https:\/\/elfederalmendoza.com.ar\/index.php\/wp-json\/wp\/v2\/media?parent=33362"}],"wp:term":[{"taxonomy":"category","embeddable":true,"href":"https:\/\/elfederalmendoza.com.ar\/index.php\/wp-json\/wp\/v2\/categories?post=33362"},{"taxonomy":"post_tag","embeddable":true,"href":"https:\/\/elfederalmendoza.com.ar\/index.php\/wp-json\/wp\/v2\/tags?post=33362"}],"curies":[{"name":"wp","href":"https:\/\/api.w.org\/{rel}","templated":true}]}}