{"id":33368,"date":"2024-07-16T10:26:36","date_gmt":"2024-07-16T13:26:36","guid":{"rendered":"https:\/\/elfederalmendoza.com\/?p=33368"},"modified":"2024-07-16T10:26:38","modified_gmt":"2024-07-16T13:26:38","slug":"liberaron-al-creador-de-futbol-libre-y-aparecio-la-primera-foto-de-su-rostro","status":"publish","type":"post","link":"https:\/\/elfederalmendoza.com.ar\/index.php\/2024\/07\/16\/liberaron-al-creador-de-futbol-libre-y-aparecio-la-primera-foto-de-su-rostro\/","title":{"rendered":"Liberaron al creador de F\u00fatbol Libre y apareci\u00f3 la primera foto de su rostro"},"content":{"rendered":"\n<p>El joven de 23 a\u00f1os fue se\u00f1alado como el hacker detr\u00e1s de la plataforma. Su abogado celebr\u00f3 que podr\u00e1 regresar a Mendoza, su provincia.<\/p>\n\n\n\n<p><strong>Despu\u00e9s de ser apresado y trasladado a Buenos Aires, este lunes por la tarde fue liberado el joven de 23 a\u00f1os que fue acusado de ser el creador de la plataforma \u201cF\u00fatbol Libre\u201d.<\/strong>\u00a0<strong>Fue el abogado defensor del supuesto hacker, Fernando Madeo Facente, quien dio a conocer la noticia, la celebr\u00f3 y mostr\u00f3 la primera foto de su defendido.<\/strong>\u00a0Seg\u00fan inform\u00f3, el joven podr\u00e1 regresar\u00e1 a Mendoza, su provincia.<\/p>\n\n\n\n<p>Luego de que el Juzgado de Garant\u00edas N\u00b04 del departamento judicial de San Isidro hiciera lugar al pedido de excarcelaci\u00f3n solicitado por la defensa, fue su propio abogado, Fernando&nbsp;Madeo Facente quien comparti\u00f3 la imagen de Ezequiel, en libertad junto a su madre.<\/p>\n\n\n\n<p>\u201cCASO F\u00daTBOL LIBRE | LO LOGRAMOS: \u00a1EZEQUIEL EN LIBERTAD!\u00a0En el d\u00eda de la fecha, el Juzgado de Garant\u00edas n\u00b04 del departamento judicial de San Isidro hizo lugar al pedido de excarcelaci\u00f3n solicitado por esta parte y Ezequiel volver\u00e1 con su familia a su Mendoza natal.\u00a0Gracias a todos por su apoyo, y continuaremos peleando por su inocencia en relaci\u00f3n a los hechos que se le endilgan\u201d,\u00a0escribi\u00f3 en las redes sociales el letrado.<\/p>\n\n\n\n<blockquote class=\"instagram-media\" data-instgrm-captioned data-instgrm-permalink=\"https:\/\/www.instagram.com\/p\/C9dN4aRRc-0\/?utm_source=ig_embed&amp;utm_campaign=loading\" data-instgrm-version=\"14\" style=\" background:#FFF; border:0; border-radius:3px; box-shadow:0 0 1px 0 rgba(0,0,0,0.5),0 1px 10px 0 rgba(0,0,0,0.15); margin: 1px; max-width:540px; min-width:326px; padding:0; width:99.375%; width:-webkit-calc(100% - 2px); width:calc(100% - 2px);\"><div style=\"padding:16px;\"> <a href=\"https:\/\/www.instagram.com\/p\/C9dN4aRRc-0\/?utm_source=ig_embed&amp;utm_campaign=loading\" style=\" background:#FFFFFF; line-height:0; padding:0 0; text-align:center; text-decoration:none; width:100%;\" target=\"_blank\" rel=\"noopener\"> <div style=\" display: flex; flex-direction: row; align-items: center;\"> <div style=\"background-color: #F4F4F4; border-radius: 50%; flex-grow: 0; height: 40px; margin-right: 14px; width: 40px;\"><\/div> <div style=\"display: flex; flex-direction: column; flex-grow: 1; justify-content: center;\"> <div style=\" background-color: #F4F4F4; border-radius: 4px; flex-grow: 0; height: 14px; margin-bottom: 6px; width: 100px;\"><\/div> <div style=\" background-color: #F4F4F4; border-radius: 4px; flex-grow: 0; height: 14px; width: 60px;\"><\/div><\/div><\/div><div style=\"padding: 19% 0;\"><\/div> <div style=\"display:block; height:50px; margin:0 auto 12px; width:50px;\"><svg width=\"50px\" height=\"50px\" viewBox=\"0 0 60 60\" version=\"1.1\" xmlns=\"https:\/\/www.w3.org\/2000\/svg\" xmlns:xlink=\"https:\/\/www.w3.org\/1999\/xlink\"><g stroke=\"none\" stroke-width=\"1\" fill=\"none\" fill-rule=\"evenodd\"><g transform=\"translate(-511.000000, -20.000000)\" fill=\"#000000\"><g><path d=\"M556.869,30.41 C554.814,30.41 553.148,32.076 553.148,34.131 C553.148,36.186 554.814,37.852 556.869,37.852 C558.924,37.852 560.59,36.186 560.59,34.131 C560.59,32.076 558.924,30.41 556.869,30.41 M541,60.657 C535.114,60.657 530.342,55.887 530.342,50 C530.342,44.114 535.114,39.342 541,39.342 C546.887,39.342 551.658,44.114 551.658,50 C551.658,55.887 546.887,60.657 541,60.657 M541,33.886 C532.1,33.886 524.886,41.1 524.886,50 C524.886,58.899 532.1,66.113 541,66.113 C549.9,66.113 557.115,58.899 557.115,50 C557.115,41.1 549.9,33.886 541,33.886 M565.378,62.101 C565.244,65.022 564.756,66.606 564.346,67.663 C563.803,69.06 563.154,70.057 562.106,71.106 C561.058,72.155 560.06,72.803 558.662,73.347 C557.607,73.757 556.021,74.244 553.102,74.378 C549.944,74.521 548.997,74.552 541,74.552 C533.003,74.552 532.056,74.521 528.898,74.378 C525.979,74.244 524.393,73.757 523.338,73.347 C521.94,72.803 520.942,72.155 519.894,71.106 C518.846,70.057 518.197,69.06 517.654,67.663 C517.244,66.606 516.755,65.022 516.623,62.101 C516.479,58.943 516.448,57.996 516.448,50 C516.448,42.003 516.479,41.056 516.623,37.899 C516.755,34.978 517.244,33.391 517.654,32.338 C518.197,30.938 518.846,29.942 519.894,28.894 C520.942,27.846 521.94,27.196 523.338,26.654 C524.393,26.244 525.979,25.756 528.898,25.623 C532.057,25.479 533.004,25.448 541,25.448 C548.997,25.448 549.943,25.479 553.102,25.623 C556.021,25.756 557.607,26.244 558.662,26.654 C560.06,27.196 561.058,27.846 562.106,28.894 C563.154,29.942 563.803,30.938 564.346,32.338 C564.756,33.391 565.244,34.978 565.378,37.899 C565.522,41.056 565.552,42.003 565.552,50 C565.552,57.996 565.522,58.943 565.378,62.101 M570.82,37.631 C570.674,34.438 570.167,32.258 569.425,30.349 C568.659,28.377 567.633,26.702 565.965,25.035 C564.297,23.368 562.623,22.342 560.652,21.575 C558.743,20.834 556.562,20.326 553.369,20.18 C550.169,20.033 549.148,20 541,20 C532.853,20 531.831,20.033 528.631,20.18 C525.438,20.326 523.257,20.834 521.349,21.575 C519.376,22.342 517.703,23.368 516.035,25.035 C514.368,26.702 513.342,28.377 512.574,30.349 C511.834,32.258 511.326,34.438 511.181,37.631 C511.035,40.831 511,41.851 511,50 C511,58.147 511.035,59.17 511.181,62.369 C511.326,65.562 511.834,67.743 512.574,69.651 C513.342,71.625 514.368,73.296 516.035,74.965 C517.703,76.634 519.376,77.658 521.349,78.425 C523.257,79.167 525.438,79.673 528.631,79.82 C531.831,79.965 532.853,80.001 541,80.001 C549.148,80.001 550.169,79.965 553.369,79.82 C556.562,79.673 558.743,79.167 560.652,78.425 C562.623,77.658 564.297,76.634 565.965,74.965 C567.633,73.296 568.659,71.625 569.425,69.651 C570.167,67.743 570.674,65.562 570.82,62.369 C570.966,59.17 571,58.147 571,50 C571,41.851 570.966,40.831 570.82,37.631\"><\/path><\/g><\/g><\/g><\/svg><\/div><div style=\"padding-top: 8px;\"> <div style=\" color:#3897f0; font-family:Arial,sans-serif; font-size:14px; font-style:normal; font-weight:550; line-height:18px;\">Ver esta publicaci\u00f3n en Instagram<\/div><\/div><div style=\"padding: 12.5% 0;\"><\/div> <div style=\"display: flex; flex-direction: row; margin-bottom: 14px; align-items: center;\"><div> <div style=\"background-color: #F4F4F4; border-radius: 50%; height: 12.5px; width: 12.5px; transform: translateX(0px) translateY(7px);\"><\/div> <div style=\"background-color: #F4F4F4; height: 12.5px; transform: rotate(-45deg) translateX(3px) translateY(1px); width: 12.5px; flex-grow: 0; margin-right: 14px; margin-left: 2px;\"><\/div> <div style=\"background-color: #F4F4F4; border-radius: 50%; height: 12.5px; width: 12.5px; transform: translateX(9px) translateY(-18px);\"><\/div><\/div><div style=\"margin-left: 8px;\"> <div style=\" background-color: #F4F4F4; border-radius: 50%; flex-grow: 0; height: 20px; width: 20px;\"><\/div> <div style=\" width: 0; height: 0; border-top: 2px solid transparent; border-left: 6px solid #f4f4f4; border-bottom: 2px solid transparent; transform: translateX(16px) translateY(-4px) rotate(30deg)\"><\/div><\/div><div style=\"margin-left: auto;\"> <div style=\" width: 0px; border-top: 8px solid #F4F4F4; border-right: 8px solid transparent; transform: translateY(16px);\"><\/div> <div style=\" background-color: #F4F4F4; flex-grow: 0; height: 12px; width: 16px; transform: translateY(-4px);\"><\/div> <div style=\" width: 0; height: 0; border-top: 8px solid #F4F4F4; border-left: 8px solid transparent; transform: translateY(-4px) translateX(8px);\"><\/div><\/div><\/div> <div style=\"display: flex; flex-direction: column; flex-grow: 1; justify-content: center; margin-bottom: 24px;\"> <div style=\" background-color: #F4F4F4; border-radius: 4px; flex-grow: 0; height: 14px; margin-bottom: 6px; width: 224px;\"><\/div> <div style=\" background-color: #F4F4F4; border-radius: 4px; flex-grow: 0; height: 14px; width: 144px;\"><\/div><\/div><\/a><p style=\" color:#c9c8cd; font-family:Arial,sans-serif; font-size:14px; line-height:17px; margin-bottom:0; margin-top:8px; overflow:hidden; padding:8px 0 7px; text-align:center; text-overflow:ellipsis; white-space:nowrap;\"><a href=\"https:\/\/www.instagram.com\/p\/C9dN4aRRc-0\/?utm_source=ig_embed&amp;utm_campaign=loading\" style=\" color:#c9c8cd; font-family:Arial,sans-serif; font-size:14px; font-style:normal; font-weight:normal; line-height:17px; text-decoration:none;\" target=\"_blank\" rel=\"noopener\">Una publicaci\u00f3n compartida por Fernando Madeo Facente (@fmadeofacente)<\/a><\/p><\/div><\/blockquote> <script async src=\"\/\/www.instagram.com\/embed.js\"><\/script>\n\n\n\n<p>Seg\u00fan la defensa,&nbsp;la Justicia acept\u00f3 este pedido de excarcelaci\u00f3n ya que entienden que \u201cno existe ni peligro de fuga, ni peligro de entorpecimiento en el caso por parte de \u00e9l\u201d.<\/p>\n\n\n\n<p>Adem\u00e1s,&nbsp;se comprob\u00f3 que no hab\u00eda recibido ning\u00fan beneficio econ\u00f3mico significativo con los sitios&nbsp;de pirater\u00eda online.<\/p>\n\n\n\n<p>\u201c\u00c9l simplemente aprovech\u00f3 un error de cifrado por parte de la plataforma donde se emiten los partidos y lo que hizo fue abrirlo al p\u00fablico. Fue sin \u00e1nimo de lucro,&nbsp;sin \u00e1nimo de enriquecerse por este hecho. Est\u00e1 probado en la causa del expediente que \u00e9l no se enriqueci\u00f3 a ra\u00edz de esto\u201c, explicaron los abogados del mendocino.<\/p>\n\n\n\n<p>En tanto, el fiscal de la causa, Alejandro Musso, asegur\u00f3 que el joven colabor\u00f3 en la investigaci\u00f3n, aportando informaci\u00f3n \u201cdetallada y precisa, con nombres y apellidos y lugares\u201d.&nbsp;\u201cB\u00e1sicamente, la libertad de \u00e9l tiene que ver con la colaboraci\u00f3n brindada. Esto nos va a permitir poder cerrar finalmente su actividad il\u00edcita dentro de las plataformas que andan en Argentina\u201d,&nbsp;precis\u00f3 el fiscal, seg\u00fan inform\u00f3 el diario El Sol.<\/p>\n\n\n\n<p>\u201cSe resolvi\u00f3 disponer su Inmediata libertad a la que deber\u00e1 hacer efectiva en el d\u00eda de la fecha y desde su lugar de alojamiento, previo certificar que&nbsp;sobre el mismo no pese orden alguna de captura y\/o detenci\u00f3n en su contra, en cuyo caso deber\u00e1 ser colocada a exclusiva disposici\u00f3n del magistrado o magistrada requirente, con conocimiento del suscripto\u201d,&nbsp;indica el oficio de liberaci\u00f3n.<\/p>\n","protected":false},"excerpt":{"rendered":"<p>El joven de 23 a\u00f1os fue se\u00f1alado como el hacker detr\u00e1s de la plataforma. Su abogado celebr\u00f3 que podr\u00e1 regresar a Mendoza, su provincia. Despu\u00e9s de ser apresado y trasladado a Buenos Aires, este lunes por la tarde fue liberado el joven de 23 a\u00f1os que fue acusado de ser el creador de la plataforma<a class=\"read-more\" href=\"https:\/\/elfederalmendoza.com.ar\/index.php\/2024\/07\/16\/liberaron-al-creador-de-futbol-libre-y-aparecio-la-primera-foto-de-su-rostro\/\"> [&hellip;]<\/a><\/p>\n","protected":false},"author":2,"featured_media":33370,"comment_status":"open","ping_status":"open","sticky":false,"template":"","format":"standard","meta":{"footnotes":""},"categories":[1],"tags":[],"class_list":["post-33368","post","type-post","status-publish","format-standard","has-post-thumbnail","hentry","category-mza"],"rttpg_featured_image_url":{"full":["https:\/\/elfederalmendoza.com.ar\/wp-content\/uploads\/2024\/07\/futbol-libre1.jpg",1115,736,false],"landscape":["https:\/\/elfederalmendoza.com.ar\/wp-content\/uploads\/2024\/07\/futbol-libre1.jpg",1115,736,false],"portraits":["https:\/\/elfederalmendoza.com.ar\/wp-content\/uploads\/2024\/07\/futbol-libre1.jpg",1115,736,false],"thumbnail":["https:\/\/elfederalmendoza.com.ar\/wp-content\/uploads\/2024\/07\/futbol-libre1-150x150.jpg",150,150,true],"medium":["https:\/\/elfederalmendoza.com.ar\/wp-content\/uploads\/2024\/07\/futbol-libre1-300x198.jpg",300,198,true],"large":["https:\/\/elfederalmendoza.com.ar\/wp-content\/uploads\/2024\/07\/futbol-libre1-1024x676.jpg",640,423,true],"1536x1536":["https:\/\/elfederalmendoza.com.ar\/wp-content\/uploads\/2024\/07\/futbol-libre1.jpg",1115,736,false],"2048x2048":["https:\/\/elfederalmendoza.com.ar\/wp-content\/uploads\/2024\/07\/futbol-libre1.jpg",1115,736,false],"ultp_layout_landscape_large":["https:\/\/elfederalmendoza.com.ar\/wp-content\/uploads\/2024\/07\/futbol-libre1.jpg",1115,736,false],"ultp_layout_landscape":["https:\/\/elfederalmendoza.com.ar\/wp-content\/uploads\/2024\/07\/futbol-libre1-870x570.jpg",870,570,true],"ultp_layout_portrait":["https:\/\/elfederalmendoza.com.ar\/wp-content\/uploads\/2024\/07\/futbol-libre1-600x736.jpg",600,736,true],"ultp_layout_square":["https:\/\/elfederalmendoza.com.ar\/wp-content\/uploads\/2024\/07\/futbol-libre1-600x600.jpg",600,600,true],"rpwe-thumbnail":["https:\/\/elfederalmendoza.com.ar\/wp-content\/uploads\/2024\/07\/futbol-libre1-45x45.jpg",45,45,true],"advps-thumb-one":["https:\/\/elfederalmendoza.com.ar\/wp-content\/uploads\/2024\/07\/futbol-libre1-1115x420.jpg",1115,420,true]},"rttpg_author":{"display_name":"Redacci\u00f3n El Federal","author_link":"https:\/\/elfederalmendoza.com.ar\/index.php\/author\/angelflores\/"},"rttpg_comment":0,"rttpg_category":"<a href=\"https:\/\/elfederalmendoza.com.ar\/index.php\/category\/mza\/\" rel=\"category tag\">Mendoza<\/a>","rttpg_excerpt":"El joven de 23 a\u00f1os fue se\u00f1alado como el hacker detr\u00e1s de la plataforma. Su abogado celebr\u00f3 que podr\u00e1 regresar a Mendoza, su provincia. Despu\u00e9s de ser apresado y trasladado a Buenos Aires, este lunes por la tarde fue liberado el joven de 23 a\u00f1os que fue acusado de ser el creador de la plataforma&hellip;","_links":{"self":[{"href":"https:\/\/elfederalmendoza.com.ar\/index.php\/wp-json\/wp\/v2\/posts\/33368","targetHints":{"allow":["GET"]}}],"collection":[{"href":"https:\/\/elfederalmendoza.com.ar\/index.php\/wp-json\/wp\/v2\/posts"}],"about":[{"href":"https:\/\/elfederalmendoza.com.ar\/index.php\/wp-json\/wp\/v2\/types\/post"}],"author":[{"embeddable":true,"href":"https:\/\/elfederalmendoza.com.ar\/index.php\/wp-json\/wp\/v2\/users\/2"}],"replies":[{"embeddable":true,"href":"https:\/\/elfederalmendoza.com.ar\/index.php\/wp-json\/wp\/v2\/comments?post=33368"}],"version-history":[{"count":1,"href":"https:\/\/elfederalmendoza.com.ar\/index.php\/wp-json\/wp\/v2\/posts\/33368\/revisions"}],"predecessor-version":[{"id":33371,"href":"https:\/\/elfederalmendoza.com.ar\/index.php\/wp-json\/wp\/v2\/posts\/33368\/revisions\/33371"}],"wp:featuredmedia":[{"embeddable":true,"href":"https:\/\/elfederalmendoza.com.ar\/index.php\/wp-json\/wp\/v2\/media\/33370"}],"wp:attachment":[{"href":"https:\/\/elfederalmendoza.com.ar\/index.php\/wp-json\/wp\/v2\/media?parent=33368"}],"wp:term":[{"taxonomy":"category","embeddable":true,"href":"https:\/\/elfederalmendoza.com.ar\/index.php\/wp-json\/wp\/v2\/categories?post=33368"},{"taxonomy":"post_tag","embeddable":true,"href":"https:\/\/elfederalmendoza.com.ar\/index.php\/wp-json\/wp\/v2\/tags?post=33368"}],"curies":[{"name":"wp","href":"https:\/\/api.w.org\/{rel}","templated":true}]}}