{"id":33379,"date":"2024-07-19T10:57:00","date_gmt":"2024-07-19T13:57:00","guid":{"rendered":"https:\/\/elfederalmendoza.com\/?p=33379"},"modified":"2024-07-19T10:57:08","modified_gmt":"2024-07-19T13:57:08","slug":"terror-en-palermo-un-hombre-le-disparo-a-la-gente-desde-un-balcon","status":"publish","type":"post","link":"https:\/\/elfederalmendoza.com.ar\/index.php\/2024\/07\/19\/terror-en-palermo-un-hombre-le-disparo-a-la-gente-desde-un-balcon\/","title":{"rendered":"Terror en Palermo: un hombre le dispar\u00f3 a la gente desde un balc\u00f3n"},"content":{"rendered":"\n<p>Un hombre armado dispar\u00f3 desde un balc\u00f3n en Palermo, hiriendo a un obrero de la construcci\u00f3n. Las autoridades est\u00e1n investigando el incidente.<\/p>\n\n\n\n<p>En una ma\u00f1ana que parec\u00eda tranquila en el barrio porte\u00f1o de\u00a0<strong>Palermo<\/strong>, los vecinos se vieron sorprendidos por<strong> disparos provenientes de un balc\u00f3n<\/strong> en un edificio ubicado en la intersecci\u00f3n de las calles Luis Mar\u00eda Campos y Ravignani.\u00a0<\/p>\n\n\n\n<p>Seg\u00fan las primeras informaciones, un hombre armado abri\u00f3 fuego contra los transe\u00fantes y los residentes cercanos. <strong>El p\u00e1nico se apoder\u00f3 de la zona mientras las personas buscaban refugio.<\/strong><\/p>\n\n\n\n<p>El herido, un obrero de la construcci\u00f3n que se encontraba en la calle, fue asistido por el SAME y trasladado a un centro m\u00e9dico cercano. Aunque su estado no es grave, <strong>el incidente ha dejado a la comunidad conmocionada y preocupada por su seguridad.<\/strong><\/p>\n\n\n\n<p>Las autoridades est\u00e1n investigando el motivo detr\u00e1s del ataque. Se cree que el agresor utiliz\u00f3 un rifle de aire comprimido, pero a\u00fan no se ha confirmado. La polic\u00eda ha acordonado la zona y est\u00e1 entrevistando a testigos para obtener m\u00e1s detalles sobre el sospechoso y las circunstancias del tiroteo.<\/p>\n\n\n\n<p>Noticia en desarrollo<\/p>\n","protected":false},"excerpt":{"rendered":"<p>Un hombre armado dispar\u00f3 desde un balc\u00f3n en Palermo, hiriendo a un obrero de la construcci\u00f3n. Las autoridades est\u00e1n investigando el incidente. En una ma\u00f1ana que parec\u00eda tranquila en el barrio porte\u00f1o de\u00a0Palermo, los vecinos se vieron sorprendidos por disparos provenientes de un balc\u00f3n en un edificio ubicado en la intersecci\u00f3n de las calles Luis<a class=\"read-more\" href=\"https:\/\/elfederalmendoza.com.ar\/index.php\/2024\/07\/19\/terror-en-palermo-un-hombre-le-disparo-a-la-gente-desde-un-balcon\/\"> [&hellip;]<\/a><\/p>\n","protected":false},"author":2,"featured_media":33380,"comment_status":"open","ping_status":"open","sticky":false,"template":"","format":"standard","meta":{"footnotes":""},"categories":[5618],"tags":[],"class_list":["post-33379","post","type-post","status-publish","format-standard","has-post-thumbnail","hentry","category-arg"],"rttpg_featured_image_url":{"full":["https:\/\/elfederalmendoza.com.ar\/wp-content\/uploads\/2024\/07\/palermo.jpg",1575,870,false],"landscape":["https:\/\/elfederalmendoza.com.ar\/wp-content\/uploads\/2024\/07\/palermo.jpg",1575,870,false],"portraits":["https:\/\/elfederalmendoza.com.ar\/wp-content\/uploads\/2024\/07\/palermo.jpg",1575,870,false],"thumbnail":["https:\/\/elfederalmendoza.com.ar\/wp-content\/uploads\/2024\/07\/palermo-150x150.jpg",150,150,true],"medium":["https:\/\/elfederalmendoza.com.ar\/wp-content\/uploads\/2024\/07\/palermo-300x166.jpg",300,166,true],"large":["https:\/\/elfederalmendoza.com.ar\/wp-content\/uploads\/2024\/07\/palermo-1024x566.jpg",640,354,true],"1536x1536":["https:\/\/elfederalmendoza.com.ar\/wp-content\/uploads\/2024\/07\/palermo-1536x848.jpg",1536,848,true],"2048x2048":["https:\/\/elfederalmendoza.com.ar\/wp-content\/uploads\/2024\/07\/palermo.jpg",1575,870,false],"ultp_layout_landscape_large":["https:\/\/elfederalmendoza.com.ar\/wp-content\/uploads\/2024\/07\/palermo-1200x800.jpg",1200,800,true],"ultp_layout_landscape":["https:\/\/elfederalmendoza.com.ar\/wp-content\/uploads\/2024\/07\/palermo-870x570.jpg",870,570,true],"ultp_layout_portrait":["https:\/\/elfederalmendoza.com.ar\/wp-content\/uploads\/2024\/07\/palermo-600x870.jpg",600,870,true],"ultp_layout_square":["https:\/\/elfederalmendoza.com.ar\/wp-content\/uploads\/2024\/07\/palermo-600x600.jpg",600,600,true],"rpwe-thumbnail":["https:\/\/elfederalmendoza.com.ar\/wp-content\/uploads\/2024\/07\/palermo-45x45.jpg",45,45,true],"advps-thumb-one":["https:\/\/elfederalmendoza.com.ar\/wp-content\/uploads\/2024\/07\/palermo-1200x420.jpg",1200,420,true]},"rttpg_author":{"display_name":"Redacci\u00f3n El Federal","author_link":"https:\/\/elfederalmendoza.com.ar\/index.php\/author\/angelflores\/"},"rttpg_comment":0,"rttpg_category":"<a href=\"https:\/\/elfederalmendoza.com.ar\/index.php\/category\/arg\/\" rel=\"category tag\">Argentina<\/a>","rttpg_excerpt":"Un hombre armado dispar\u00f3 desde un balc\u00f3n en Palermo, hiriendo a un obrero de la construcci\u00f3n. Las autoridades est\u00e1n investigando el incidente. En una ma\u00f1ana que parec\u00eda tranquila en el barrio porte\u00f1o de\u00a0Palermo, los vecinos se vieron sorprendidos por disparos provenientes de un balc\u00f3n en un edificio ubicado en la intersecci\u00f3n de las calles Luis&hellip;","_links":{"self":[{"href":"https:\/\/elfederalmendoza.com.ar\/index.php\/wp-json\/wp\/v2\/posts\/33379","targetHints":{"allow":["GET"]}}],"collection":[{"href":"https:\/\/elfederalmendoza.com.ar\/index.php\/wp-json\/wp\/v2\/posts"}],"about":[{"href":"https:\/\/elfederalmendoza.com.ar\/index.php\/wp-json\/wp\/v2\/types\/post"}],"author":[{"embeddable":true,"href":"https:\/\/elfederalmendoza.com.ar\/index.php\/wp-json\/wp\/v2\/users\/2"}],"replies":[{"embeddable":true,"href":"https:\/\/elfederalmendoza.com.ar\/index.php\/wp-json\/wp\/v2\/comments?post=33379"}],"version-history":[{"count":1,"href":"https:\/\/elfederalmendoza.com.ar\/index.php\/wp-json\/wp\/v2\/posts\/33379\/revisions"}],"predecessor-version":[{"id":33381,"href":"https:\/\/elfederalmendoza.com.ar\/index.php\/wp-json\/wp\/v2\/posts\/33379\/revisions\/33381"}],"wp:featuredmedia":[{"embeddable":true,"href":"https:\/\/elfederalmendoza.com.ar\/index.php\/wp-json\/wp\/v2\/media\/33380"}],"wp:attachment":[{"href":"https:\/\/elfederalmendoza.com.ar\/index.php\/wp-json\/wp\/v2\/media?parent=33379"}],"wp:term":[{"taxonomy":"category","embeddable":true,"href":"https:\/\/elfederalmendoza.com.ar\/index.php\/wp-json\/wp\/v2\/categories?post=33379"},{"taxonomy":"post_tag","embeddable":true,"href":"https:\/\/elfederalmendoza.com.ar\/index.php\/wp-json\/wp\/v2\/tags?post=33379"}],"curies":[{"name":"wp","href":"https:\/\/api.w.org\/{rel}","templated":true}]}}