{"id":33382,"date":"2024-07-20T12:07:45","date_gmt":"2024-07-20T15:07:45","guid":{"rendered":"https:\/\/elfederalmendoza.com\/?p=33382"},"modified":"2024-07-20T12:07:45","modified_gmt":"2024-07-20T15:07:45","slug":"en-silla-de-ruedas-y-en-un-pabellon-de-violadores-asi-pasa-los-dias-en-la-carcel-jose-alperovich","status":"publish","type":"post","link":"https:\/\/elfederalmendoza.com.ar\/index.php\/2024\/07\/20\/en-silla-de-ruedas-y-en-un-pabellon-de-violadores-asi-pasa-los-dias-en-la-carcel-jose-alperovich\/","title":{"rendered":"En silla de ruedas y en un pabell\u00f3n de violadores: as\u00ed pasa los d\u00edas en la c\u00e1rcel Jos\u00e9 Alperovich"},"content":{"rendered":"\n<p>El jueves, la Justicia confirm\u00f3 que<strong>\u00a0Jos\u00e9 Alperovich\u00a0<\/strong>seguir\u00e1 preso\u00a0en el penal de Ezeiza tras ser\u00a0condenado a 16 a\u00f1os de c\u00e1rcel por abusos sexuales\u00a0contra su sobrina y exsecretaria privada.<\/p>\n\n\n\n<p>La&nbsp;<strong>Sala de Feria de la C\u00e1mara Nacional de Casaci\u00f3n en lo Criminal y Correccional&nbsp;<\/strong>rechaz\u00f3 el pedido de excarcelaci\u00f3n del exgobernador de Tucum\u00e1n debido -entre otras cosas- al riesgo de fuga, al considerar que tiene \u201cfacilidades para abandonar el pa\u00eds o permanecer oculto\u00bb. &nbsp;As\u00ed, seguir\u00e1 en prisi\u00f3n por lo menos hasta que la pena quede firme.<\/p>\n\n\n\n<p>Seg\u00fan inform\u00f3&nbsp;<a href=\"https:\/\/www.clarin.com\/policiales\/silla-ruedas-pabellon-violadores-pasa-dias-carcel-jose-alperovich_0_qHDX0B4Ont.amp.html\" rel=\"noreferrer noopener\" target=\"_blank\">Clar\u00edn<\/a>, esta semana sus abogados presentaron un pedido para ingresar una silla de ruedas al complejo penitenciario. Usaba una com\u00fan, pero pidi\u00f3 la propia para realizar sus traslados al \u00e1rea de visita, al encuentro con sus abogados y a sus controles m\u00e9dicos. Como tiene prepaga, lo asisten en el Hospital Italiano de la&nbsp;<strong>Ciudad de Buenos Aires&nbsp;<\/strong>aunque, aseguran, tambi\u00e9n recibe atenci\u00f3n en el Hospital Penitenciario del Complejo 1 \u00aben forma peri\u00f3dica\u00bb.<\/p>\n\n\n\n<p>Sus abogados tambi\u00e9n pidieron autorizaci\u00f3n para que ingrese un psic\u00f3logo y un psiquiatra y para que los profesionales puedan entrar con una computadora. Sin embargo, los intentos de la defensa de exponer su estado de salud para insistir en el pedido de morigeraci\u00f3n de pena o la excarcelaci\u00f3n parecen haber fracasado.<\/p>\n\n\n\n<p>Los jueces<strong>&nbsp;Mauro Divito, Daniel Morin y Jorge Rimondi<\/strong>, son los que decidieron rechazar la solicitud de la defensa de Alperovich y entre otros argumentos para justificarse, hicieron referencia al monto de la pena (16 a\u00f1os de condena) y al poder pol\u00edtico y econ\u00f3mico del exsenador que le permitir\u00eda, como argument\u00f3 Ramos Padilla en su resoluci\u00f3n, evadir la condena o profugarse.<\/p>\n\n\n\n<p>Tambi\u00e9n, replicaron los argumentos de la parte acusadora respecto la intenci\u00f3n de Alperovich de entorpecer la investigaci\u00f3n: \u00abRespecto del correcto comportamiento procesal que habr\u00eda tenido, conforme lo alega la defensa, este punto es seriamente controvertido por ambos acusadores (cuesti\u00f3n tambi\u00e9n retomada por el tribunal) al sostener que se orden\u00f3 la extracci\u00f3n de testimonios para la investigaci\u00f3n del delito de falso testimonio por parte de tres testigos, los que habr\u00edan pretendido beneficiar a Alperovich en el juicio. Asimismo, en la resoluci\u00f3n se alude a contactos que se mantuvieron con la v\u00edctima a efectos de evitar la denuncia de los hechos que la habr\u00edan damnificado\u00bb.<\/p>\n\n\n\n<figure class=\"wp-block-image size-large\"><img loading=\"lazy\" decoding=\"async\" width=\"1024\" height=\"568\" src=\"https:\/\/elfederalmendoza.com\/wp-content\/uploads\/2024\/07\/silla-de-ruedas1-1024x568.jpg\" alt=\"\" class=\"wp-image-33385\" srcset=\"https:\/\/elfederalmendoza.com.ar\/wp-content\/uploads\/2024\/07\/silla-de-ruedas1-1024x568.jpg 1024w, https:\/\/elfederalmendoza.com.ar\/wp-content\/uploads\/2024\/07\/silla-de-ruedas1-300x167.jpg 300w, https:\/\/elfederalmendoza.com.ar\/wp-content\/uploads\/2024\/07\/silla-de-ruedas1-768x426.jpg 768w, https:\/\/elfederalmendoza.com.ar\/wp-content\/uploads\/2024\/07\/silla-de-ruedas1.jpg 1254w\" sizes=\"auto, (max-width: 1024px) 100vw, 1024px\" \/><\/figure>\n\n\n\n<p>Es as\u00ed que, para los camaristas, Alperovich podr\u00eda entorpecer el proceso si quedara en libertad antes de que la condena quede firme.<\/p>\n\n\n\n<p>A pesar del delicado estado de salud que expresan sus familiares y sus defensores, el Servicio Penitenciario habr\u00eda emitido un informe en el que contradice la versi\u00f3n expuesta y aseguran que<strong>&nbsp;\u00abse encuentra cl\u00ednicamente estable, compensado y en buen estado general, deambulando por sus propios medios, sin dolor manifiesto\u00bb<\/strong>.<\/p>\n\n\n\n<p>Adem\u00e1s, y ante el pedido de informes porque sus abogados pidieron permiso para ingresar una silla de ruedas, manifestaron que la usa exclusivamente porque \u00abpor sus antecedentes m\u00e9dicos queremos cuidarlo por las distancias entre un lugar y otro\u00bb y que \u00abal momento no cumple ning\u00fan criterio m\u00e9dico del uso de silla de ruedas por lo que no es necesaria\u00bb.<\/p>\n\n\n\n<p>Sin embargo, el juez de garant\u00edas le permiti\u00f3 el ingreso al penal para permitirle que la utilice cuando deba trasladarse.<\/p>\n\n\n\n<p>Alperovich cumple 70 a\u00f1os en nueve meses y reci\u00e9n ah\u00ed \u2013excepto que haya alguna desmejora en su estado de salud o alguna circunstancia extraordinaria\u2013 podr\u00eda tener argumentos para insistir en alg\u00fan tipo de morigeraci\u00f3n de la pena.<\/p>\n\n\n\n<p>Su intenci\u00f3n y la de sus abogados es que pueda regresar a Tucum\u00e1n, donde la familia tiene residencia fija. Otra opci\u00f3n que hab\u00edan propuesto sus defensores fue la de instalarse en uno de sus departamentos de Puerto Madero y hasta de ser monitoreado con tobillera electr\u00f3nica. Por ahora nada de todo eso parece posible, al menos en el corto plazo.<\/p>\n","protected":false},"excerpt":{"rendered":"<p>El jueves, la Justicia confirm\u00f3 que\u00a0Jos\u00e9 Alperovich\u00a0seguir\u00e1 preso\u00a0en el penal de Ezeiza tras ser\u00a0condenado a 16 a\u00f1os de c\u00e1rcel por abusos sexuales\u00a0contra su sobrina y exsecretaria privada. La&nbsp;Sala de Feria de la C\u00e1mara Nacional de Casaci\u00f3n en lo Criminal y Correccional&nbsp;rechaz\u00f3 el pedido de excarcelaci\u00f3n del exgobernador de Tucum\u00e1n debido -entre otras cosas- al riesgo<a class=\"read-more\" href=\"https:\/\/elfederalmendoza.com.ar\/index.php\/2024\/07\/20\/en-silla-de-ruedas-y-en-un-pabellon-de-violadores-asi-pasa-los-dias-en-la-carcel-jose-alperovich\/\"> [&hellip;]<\/a><\/p>\n","protected":false},"author":2,"featured_media":33384,"comment_status":"open","ping_status":"open","sticky":false,"template":"","format":"standard","meta":{"footnotes":""},"categories":[5618],"tags":[],"class_list":["post-33382","post","type-post","status-publish","format-standard","has-post-thumbnail","hentry","category-arg"],"rttpg_featured_image_url":{"full":["https:\/\/elfederalmendoza.com.ar\/wp-content\/uploads\/2024\/07\/silla-de-ruedas.jpg",1320,867,false],"landscape":["https:\/\/elfederalmendoza.com.ar\/wp-content\/uploads\/2024\/07\/silla-de-ruedas.jpg",1320,867,false],"portraits":["https:\/\/elfederalmendoza.com.ar\/wp-content\/uploads\/2024\/07\/silla-de-ruedas.jpg",1320,867,false],"thumbnail":["https:\/\/elfederalmendoza.com.ar\/wp-content\/uploads\/2024\/07\/silla-de-ruedas-150x150.jpg",150,150,true],"medium":["https:\/\/elfederalmendoza.com.ar\/wp-content\/uploads\/2024\/07\/silla-de-ruedas-300x197.jpg",300,197,true],"large":["https:\/\/elfederalmendoza.com.ar\/wp-content\/uploads\/2024\/07\/silla-de-ruedas-1024x673.jpg",640,421,true],"1536x1536":["https:\/\/elfederalmendoza.com.ar\/wp-content\/uploads\/2024\/07\/silla-de-ruedas.jpg",1320,867,false],"2048x2048":["https:\/\/elfederalmendoza.com.ar\/wp-content\/uploads\/2024\/07\/silla-de-ruedas.jpg",1320,867,false],"ultp_layout_landscape_large":["https:\/\/elfederalmendoza.com.ar\/wp-content\/uploads\/2024\/07\/silla-de-ruedas-1200x800.jpg",1200,800,true],"ultp_layout_landscape":["https:\/\/elfederalmendoza.com.ar\/wp-content\/uploads\/2024\/07\/silla-de-ruedas-870x570.jpg",870,570,true],"ultp_layout_portrait":["https:\/\/elfederalmendoza.com.ar\/wp-content\/uploads\/2024\/07\/silla-de-ruedas-600x867.jpg",600,867,true],"ultp_layout_square":["https:\/\/elfederalmendoza.com.ar\/wp-content\/uploads\/2024\/07\/silla-de-ruedas-600x600.jpg",600,600,true],"rpwe-thumbnail":["https:\/\/elfederalmendoza.com.ar\/wp-content\/uploads\/2024\/07\/silla-de-ruedas-45x45.jpg",45,45,true],"advps-thumb-one":["https:\/\/elfederalmendoza.com.ar\/wp-content\/uploads\/2024\/07\/silla-de-ruedas-1200x420.jpg",1200,420,true]},"rttpg_author":{"display_name":"Redacci\u00f3n El Federal","author_link":"https:\/\/elfederalmendoza.com.ar\/index.php\/author\/angelflores\/"},"rttpg_comment":0,"rttpg_category":"<a href=\"https:\/\/elfederalmendoza.com.ar\/index.php\/category\/arg\/\" rel=\"category tag\">Argentina<\/a>","rttpg_excerpt":"El jueves, la Justicia confirm\u00f3 que\u00a0Jos\u00e9 Alperovich\u00a0seguir\u00e1 preso\u00a0en el penal de Ezeiza tras ser\u00a0condenado a 16 a\u00f1os de c\u00e1rcel por abusos sexuales\u00a0contra su sobrina y exsecretaria privada. La&nbsp;Sala de Feria de la C\u00e1mara Nacional de Casaci\u00f3n en lo Criminal y Correccional&nbsp;rechaz\u00f3 el pedido de excarcelaci\u00f3n del exgobernador de Tucum\u00e1n debido -entre otras cosas- al riesgo&hellip;","_links":{"self":[{"href":"https:\/\/elfederalmendoza.com.ar\/index.php\/wp-json\/wp\/v2\/posts\/33382","targetHints":{"allow":["GET"]}}],"collection":[{"href":"https:\/\/elfederalmendoza.com.ar\/index.php\/wp-json\/wp\/v2\/posts"}],"about":[{"href":"https:\/\/elfederalmendoza.com.ar\/index.php\/wp-json\/wp\/v2\/types\/post"}],"author":[{"embeddable":true,"href":"https:\/\/elfederalmendoza.com.ar\/index.php\/wp-json\/wp\/v2\/users\/2"}],"replies":[{"embeddable":true,"href":"https:\/\/elfederalmendoza.com.ar\/index.php\/wp-json\/wp\/v2\/comments?post=33382"}],"version-history":[{"count":1,"href":"https:\/\/elfederalmendoza.com.ar\/index.php\/wp-json\/wp\/v2\/posts\/33382\/revisions"}],"predecessor-version":[{"id":33386,"href":"https:\/\/elfederalmendoza.com.ar\/index.php\/wp-json\/wp\/v2\/posts\/33382\/revisions\/33386"}],"wp:featuredmedia":[{"embeddable":true,"href":"https:\/\/elfederalmendoza.com.ar\/index.php\/wp-json\/wp\/v2\/media\/33384"}],"wp:attachment":[{"href":"https:\/\/elfederalmendoza.com.ar\/index.php\/wp-json\/wp\/v2\/media?parent=33382"}],"wp:term":[{"taxonomy":"category","embeddable":true,"href":"https:\/\/elfederalmendoza.com.ar\/index.php\/wp-json\/wp\/v2\/categories?post=33382"},{"taxonomy":"post_tag","embeddable":true,"href":"https:\/\/elfederalmendoza.com.ar\/index.php\/wp-json\/wp\/v2\/tags?post=33382"}],"curies":[{"name":"wp","href":"https:\/\/api.w.org\/{rel}","templated":true}]}}