{"id":35148,"date":"2025-11-05T10:50:17","date_gmt":"2025-11-05T13:50:17","guid":{"rendered":"https:\/\/elfederalmendoza.com.ar\/?p=35148"},"modified":"2025-11-05T10:50:17","modified_gmt":"2025-11-05T13:50:17","slug":"anses-oficializo-los-nuevos-montos-de-jubilaciones-y-asignaciones-familiares-desde-noviembre","status":"publish","type":"post","link":"https:\/\/elfederalmendoza.com.ar\/index.php\/2025\/11\/05\/anses-oficializo-los-nuevos-montos-de-jubilaciones-y-asignaciones-familiares-desde-noviembre\/","title":{"rendered":"ANSES oficializ\u00f3 los nuevos montos de jubilaciones y asignaciones familiares desde noviembre"},"content":{"rendered":"\n<p><strong>La Administraci\u00f3n Nacional de la Seguridad Social\u00a0<\/strong>public\u00f3 en el Bolet\u00edn Oficial las resoluciones 338\/2025 y 339\/2025, que establecen los nuevos valores de\u00a0<strong>jubilaciones<\/strong>, pensiones y<strong>\u00a0asignaciones familiare<\/strong>s correspondientes a noviembre de 2025. El incremento ser\u00e1 del 2,08%, en l\u00ednea con la variaci\u00f3n del \u00cdndice de Precios al Consumidor (IPC).<\/p>\n\n\n\n<p>Con este ajuste, la jubilaci\u00f3n m\u00ednima pasa a $333.058,39, a lo que se suma un bono extraordinario de $70.000 para quienes perciben ese haber. De esta forma, el ingreso total alcanzar\u00e1 los $403.058,39.<\/p>\n\n\n\n<figure class=\"wp-block-image\" id=\"1719082-Libre-1610490065_wrap\"><img decoding=\"async\" src=\"https:\/\/media.diariouno.com.ar\/p\/2cd1815edf8fb9e849af8a6de28e0f0c\/adjuntos\/298\/imagenes\/009\/649\/0009649087\/1200x0\/smart\/jubilados-anses-3.jpg\" alt=\"ANSES inform\u00f3 de un aumento y confirm\u00f3 que ser\u00e1 en noviembre.\" title=\"ANSES inform\u00f3 de un aumento y confirm\u00f3 que ser\u00e1 en noviembre.\"\/><figcaption class=\"wp-element-caption\">ANSES inform\u00f3 de un aumento y confirm\u00f3 que ser\u00e1 en noviembre.<\/figcaption><\/figure>\n\n\n\n<h2 class=\"wp-block-heading\">Refuerzo para las pensiones y jubilaciones<\/h2>\n\n\n\n<p>El refuerzo tambi\u00e9n beneficiar\u00e1 a quienes cobren haberes&nbsp;<strong>inferiores a $403.150<\/strong>, con montos proporcionales para igualar ese piso mensual. En cambio, quienes superen ese umbral no recibir\u00e1n el bono adicional.<\/p>\n\n\n\n<p>La medida, vigente desde&nbsp;<strong>marzo de 2024<\/strong>, mantiene la&nbsp;<strong>actualizaci\u00f3n mensual del bono complementario<\/strong>, una pol\u00edtica que busca&nbsp;<strong>compensar la p\u00e9rdida de poder adquisitivo<\/strong>&nbsp;frente a la inflaci\u00f3n.<\/p>\n\n\n\n<p>Adem\u00e1s, el&nbsp;<strong>haber m\u00e1ximo<\/strong>&nbsp;se eleva a&nbsp;<strong>$2.241.349,35<\/strong>, mientras que la&nbsp;<strong>Pensi\u00f3n Universal para el Adulto Mayor (PUAM)<\/strong>&nbsp;asciende a&nbsp;<strong>$266.468,31<\/strong>, tambi\u00e9n con derecho al refuerzo de $70.000. Las&nbsp;<strong>Pensiones No Contributivas (PNC)<\/strong>, por su parte, aumentan a&nbsp;<strong>$233.252<\/strong><\/p>\n\n\n\n<h2 class=\"wp-block-heading\">Asignaciones familiares actualizadas<\/h2>\n\n\n\n<p>El aumento tambi\u00e9n alcanza a las&nbsp;<strong>asignaciones familiares<\/strong>, que se ajustan bajo el mismo \u00edndice. La&nbsp;<strong>Asignaci\u00f3n Universal por Hijo (AUH)<\/strong>&nbsp;se fija en&nbsp;<strong>$119.691<\/strong>, y se actualizan adem\u00e1s los valores por&nbsp;<strong>nacimiento, adopci\u00f3n, matrimonio y ayuda escolar anual<\/strong>, con montos diferenciados seg\u00fan zona geogr\u00e1fica.<\/p>\n\n\n\n<p>Entre los principales valores:<\/p>\n\n\n\n<ul class=\"wp-block-list\">\n<li><strong>Nacimiento:<\/strong>\u00a0$69.763<\/li>\n\n\n\n<li><strong>Adopci\u00f3n:<\/strong>\u00a0$417.116<\/li>\n\n\n\n<li><strong>Matrimonio:<\/strong>\u00a0$104.459<\/li>\n\n\n\n<li><strong>Hijo (IGF hasta $926.676):<\/strong>\u00a0$59.851 (valor general)<\/li>\n\n\n\n<li><strong>Hijo con discapacidad:<\/strong>\u00a0$194.873 (valor general)<\/li>\n\n\n\n<li><strong>Ayuda escolar anual:<\/strong>\u00a0$42.039 (valor general)<\/li>\n<\/ul>\n\n\n\n<p><\/p>\n","protected":false},"excerpt":{"rendered":"<p>La Administraci\u00f3n Nacional de la Seguridad Social\u00a0public\u00f3 en el Bolet\u00edn Oficial las resoluciones 338\/2025 y 339\/2025, que establecen los nuevos valores de\u00a0jubilaciones, pensiones y\u00a0asignaciones familiares correspondientes a noviembre de 2025. El incremento ser\u00e1 del 2,08%, en l\u00ednea con la variaci\u00f3n del \u00cdndice de Precios al Consumidor (IPC). Con este ajuste, la jubilaci\u00f3n m\u00ednima pasa a<a class=\"read-more\" href=\"https:\/\/elfederalmendoza.com.ar\/index.php\/2025\/11\/05\/anses-oficializo-los-nuevos-montos-de-jubilaciones-y-asignaciones-familiares-desde-noviembre\/\"> [&hellip;]<\/a><\/p>\n","protected":false},"author":2,"featured_media":23302,"comment_status":"open","ping_status":"open","sticky":false,"template":"","format":"standard","meta":{"footnotes":""},"categories":[5618],"tags":[],"class_list":["post-35148","post","type-post","status-publish","format-standard","has-post-thumbnail","hentry","category-arg"],"rttpg_featured_image_url":{"full":["https:\/\/elfederalmendoza.com.ar\/wp-content\/uploads\/2023\/05\/jubilados-bono.jpg",934,585,false],"landscape":["https:\/\/elfederalmendoza.com.ar\/wp-content\/uploads\/2023\/05\/jubilados-bono.jpg",934,585,false],"portraits":["https:\/\/elfederalmendoza.com.ar\/wp-content\/uploads\/2023\/05\/jubilados-bono.jpg",934,585,false],"thumbnail":["https:\/\/elfederalmendoza.com.ar\/wp-content\/uploads\/2023\/05\/jubilados-bono-150x150.jpg",150,150,true],"medium":["https:\/\/elfederalmendoza.com.ar\/wp-content\/uploads\/2023\/05\/jubilados-bono-300x188.jpg",300,188,true],"large":["https:\/\/elfederalmendoza.com.ar\/wp-content\/uploads\/2023\/05\/jubilados-bono.jpg",640,401,false],"1536x1536":["https:\/\/elfederalmendoza.com.ar\/wp-content\/uploads\/2023\/05\/jubilados-bono.jpg",934,585,false],"2048x2048":["https:\/\/elfederalmendoza.com.ar\/wp-content\/uploads\/2023\/05\/jubilados-bono.jpg",934,585,false],"ultp_layout_landscape_large":["https:\/\/elfederalmendoza.com.ar\/wp-content\/uploads\/2023\/05\/jubilados-bono.jpg",934,585,false],"ultp_layout_landscape":["https:\/\/elfederalmendoza.com.ar\/wp-content\/uploads\/2023\/05\/jubilados-bono-870x570.jpg",870,570,true],"ultp_layout_portrait":["https:\/\/elfederalmendoza.com.ar\/wp-content\/uploads\/2023\/05\/jubilados-bono-600x585.jpg",600,585,true],"ultp_layout_square":["https:\/\/elfederalmendoza.com.ar\/wp-content\/uploads\/2023\/05\/jubilados-bono-600x585.jpg",600,585,true],"rpwe-thumbnail":["https:\/\/elfederalmendoza.com.ar\/wp-content\/uploads\/2023\/05\/jubilados-bono-45x45.jpg",45,45,true],"advps-thumb-one":["https:\/\/elfederalmendoza.com.ar\/wp-content\/uploads\/2023\/05\/jubilados-bono-934x420.jpg",934,420,true]},"rttpg_author":{"display_name":"Redacci\u00f3n El Federal","author_link":"https:\/\/elfederalmendoza.com.ar\/index.php\/author\/angelflores\/"},"rttpg_comment":0,"rttpg_category":"<a href=\"https:\/\/elfederalmendoza.com.ar\/index.php\/category\/arg\/\" rel=\"category tag\">Argentina<\/a>","rttpg_excerpt":"La Administraci\u00f3n Nacional de la Seguridad Social\u00a0public\u00f3 en el Bolet\u00edn Oficial las resoluciones 338\/2025 y 339\/2025, que establecen los nuevos valores de\u00a0jubilaciones, pensiones y\u00a0asignaciones familiares correspondientes a noviembre de 2025. El incremento ser\u00e1 del 2,08%, en l\u00ednea con la variaci\u00f3n del \u00cdndice de Precios al Consumidor (IPC). Con este ajuste, la jubilaci\u00f3n m\u00ednima pasa a&hellip;","_links":{"self":[{"href":"https:\/\/elfederalmendoza.com.ar\/index.php\/wp-json\/wp\/v2\/posts\/35148","targetHints":{"allow":["GET"]}}],"collection":[{"href":"https:\/\/elfederalmendoza.com.ar\/index.php\/wp-json\/wp\/v2\/posts"}],"about":[{"href":"https:\/\/elfederalmendoza.com.ar\/index.php\/wp-json\/wp\/v2\/types\/post"}],"author":[{"embeddable":true,"href":"https:\/\/elfederalmendoza.com.ar\/index.php\/wp-json\/wp\/v2\/users\/2"}],"replies":[{"embeddable":true,"href":"https:\/\/elfederalmendoza.com.ar\/index.php\/wp-json\/wp\/v2\/comments?post=35148"}],"version-history":[{"count":1,"href":"https:\/\/elfederalmendoza.com.ar\/index.php\/wp-json\/wp\/v2\/posts\/35148\/revisions"}],"predecessor-version":[{"id":35149,"href":"https:\/\/elfederalmendoza.com.ar\/index.php\/wp-json\/wp\/v2\/posts\/35148\/revisions\/35149"}],"wp:featuredmedia":[{"embeddable":true,"href":"https:\/\/elfederalmendoza.com.ar\/index.php\/wp-json\/wp\/v2\/media\/23302"}],"wp:attachment":[{"href":"https:\/\/elfederalmendoza.com.ar\/index.php\/wp-json\/wp\/v2\/media?parent=35148"}],"wp:term":[{"taxonomy":"category","embeddable":true,"href":"https:\/\/elfederalmendoza.com.ar\/index.php\/wp-json\/wp\/v2\/categories?post=35148"},{"taxonomy":"post_tag","embeddable":true,"href":"https:\/\/elfederalmendoza.com.ar\/index.php\/wp-json\/wp\/v2\/tags?post=35148"}],"curies":[{"name":"wp","href":"https:\/\/api.w.org\/{rel}","templated":true}]}}