{"id":35150,"date":"2025-11-08T18:26:13","date_gmt":"2025-11-08T21:26:13","guid":{"rendered":"https:\/\/elfederalmendoza.com.ar\/?p=35150"},"modified":"2025-11-08T18:26:14","modified_gmt":"2025-11-08T21:26:14","slug":"trasladan-al-nino-del-cerro-aconcagua-desde-el-conicet-al-museo-cornelio-moyano","status":"publish","type":"post","link":"https:\/\/elfederalmendoza.com.ar\/index.php\/2025\/11\/08\/trasladan-al-nino-del-cerro-aconcagua-desde-el-conicet-al-museo-cornelio-moyano\/","title":{"rendered":"Trasladan al ni\u00f1o del cerro Aconcagua desde el Conicet al museo Cornelio Moyano"},"content":{"rendered":"\n<p>Luego de 40 a\u00f1os, la ofrenda inca del ni\u00f1o del&nbsp;<strong>cerro&nbsp;<a href=\"https:\/\/www.diariouno.com.ar\/tags\/aconcagua\" target=\"_blank\" rel=\"noreferrer noopener\">Aconcagua<\/a><\/strong>, que fue declarada Patrimonio de la Humanidad con Valor Universal Excepcional (VUE), ser\u00e1 trasladada este s\u00e1bado desde la sede del Conicet hacia el Museo de Ciencias Naturales y Antropol\u00f3gicas Juan Cornelio Moyano, en el parque San Mart\u00edn.<\/p>\n\n\n\n<p>Fue hallado en 1985 por una expedici\u00f3n del Club Andinista de Mendoza (CAM) y los estudios indican que fue sacrificado cerca del 1500.<\/p>\n\n\n\n<p>Gabriel Cabrera, los hermanos Fernando y Juan Carlos Pierobon y Franco y Alberto Pizzolon fueron los responsables de este hallazgo arqueol\u00f3gico que se concret\u00f3 cuando realizaban una excursi\u00f3n a los 5.000 metros de altura en el&nbsp;<strong>Aconcagua<\/strong>&nbsp;como parte de los 50 a\u00f1os de la instituci\u00f3n. En ese momento se dieron cuenta de la importancia del descubrimiento y no tocaron nada hasta consultar el tema con especialistas.<\/p>\n\n\n\n<p>Fue as\u00ed como se pusieron en contacto con el arque\u00f3logo Juan Schobinger, quien lider\u00f3 la comitiva que luego trasladar\u00eda la momia del ni\u00f1o de 7 a\u00f1os con todos los recaudos necesarios para no alterar nada. A \u00e9l se sumaron de manera voluntaria Gabriel Cabrera, Juan Carlos Pierobon, Alberto Pizzolon, Julio Ferrari, Eduardo Guercio, V\u00edctor Dur\u00e1n, Germ\u00e1n Bustos Herrera y Silvia Centeleghe.<\/p>\n\n\n\n<figure class=\"wp-block-image\" id=\"1724974-Libre-1738315049_wrap\"><img decoding=\"async\" src=\"https:\/\/media.diariouno.com.ar\/p\/ce64c8e8e6e5a19a7bfff624948759ea\/adjuntos\/298\/imagenes\/009\/654\/0009654324\/1200x0\/smart\/los-andinistas-documentaron-la-momia-empezar-la-preparacion-del-paquete-su-posterior-transporte.jpg\" alt=\"Los andinistas documentaron la momia ante de empezar la preparaci\u00f3n del paquete para su posterior transporte.\" title=\"Los andinistas documentaron la momia ante de empezar la preparaci\u00f3n del paquete para su posterior transporte.\"\/><figcaption class=\"wp-element-caption\">Los andinistas documentaron la momia ante de empezar la preparaci\u00f3n del paquete para su posterior transporte.<\/figcaption><\/figure>\n\n\n\n<p>Los an\u00e1lisis de laboratorio realizados tanto en el cuerpo como en los objetos que formaban parte del ajuar permitieron completar una informaci\u00f3n sin precedentes que contribuy\u00f3 al conocimiento de la cultura incaica y la ceremonia de ofrenda de ni\u00f1os, conocida como \u00abcapacocha\u201d.<\/p>\n\n\n\n<p>La etapa que ahora comienza constituye la fase previa al regreso definitivo al territorio. Consiste en el traslado desde el Conicet al museo Moyano, donde el ni\u00f1o descansar\u00e1 sin intervenci\u00f3n ni exposici\u00f3n, en condiciones dignas y bajo el marco legal ind\u00edgena, hasta su retorno final a su morada en la Walta (monta\u00f1a) sagrada del&nbsp;<strong>Aconcagua<\/strong>.<\/p>\n\n\n\n<p>Para las comunidades y representantes ind\u00edgenas de la Mesa de Di\u00e1logo Intercultural, este momento representa un acto de reparaci\u00f3n hist\u00f3rica: el reconocimiento de este ancestro como ser humano y no como objeto de estudio, permitiendo que finalmente pueda descansar en paz, destacaron desde el Gobierno de Mendoza.<\/p>\n\n\n\n<figure class=\"wp-block-image\" id=\"1724957-Libre-289424933_wrap\"><img decoding=\"async\" src=\"https:\/\/media.diariouno.com.ar\/p\/ef370dcd8cd4a696af17b2826323049b\/adjuntos\/298\/imagenes\/009\/654\/0009654307\/1200x0\/smart\/el-fardo-funerario-el-momento-la-extraccion-los-textiles-la-especialista-textiles-chilena-julie-palma.jpg\" alt=\"El fardo funerario en el momento de la extracci\u00f3n de los textiles. La especialista en textiles chilena Julie Palma.\" title=\"El fardo funerario en el momento de la extracci\u00f3n de los textiles. La especialista en textiles chilena Julie Palma.\"\/><figcaption class=\"wp-element-caption\">El fardo funerario en el momento de la extracci\u00f3n de los textiles. La especialista en textiles chilena Julie Palma.<\/figcaption><\/figure>\n\n\n\n<h2 class=\"wp-block-heading\">En el museo Cornelio Moyano, la morada previa para su regreso al Aconcagua<\/h2>\n\n\n\n<p>Desde la Direcci\u00f3n de Patrimonio Cultural de Mendoza se desarroll\u00f3 un extenso trabajo conjunto con comunidades ind\u00edgenas, t\u00e9cnicos, especialistas de diversas disciplinas e Infraestructura Escolar, dependiente del mismo ministerio.<\/p>\n\n\n\n<p>La iniciativa forma parte del Proyecto Preliminar&nbsp;<em>Master Plan<\/em>, elaborado tras un largo proceso de di\u00e1logo con comunidades ind\u00edgenas -especialmente las vinculadas al Camino Ancestral Qhapaq \u00d1an- que ven\u00edan solicitando que el \u201cGuardi\u00e1n del Aconcagua\u201d iniciara su regreso al territorio donde los antiguos lo ofrendaron. Durante este tiempo, distintos pueblos originarios de Mendoza participaron activamente en el proceso.<\/p>\n\n\n\n<p>En 2020 se consolid\u00f3 la Mesa de Di\u00e1logo Intercultural, en el \u00e1mbito de la Direcci\u00f3n de Patrimonio y Cultura de la Provincia, conformada por representantes de diversos pueblos y orientada a un intercambio respetuoso y participativo. En la actual gesti\u00f3n se concret\u00f3, junto a las comunidades, un plan de acci\u00f3n por etapas para asegurar un tratamiento \u00e9tico y respetuoso, conforme a las normas internacionales de conservaci\u00f3n y a la propia cosmovisi\u00f3n, espiritualidad y pr\u00e1cticas culturales de los pueblos originarios.<\/p>\n\n\n\n<h2 class=\"wp-block-heading\">Su morada moment\u00e1nea en el museo<\/h2>\n\n\n\n<p>En el<strong>&nbsp;museo Cornelio Moyano<\/strong>&nbsp;se desarroll\u00f3 una nueva sala de guarda, con un sistema integral de preservaci\u00f3n y conservaci\u00f3n preventiva. La Direcci\u00f3n de Patrimonio Cultural y Museos dispuso como coordinadora de referencia a Valentina Ruggiero, conservadora-restauradora de bienes culturales PFP 2 (materiales org\u00e1nicos y polim\u00e9ricos), egresada del Instituto Centrale del Restauro de Roma, Italia.<\/p>\n\n\n\n<p>Con la asistencia t\u00e9cnica de Ana Paula Paz, se acondicion\u00f3 un nuevo espacio y un reservorio con control t\u00e9rmico, que garantiza la seguridad y las condiciones microambientales necesarias.<\/p>\n\n\n\n<p>La sala de guarda, denominada por las comunidades Gualtach Caye, se ubica en el edificio del museo y tendr\u00e1 acceso restringido por razones de seguridad y respeto a las tradiciones ind\u00edgenas.<\/p>\n\n\n\n<p>Cuenta con un laboratorio de investigaci\u00f3n y un sistema avanzado de control ambiental y seguridad, dise\u00f1ado para garantizar la conservaci\u00f3n f\u00edsica, qu\u00edmica y biol\u00f3gica de la ofrenda y minimizar los riesgos de deterioro.<\/p>\n\n\n\n<p>La obra fue ejecutada por Infraestructura Escolar, con la participaci\u00f3n de los t\u00e9cnicos Gustavo Cabrera y el arquitecto C\u00e9sar Morales.<\/p>\n\n\n\n<figure class=\"wp-block-image\" id=\"1724946-Libre-1592347682_wrap\"><img decoding=\"async\" src=\"https:\/\/media.diariouno.com.ar\/p\/383540b1876476f068dc96d0608e28aa\/adjuntos\/298\/imagenes\/009\/654\/0009654297\/1200x0\/smart\/nino-aconcagua-momia.jpg\" alt=\"El laboratorista Julio Ferrari prepara el fardo funerario para su descenso en el Aconcagua. Lo acompa\u00f1a el andinista Juan Carlos Pierobon.\" title=\"El laboratorista Julio Ferrari prepara el fardo funerario para su descenso en el Aconcagua. Lo acompa\u00f1a el andinista Juan Carlos Pierobon.\"\/><figcaption class=\"wp-element-caption\">El laboratorista Julio Ferrari prepara el fardo funerario para su descenso en el Aconcagua. Lo acompa\u00f1a el andinista Juan Carlos Pierobon.<\/figcaption><\/figure>\n\n\n\n<h2 class=\"wp-block-heading\">Cronograma del traslado desde el Conicet<\/h2>\n\n\n\n<ul class=\"wp-block-list\">\n<li>5 \u2013 Reuni\u00f3n previa en el Conicet entre participantes y autoridades. Bienvenida, presentaci\u00f3n de actividades y repaso del protocolo. En el Museo Moyano: remoci\u00f3n de mojones, apertura del port\u00f3n y verificaci\u00f3n del \u00e1rea de acceso.<\/li>\n\n\n\n<li>5.10 \u2013 Ceremonia de las comunidades en el exterior. Posicionamiento de la camioneta, chequeos de seguridad y materiales de embalaje.<\/li>\n\n\n\n<li>5.20 \u2013 El equipo de conservaci\u00f3n viste los equipos de protecci\u00f3n individual, corta las fajas de seguridad del\u00a0<em>freezer<\/em>\u00a0y acondiciona el habit\u00e1culo.<\/li>\n\n\n\n<li>5.30 \u2013 Cierre del freezer y espera de 15 minutos para estabilizar la temperatura.<\/li>\n\n\n\n<li>5.45 \u2013 Ceremonia de despedida con pluma de c\u00f3ndor.<\/li>\n\n\n\n<li>5.55 \u2013 Sellado final del\u00a0<em>freezer<\/em>, refuerzo con cinta y rotulaci\u00f3n con etiquetas internacionales.<\/li>\n\n\n\n<li>6.05 \u2013 Desconexi\u00f3n y carga en la camioneta.<\/li>\n\n\n\n<li>6.15 \u2013 Salida del convoy desde el Conicet.<\/li>\n\n\n\n<li>6.30 \u2013 Llegada al Museo Moyano.<\/li>\n\n\n\n<li>6.40 \u2013 Apertura del laboratorio Aconcagua, posicionamiento y preparaci\u00f3n de la sala de guarda.<\/li>\n\n\n\n<li>6.50 \u2013 Traslado del contenedor con la ofrenda y la pluma de c\u00f3ndor.<\/li>\n\n\n\n<li>7 \u2013 Ingreso a la sala y visita de los participantes, en grupos reducidos.<\/li>\n\n\n\n<li>7.15 \u2013 Cierre y acondicionamiento del espacio.<\/li>\n\n\n\n<li>7.30\u20138 \u2013 Verificaci\u00f3n de climatizaci\u00f3n, limpieza y cierre formal de actividades.<\/li>\n<\/ul>\n","protected":false},"excerpt":{"rendered":"<p>Luego de 40 a\u00f1os, la ofrenda inca del ni\u00f1o del&nbsp;cerro&nbsp;Aconcagua, que fue declarada Patrimonio de la Humanidad con Valor Universal Excepcional (VUE), ser\u00e1 trasladada este s\u00e1bado desde la sede del Conicet hacia el Museo de Ciencias Naturales y Antropol\u00f3gicas Juan Cornelio Moyano, en el parque San Mart\u00edn. Fue hallado en 1985 por una expedici\u00f3n del<a class=\"read-more\" href=\"https:\/\/elfederalmendoza.com.ar\/index.php\/2025\/11\/08\/trasladan-al-nino-del-cerro-aconcagua-desde-el-conicet-al-museo-cornelio-moyano\/\"> [&hellip;]<\/a><\/p>\n","protected":false},"author":2,"featured_media":35151,"comment_status":"open","ping_status":"open","sticky":false,"template":"","format":"standard","meta":{"footnotes":""},"categories":[1],"tags":[],"class_list":["post-35150","post","type-post","status-publish","format-standard","has-post-thumbnail","hentry","category-mza"],"rttpg_featured_image_url":{"full":["https:\/\/elfederalmendoza.com.ar\/wp-content\/uploads\/2025\/11\/momia8.jpg",1343,751,false],"landscape":["https:\/\/elfederalmendoza.com.ar\/wp-content\/uploads\/2025\/11\/momia8.jpg",1343,751,false],"portraits":["https:\/\/elfederalmendoza.com.ar\/wp-content\/uploads\/2025\/11\/momia8.jpg",1343,751,false],"thumbnail":["https:\/\/elfederalmendoza.com.ar\/wp-content\/uploads\/2025\/11\/momia8-150x150.jpg",150,150,true],"medium":["https:\/\/elfederalmendoza.com.ar\/wp-content\/uploads\/2025\/11\/momia8-300x168.jpg",300,168,true],"large":["https:\/\/elfederalmendoza.com.ar\/wp-content\/uploads\/2025\/11\/momia8-1024x573.jpg",640,358,true],"1536x1536":["https:\/\/elfederalmendoza.com.ar\/wp-content\/uploads\/2025\/11\/momia8.jpg",1343,751,false],"2048x2048":["https:\/\/elfederalmendoza.com.ar\/wp-content\/uploads\/2025\/11\/momia8.jpg",1343,751,false],"ultp_layout_landscape_large":["https:\/\/elfederalmendoza.com.ar\/wp-content\/uploads\/2025\/11\/momia8-1200x751.jpg",1200,751,true],"ultp_layout_landscape":["https:\/\/elfederalmendoza.com.ar\/wp-content\/uploads\/2025\/11\/momia8-870x570.jpg",870,570,true],"ultp_layout_portrait":["https:\/\/elfederalmendoza.com.ar\/wp-content\/uploads\/2025\/11\/momia8-600x751.jpg",600,751,true],"ultp_layout_square":["https:\/\/elfederalmendoza.com.ar\/wp-content\/uploads\/2025\/11\/momia8-600x600.jpg",600,600,true],"rpwe-thumbnail":["https:\/\/elfederalmendoza.com.ar\/wp-content\/uploads\/2025\/11\/momia8-45x45.jpg",45,45,true],"advps-thumb-one":["https:\/\/elfederalmendoza.com.ar\/wp-content\/uploads\/2025\/11\/momia8-1200x420.jpg",1200,420,true]},"rttpg_author":{"display_name":"Redacci\u00f3n El Federal","author_link":"https:\/\/elfederalmendoza.com.ar\/index.php\/author\/angelflores\/"},"rttpg_comment":0,"rttpg_category":"<a href=\"https:\/\/elfederalmendoza.com.ar\/index.php\/category\/mza\/\" rel=\"category tag\">Mendoza<\/a>","rttpg_excerpt":"Luego de 40 a\u00f1os, la ofrenda inca del ni\u00f1o del&nbsp;cerro&nbsp;Aconcagua, que fue declarada Patrimonio de la Humanidad con Valor Universal Excepcional (VUE), ser\u00e1 trasladada este s\u00e1bado desde la sede del Conicet hacia el Museo de Ciencias Naturales y Antropol\u00f3gicas Juan Cornelio Moyano, en el parque San Mart\u00edn. Fue hallado en 1985 por una expedici\u00f3n del&hellip;","_links":{"self":[{"href":"https:\/\/elfederalmendoza.com.ar\/index.php\/wp-json\/wp\/v2\/posts\/35150","targetHints":{"allow":["GET"]}}],"collection":[{"href":"https:\/\/elfederalmendoza.com.ar\/index.php\/wp-json\/wp\/v2\/posts"}],"about":[{"href":"https:\/\/elfederalmendoza.com.ar\/index.php\/wp-json\/wp\/v2\/types\/post"}],"author":[{"embeddable":true,"href":"https:\/\/elfederalmendoza.com.ar\/index.php\/wp-json\/wp\/v2\/users\/2"}],"replies":[{"embeddable":true,"href":"https:\/\/elfederalmendoza.com.ar\/index.php\/wp-json\/wp\/v2\/comments?post=35150"}],"version-history":[{"count":1,"href":"https:\/\/elfederalmendoza.com.ar\/index.php\/wp-json\/wp\/v2\/posts\/35150\/revisions"}],"predecessor-version":[{"id":35152,"href":"https:\/\/elfederalmendoza.com.ar\/index.php\/wp-json\/wp\/v2\/posts\/35150\/revisions\/35152"}],"wp:featuredmedia":[{"embeddable":true,"href":"https:\/\/elfederalmendoza.com.ar\/index.php\/wp-json\/wp\/v2\/media\/35151"}],"wp:attachment":[{"href":"https:\/\/elfederalmendoza.com.ar\/index.php\/wp-json\/wp\/v2\/media?parent=35150"}],"wp:term":[{"taxonomy":"category","embeddable":true,"href":"https:\/\/elfederalmendoza.com.ar\/index.php\/wp-json\/wp\/v2\/categories?post=35150"},{"taxonomy":"post_tag","embeddable":true,"href":"https:\/\/elfederalmendoza.com.ar\/index.php\/wp-json\/wp\/v2\/tags?post=35150"}],"curies":[{"name":"wp","href":"https:\/\/api.w.org\/{rel}","templated":true}]}}