{"id":35153,"date":"2025-11-09T10:45:12","date_gmt":"2025-11-09T13:45:12","guid":{"rendered":"https:\/\/elfederalmendoza.com.ar\/?p=35153"},"modified":"2025-11-17T18:06:44","modified_gmt":"2025-11-17T21:06:44","slug":"grupo-de-investigadores-del-fenomeno-ovni-graba-programas-para-la-televison-de-mendoza-y-chile","status":"publish","type":"post","link":"https:\/\/elfederalmendoza.com.ar\/index.php\/2025\/11\/09\/grupo-de-investigadores-del-fenomeno-ovni-graba-programas-para-la-televison-de-mendoza-y-chile\/","title":{"rendered":"Grupo de investigadores del fen\u00f3meno ovni, graba programas para la televis\u00f3n de Mendoza y Chile"},"content":{"rendered":"\n<p>Im\u00e1gen generada con IA<\/p>\n\n\n\n<p>Se trata del grupo de investigadores del fen\u00f3meno ovni <strong><a href=\"https:\/\/www.youtube.com\/@entes.luminicos\">Entes Lum\u00ednicos<\/a><\/strong> de Mendoza, que ya se encuentra grabando ocho programas para la televisi\u00f3n de<strong> Mendoza (Canal 7), y la cadena VTV de Chile.<\/strong><\/p>\n\n\n\n<p>En una coproducci\u00f3n con <strong><a href=\"https:\/\/www.instagram.com\/surmedios\/\">Sur Medios<\/a><\/strong>, el grupo de investigadores promete difundir por primera vez para la televisi\u00f3n abierta, videos in\u00e9ditos de luces an\u00f3malas en zonas de cordillera y casos relevantes, asegurando que <strong>la provincia es una \u00abzona caliente\u00bb<\/strong> por numerosos avistamientos extra\u00f1os de luces y ovnis, seg\u00fan testimonios de testigos.<\/p>\n\n\n\n<figure class=\"wp-block-image size-large\"><img loading=\"lazy\" decoding=\"async\" width=\"1024\" height=\"681\" src=\"https:\/\/elfederalmendoza.com.ar\/wp-content\/uploads\/2025\/11\/WhatsApp-Image-2025-11-07-at-7.18.44-AM-1024x681.jpeg\" alt=\"\" class=\"wp-image-35154\" srcset=\"https:\/\/elfederalmendoza.com.ar\/wp-content\/uploads\/2025\/11\/WhatsApp-Image-2025-11-07-at-7.18.44-AM-1024x681.jpeg 1024w, https:\/\/elfederalmendoza.com.ar\/wp-content\/uploads\/2025\/11\/WhatsApp-Image-2025-11-07-at-7.18.44-AM-300x200.jpeg 300w, https:\/\/elfederalmendoza.com.ar\/wp-content\/uploads\/2025\/11\/WhatsApp-Image-2025-11-07-at-7.18.44-AM-768x511.jpeg 768w, https:\/\/elfederalmendoza.com.ar\/wp-content\/uploads\/2025\/11\/WhatsApp-Image-2025-11-07-at-7.18.44-AM-1536x1021.jpeg 1536w, https:\/\/elfederalmendoza.com.ar\/wp-content\/uploads\/2025\/11\/WhatsApp-Image-2025-11-07-at-7.18.44-AM.jpeg 1600w\" sizes=\"auto, (max-width: 1024px) 100vw, 1024px\" \/><figcaption class=\"wp-element-caption\">Grabaci\u00f3n de uno de los programas<\/figcaption><\/figure>\n\n\n\n<p>Ser\u00e1n ocho programas que ser\u00e1n difundidos con el <strong>testimonio de muchos testigos, an\u00e1lisis de im\u00e1genes y videos, trabajos de campo, y el an\u00e1lisis cient\u00edfico<\/strong> para determinar un diagn\u00f3stico final para saber que est\u00e1 pasando en los cielos de Mendoza.<\/p>\n\n\n\n<p>Entes Lum\u00ednicos es un grupo de profesionales de var\u00edas \u00e1reas, que comenzaron la tarea de investigaci\u00f3n por los numerosos reportes y denuncias de testigos que tuvieron avistamientos de ovnis y otros fen\u00f3menos relacionados, c\u00f3mo la <strong>mutilaci\u00f3n de ganado. Con relaci\u00f3n es esto, el grupo realiz\u00f3 un documental en la provincia de La Rioja<\/strong>:<\/p>\n\n\n\n<figure class=\"wp-block-embed is-type-video is-provider-youtube wp-block-embed-youtube wp-embed-aspect-16-9 wp-has-aspect-ratio\"><div class=\"wp-block-embed__wrapper\">\n<iframe loading=\"lazy\" title=\"Investigaci\u00f3n de Luces Extra\u00f1as y Mutilaci\u00f3n de Ganado en La Rioja, Argentina - Entes Lum\u00ednicos\" width=\"640\" height=\"360\" src=\"https:\/\/www.youtube.com\/embed\/qXrabE5ADVQ?start=832&#038;feature=oembed\" frameborder=\"0\" allow=\"accelerometer; autoplay; clipboard-write; encrypted-media; gyroscope; picture-in-picture; web-share\" referrerpolicy=\"strict-origin-when-cross-origin\" allowfullscreen><\/iframe>\n<\/div><\/figure>\n\n\n\n<p>El grupo adem\u00e1s tiene un programa semanal v\u00eda streaming que lo posicion\u00f3 <strong>c\u00f3mo el \u00fanico que trata el misterio de los ovnis y la vida extratrerrestre en la provincia de Mendoza.<\/strong><\/p>\n\n\n\n<figure class=\"wp-block-embed is-type-video is-provider-youtube wp-block-embed-youtube wp-embed-aspect-16-9 wp-has-aspect-ratio\"><div class=\"wp-block-embed__wrapper\">\n<iframe loading=\"lazy\" title=\"ENTES LUM\u00cdNICOS | ARCHIVOS UFO EP25\" width=\"640\" height=\"360\" src=\"https:\/\/www.youtube.com\/embed\/6DD_rQLYV5w?start=194&#038;feature=oembed\" frameborder=\"0\" allow=\"accelerometer; autoplay; clipboard-write; encrypted-media; gyroscope; picture-in-picture; web-share\" referrerpolicy=\"strict-origin-when-cross-origin\" allowfullscreen><\/iframe>\n<\/div><\/figure>\n\n\n\n<p>Los programas mostrar\u00e1n entrevistas con testigos, an\u00e1lisis de im\u00e1genes y videos, trabajos de campo y el tratamiento cient\u00edfico de profesionales en cada \u00e1rea <strong>para dar un resumen final del fen\u00f3meno.<\/strong><\/p>\n\n\n\n<p>\u00abEs una pseudociencia que tratamos de abordar con la m\u00e1xima seriedad aplicando protocolos cient\u00edficos en el an\u00e1lisis de cada caso\u00bb, dijo el ingeniero <strong>Ariel Godoy<\/strong>, integrante fundador del grupo.<\/p>\n\n\n\n<figure class=\"wp-block-image size-large\"><img loading=\"lazy\" decoding=\"async\" width=\"1024\" height=\"681\" src=\"https:\/\/elfederalmendoza.com.ar\/wp-content\/uploads\/2025\/11\/WhatsApp-Image-2025-11-07-at-7.18.30-AM-1024x681.jpeg\" alt=\"\" class=\"wp-image-35155\" srcset=\"https:\/\/elfederalmendoza.com.ar\/wp-content\/uploads\/2025\/11\/WhatsApp-Image-2025-11-07-at-7.18.30-AM-1024x681.jpeg 1024w, https:\/\/elfederalmendoza.com.ar\/wp-content\/uploads\/2025\/11\/WhatsApp-Image-2025-11-07-at-7.18.30-AM-300x200.jpeg 300w, https:\/\/elfederalmendoza.com.ar\/wp-content\/uploads\/2025\/11\/WhatsApp-Image-2025-11-07-at-7.18.30-AM-768x511.jpeg 768w, https:\/\/elfederalmendoza.com.ar\/wp-content\/uploads\/2025\/11\/WhatsApp-Image-2025-11-07-at-7.18.30-AM-1536x1021.jpeg 1536w, https:\/\/elfederalmendoza.com.ar\/wp-content\/uploads\/2025\/11\/WhatsApp-Image-2025-11-07-at-7.18.30-AM.jpeg 1600w\" sizes=\"auto, (max-width: 1024px) 100vw, 1024px\" \/><figcaption class=\"wp-element-caption\">Mart\u00edn Serafini y Ariel Godoy<\/figcaption><\/figure>\n\n\n\n<p>Por su parte, el Lic. en psicolog\u00eda<strong> Mart\u00edn Serafini <\/strong>enfatiz\u00f3 que \u00aben todos los casos se procede en dar un diagn\u00f3stico objetivo y no caer en un resultado final subjetivo seg\u00fan las creencias, idiosincrasia o cultura, que condicionan cada experiencia con el fen\u00f3meno\u00bb.<\/p>\n\n\n\n<p>Entre los profesionales que tiene el grupo de investigadores,<strong> Alejandro Asalgado<\/strong> se encarga de la edici\u00f3n de las im\u00e1genes de los programas, y en la producci\u00f3n general est\u00e1n <strong>Adrian Radich, Carlos Gobbi, Carlos Canale (productor t\u00e9cnico), Gabriel Hendrix, Mart\u00edn Fuentes, <\/strong>y el periodista <strong>Angel Flores <\/strong>como conductor del programa.<\/p>\n\n\n\n<figure class=\"wp-block-image size-large\"><img loading=\"lazy\" decoding=\"async\" width=\"1024\" height=\"681\" src=\"https:\/\/elfederalmendoza.com.ar\/wp-content\/uploads\/2025\/11\/WhatsApp-Image-2025-11-07-at-7.18.45-AM-1024x681.jpeg\" alt=\"\" class=\"wp-image-35156\" srcset=\"https:\/\/elfederalmendoza.com.ar\/wp-content\/uploads\/2025\/11\/WhatsApp-Image-2025-11-07-at-7.18.45-AM-1024x681.jpeg 1024w, https:\/\/elfederalmendoza.com.ar\/wp-content\/uploads\/2025\/11\/WhatsApp-Image-2025-11-07-at-7.18.45-AM-300x200.jpeg 300w, https:\/\/elfederalmendoza.com.ar\/wp-content\/uploads\/2025\/11\/WhatsApp-Image-2025-11-07-at-7.18.45-AM-768x511.jpeg 768w, https:\/\/elfederalmendoza.com.ar\/wp-content\/uploads\/2025\/11\/WhatsApp-Image-2025-11-07-at-7.18.45-AM-1536x1021.jpeg 1536w, https:\/\/elfederalmendoza.com.ar\/wp-content\/uploads\/2025\/11\/WhatsApp-Image-2025-11-07-at-7.18.45-AM.jpeg 1600w\" sizes=\"auto, (max-width: 1024px) 100vw, 1024px\" \/><figcaption class=\"wp-element-caption\">Integrantes de Entes Lum\u00ednicos en el backstage de grabaci\u00f3n<\/figcaption><\/figure>\n\n\n\n<p>Desde la producci\u00f3n del Grupo Am\u00e9rica adelantaron esta nueva tem\u00e1tica dentro de la programaci\u00f3n de Canal 7 de Mendoza.<strong> Walter Sastre<\/strong> enfatiz\u00f3 su espectativa del programa \u00abdifundiendo un fen\u00f3meno que cada vez m\u00e1s gente se interesa, d\u00e1ndole seriedad en las investigaciones de cada programa\u00bb.<\/p>\n\n\n\n<p>Se espera que los primeros programas salgan en el mes de <strong>diciembre o los primeros meses del 2026.<\/strong><\/p>\n","protected":false},"excerpt":{"rendered":"<p>Im\u00e1gen generada con IA Se trata del grupo de investigadores del fen\u00f3meno ovni Entes Lum\u00ednicos de Mendoza, que ya se encuentra grabando ocho programas para la televisi\u00f3n de Mendoza (Canal 7), y la cadena VTV de Chile. En una coproducci\u00f3n con Sur Medios, el grupo de investigadores promete difundir por primera vez para la televisi\u00f3n<a class=\"read-more\" href=\"https:\/\/elfederalmendoza.com.ar\/index.php\/2025\/11\/09\/grupo-de-investigadores-del-fenomeno-ovni-graba-programas-para-la-televison-de-mendoza-y-chile\/\"> [&hellip;]<\/a><\/p>\n","protected":false},"author":2,"featured_media":35160,"comment_status":"open","ping_status":"open","sticky":false,"template":"","format":"standard","meta":{"footnotes":""},"categories":[1],"tags":[],"class_list":["post-35153","post","type-post","status-publish","format-standard","has-post-thumbnail","hentry","category-mza"],"rttpg_featured_image_url":{"full":["https:\/\/elfederalmendoza.com.ar\/wp-content\/uploads\/2025\/11\/ia-uspallata.jpg",1252,764,false],"landscape":["https:\/\/elfederalmendoza.com.ar\/wp-content\/uploads\/2025\/11\/ia-uspallata.jpg",1252,764,false],"portraits":["https:\/\/elfederalmendoza.com.ar\/wp-content\/uploads\/2025\/11\/ia-uspallata.jpg",1252,764,false],"thumbnail":["https:\/\/elfederalmendoza.com.ar\/wp-content\/uploads\/2025\/11\/ia-uspallata-150x150.jpg",150,150,true],"medium":["https:\/\/elfederalmendoza.com.ar\/wp-content\/uploads\/2025\/11\/ia-uspallata-300x183.jpg",300,183,true],"large":["https:\/\/elfederalmendoza.com.ar\/wp-content\/uploads\/2025\/11\/ia-uspallata-1024x625.jpg",640,391,true],"1536x1536":["https:\/\/elfederalmendoza.com.ar\/wp-content\/uploads\/2025\/11\/ia-uspallata.jpg",1252,764,false],"2048x2048":["https:\/\/elfederalmendoza.com.ar\/wp-content\/uploads\/2025\/11\/ia-uspallata.jpg",1252,764,false],"ultp_layout_landscape_large":["https:\/\/elfederalmendoza.com.ar\/wp-content\/uploads\/2025\/11\/ia-uspallata-1200x764.jpg",1200,764,true],"ultp_layout_landscape":["https:\/\/elfederalmendoza.com.ar\/wp-content\/uploads\/2025\/11\/ia-uspallata-870x570.jpg",870,570,true],"ultp_layout_portrait":["https:\/\/elfederalmendoza.com.ar\/wp-content\/uploads\/2025\/11\/ia-uspallata-600x764.jpg",600,764,true],"ultp_layout_square":["https:\/\/elfederalmendoza.com.ar\/wp-content\/uploads\/2025\/11\/ia-uspallata-600x600.jpg",600,600,true],"rpwe-thumbnail":["https:\/\/elfederalmendoza.com.ar\/wp-content\/uploads\/2025\/11\/ia-uspallata-45x45.jpg",45,45,true],"advps-thumb-one":["https:\/\/elfederalmendoza.com.ar\/wp-content\/uploads\/2025\/11\/ia-uspallata-1200x420.jpg",1200,420,true]},"rttpg_author":{"display_name":"Redacci\u00f3n El Federal","author_link":"https:\/\/elfederalmendoza.com.ar\/index.php\/author\/angelflores\/"},"rttpg_comment":0,"rttpg_category":"<a href=\"https:\/\/elfederalmendoza.com.ar\/index.php\/category\/mza\/\" rel=\"category tag\">Mendoza<\/a>","rttpg_excerpt":"Im\u00e1gen generada con IA Se trata del grupo de investigadores del fen\u00f3meno ovni Entes Lum\u00ednicos de Mendoza, que ya se encuentra grabando ocho programas para la televisi\u00f3n de Mendoza (Canal 7), y la cadena VTV de Chile. En una coproducci\u00f3n con Sur Medios, el grupo de investigadores promete difundir por primera vez para la televisi\u00f3n&hellip;","_links":{"self":[{"href":"https:\/\/elfederalmendoza.com.ar\/index.php\/wp-json\/wp\/v2\/posts\/35153","targetHints":{"allow":["GET"]}}],"collection":[{"href":"https:\/\/elfederalmendoza.com.ar\/index.php\/wp-json\/wp\/v2\/posts"}],"about":[{"href":"https:\/\/elfederalmendoza.com.ar\/index.php\/wp-json\/wp\/v2\/types\/post"}],"author":[{"embeddable":true,"href":"https:\/\/elfederalmendoza.com.ar\/index.php\/wp-json\/wp\/v2\/users\/2"}],"replies":[{"embeddable":true,"href":"https:\/\/elfederalmendoza.com.ar\/index.php\/wp-json\/wp\/v2\/comments?post=35153"}],"version-history":[{"count":4,"href":"https:\/\/elfederalmendoza.com.ar\/index.php\/wp-json\/wp\/v2\/posts\/35153\/revisions"}],"predecessor-version":[{"id":35184,"href":"https:\/\/elfederalmendoza.com.ar\/index.php\/wp-json\/wp\/v2\/posts\/35153\/revisions\/35184"}],"wp:featuredmedia":[{"embeddable":true,"href":"https:\/\/elfederalmendoza.com.ar\/index.php\/wp-json\/wp\/v2\/media\/35160"}],"wp:attachment":[{"href":"https:\/\/elfederalmendoza.com.ar\/index.php\/wp-json\/wp\/v2\/media?parent=35153"}],"wp:term":[{"taxonomy":"category","embeddable":true,"href":"https:\/\/elfederalmendoza.com.ar\/index.php\/wp-json\/wp\/v2\/categories?post=35153"},{"taxonomy":"post_tag","embeddable":true,"href":"https:\/\/elfederalmendoza.com.ar\/index.php\/wp-json\/wp\/v2\/tags?post=35153"}],"curies":[{"name":"wp","href":"https:\/\/api.w.org\/{rel}","templated":true}]}}