{"id":35173,"date":"2025-11-12T08:37:18","date_gmt":"2025-11-12T11:37:18","guid":{"rendered":"https:\/\/elfederalmendoza.com.ar\/?p=35173"},"modified":"2025-11-12T08:37:18","modified_gmt":"2025-11-12T11:37:18","slug":"golpe-a-la-caja-sindical-milei-busca-desactivar-una-caja-millonaria-de-los-gremios","status":"publish","type":"post","link":"https:\/\/elfederalmendoza.com.ar\/index.php\/2025\/11\/12\/golpe-a-la-caja-sindical-milei-busca-desactivar-una-caja-millonaria-de-los-gremios\/","title":{"rendered":"Golpe a la caja sindical: Milei busca desactivar una caja millonaria de los gremios"},"content":{"rendered":"\n<p>El Gobierno avanza con un nuevo proyecto que redefine el v\u00ednculo entre empleadores y trabajadores, limita las cuotas solidarias y promueve acuerdos por empresa. Los sindicatos alertan que est\u00e1 en juego su financiamiento hist\u00f3rico.<\/p>\n\n\n\n<p>El Gobierno de\u00a0<strong>Javier Milei<\/strong>\u00a0avanza con el\u00a0<strong>nuevo proyecto de\u00a0reforma laboral<\/strong>, una iniciativa que promete modificar de ra\u00edz la legislaci\u00f3n vigente y que ya abri\u00f3 un frente de conflicto con la\u00a0<strong>CGT<\/strong>.\u00a0<\/p>\n\n\n\n<p>Seg\u00fan fuentes oficiales, el paquete incluir\u00e1&nbsp;<strong>casi 100 art\u00edculos<\/strong>&nbsp;y ser\u00e1 presentado en el Congreso a mediados de diciembre, con respaldo de los gobernadores y del&nbsp;<strong>Consejo de Mayo<\/strong>.<\/p>\n\n\n\n<p>La propuesta fue elaborada por el ministro de Desregulaci\u00f3n,&nbsp;<strong>Federico Sturzenegger<\/strong>, y el equipo de la ministra de Capital Humano,&nbsp;<strong>Sandra Pettovello<\/strong>, encabezado por el secretario de Trabajo,&nbsp;<strong>Julio Cordero<\/strong>. Entre los ejes centrales figuran el&nbsp;<strong>Fondo de Cese Laboral<\/strong>, el&nbsp;<strong>Banco de Horas<\/strong>&nbsp;y la&nbsp;<strong>limitaci\u00f3n de las cuotas solidarias<\/strong>, el mecanismo por el cual los sindicatos financian buena parte de su estructura.<\/p>\n\n\n\n<p>\u00abNo vamos a negociar a ciegas\u00bb, advirti\u00f3 el dirigente de la CGT&nbsp;<strong>Cristian Jer\u00f3nimo<\/strong>, al marcar la resistencia sindical frente al avance del proyecto.<\/p>\n\n\n\n<figure class=\"wp-block-image is-resized\"><img decoding=\"async\" src=\"https:\/\/www.mendozapost.com\/files\/image\/199\/199641\/5c597b7e2e593_570_368!.jpg?s=c80c3d1ee34b6a2ba305bd34fbd473d9&amp;d=1762908374\" alt=\"\" style=\"width:840px;height:auto\"\/><figcaption class=\"wp-element-caption\">Los sindicatos en alerta por la Reforma Laboral.<\/figcaption><\/figure>\n\n\n\n<p><strong>Fondo de cese y acuerdos por empresa<\/strong><\/p>\n\n\n\n<p>El&nbsp;<strong>Fondo de Cese Laboral<\/strong>&nbsp;-una figura ya incluida en la Ley Bases pero que ahora se ampl\u00eda- permitir\u00e1 reemplazar la indemnizaci\u00f3n tradicional por aportes mensuales a fondos comunes de inversi\u00f3n o fideicomisos financieros. Ser\u00e1&nbsp;<strong>optativo<\/strong>, pero solo si es acordado en los convenios colectivos entre sindicatos y c\u00e1maras empresarias.<\/p>\n\n\n\n<p>La l\u00f3gica oficial busca&nbsp;<strong>reducir la litigiosidad<\/strong>&nbsp;y&nbsp;<strong>fomentar la contrataci\u00f3n<\/strong>, al tiempo que se conserva la protecci\u00f3n del trabajador. Otro punto clave es la posibilidad de que los&nbsp;<strong>acuerdos por empresa o por regi\u00f3n prevalezcan sobre los convenios de actividad<\/strong>, lo que implica una transformaci\u00f3n estructural del sistema actual.<\/p>\n\n\n\n<p>\u00abEs exactamente al rev\u00e9s de lo que estipula hoy la ley\u00bb, reconocen en el Gobierno a medios econ\u00f3micos.&nbsp;Esta medida, de aprobarse,&nbsp;<strong>debilitar\u00eda el poder centralizado<\/strong>&nbsp;de los gremios y&nbsp;<strong>fortalecer\u00eda las comisiones internas<\/strong>&nbsp;dentro de las empresas, que pasar\u00edan a tener potestad para negociar directamente condiciones laborales.<\/p>\n\n\n\n<p><strong>Golpe a la caja sindical<\/strong><\/p>\n\n\n\n<p>Uno de los apartados que m\u00e1s inquieta a los gremios es la&nbsp;<strong>limitaci\u00f3n de las cuotas solidarias<\/strong>, un mecanismo mediante el cual los sindicatos reciben aportes obligatorios de todos los trabajadores de una actividad, est\u00e9n o no afiliados.<\/p>\n\n\n\n<p>Seg\u00fan estimaciones oficiales,&nbsp;<strong>las principales organizaciones sindicales manejan fondos multimillonarios<\/strong>&nbsp;a trav\u00e9s de este sistema.<\/p>\n\n\n\n<p><strong>Camioneros<\/strong>: con 244.000 afiliados, recauda alrededor de&nbsp;<strong>$206.500 millones al a\u00f1o<\/strong>, equivalente a $845.000 por trabajador.&nbsp;<strong>Comercio<\/strong>: con 1,2 millones de afiliados, percibe cerca de&nbsp;<strong>$1 bill\u00f3n anual<\/strong>, unos $803.000 por trabajador.&nbsp;<strong>Construcci\u00f3n (UOCRA)<\/strong>: recauda&nbsp;<strong>$372.000 millones anuales<\/strong>, o $1 mill\u00f3n por trabajador.&nbsp;<strong>Encargados de edificios (SUTERH)<\/strong>: cerca de&nbsp;<strong>$79.300 millones anuales<\/strong>.&nbsp;<strong>Metal\u00fargicos (UOM)<\/strong>: unos&nbsp;<strong>$96.500 millones al a\u00f1o<\/strong>.&nbsp;<strong>Gastron\u00f3micos (Uthgra)<\/strong>: m\u00e1s de&nbsp;<strong>$228.000 millones anuales<\/strong>.<\/p>\n\n\n\n<figure class=\"wp-block-image is-resized\"><img decoding=\"async\" src=\"https:\/\/www.mendozapost.com\/files\/image\/522\/522893\/653697d3b2ec9_570_428!.jpg?s=1bed24bf86a504d41cf074e17e6c9e3e&amp;d=1762908514\" alt=\"\" style=\"width:840px;height:auto\"\/><figcaption class=\"wp-element-caption\">El gobierno busca disminuir los ingresos de los sindicatos.<\/figcaption><\/figure>\n\n\n\n<p>El proyecto estipula que&nbsp;<strong>solo los afiliados podr\u00e1n realizar aportes<\/strong>, salvo consentimiento expreso de los no afiliados. Es la misma idea que Sturzenegger hab\u00eda impulsado en el&nbsp;<strong>DNU 70<\/strong>, frenado por la Justicia.<\/p>\n\n\n\n<p>\u00abSi este decreto voltea las cuotas solidarias, pone en bancarrota a todo el gremio\u00bb, hab\u00eda advertido meses atr\u00e1s&nbsp;<strong>Armando Cavalieri<\/strong>, l\u00edder del sindicato de Comercio.<\/p>\n\n\n\n<p>La iniciativa tambi\u00e9n plantea una&nbsp;<strong>reglamentaci\u00f3n del derecho a huelga<\/strong>, retomando conceptos del DNU 70 y del decreto 340. Se redefinir\u00e1n los&nbsp;<strong>servicios esenciales<\/strong>&nbsp;y&nbsp;<strong>trascendentales<\/strong>, con obligaciones de cobertura m\u00ednima del 75% y 50%, respectivamente.<\/p>\n\n\n\n<p>Adem\u00e1s, se incorpora la figura del&nbsp;<strong>salario din\u00e1mico o variable<\/strong>, vinculado al m\u00e9rito individual, la productividad o la situaci\u00f3n econ\u00f3mica de la empresa.<\/p>\n\n\n\n<p>Otro aspecto relevante es la&nbsp;<strong>clarificaci\u00f3n de la Ley de Contrato de Trabajo<\/strong>, que excluir\u00e1 a la administraci\u00f3n p\u00fablica, el r\u00e9gimen dom\u00e9stico, el trabajo agrario y las plataformas digitales. Seg\u00fan los t\u00e9cnicos del Gobierno, esto&nbsp;<strong>brinda seguridad jur\u00eddica<\/strong>&nbsp;y adapta la normativa a&nbsp;<strong>nuevas formas de empleo<\/strong>.<\/p>\n\n\n\n<p><strong>Banco de horas y vacaciones flexibles<\/strong><\/p>\n\n\n\n<p>El esquema de&nbsp;<strong>banco de horas<\/strong>&nbsp;permitir\u00e1 organizar la jornada laboral seg\u00fan promedios semanales o mensuales, con un m\u00e1ximo de&nbsp;<strong>48 horas semanales<\/strong>. As\u00ed, por ejemplo, un trabajador podr\u00eda laborar&nbsp;<strong>12 horas durante cuatro d\u00edas<\/strong>&nbsp;y luego descansar tres, sin violar los l\u00edmites legales.<\/p>\n\n\n\n<p>En sectores como la miner\u00eda o los shoppings, el sistema ya se aplica parcialmente. \u00abLa idea es modernizar sin precarizar\u00bb, aseguran desde la Secretar\u00eda de Trabajo.<\/p>\n\n\n\n<p>Tambi\u00e9n se habilita el&nbsp;<strong>fraccionamiento de las vacaciones<\/strong>&nbsp;en per\u00edodos m\u00ednimos de siete d\u00edas, por acuerdo entre las partes, para facilitar la planificaci\u00f3n empresarial y las preferencias del trabajador.<\/p>\n\n\n\n<p>El Gobierno prev\u00e9 enviar el proyecto al&nbsp;<strong>Congreso a mediados de diciembre<\/strong>, junto con la&nbsp;<strong>reforma tributaria<\/strong>, como parte de un paquete coordinado. Seg\u00fan trascendi\u00f3, Milei conf\u00eda en obtener el respaldo de los gobernadores en el&nbsp;<strong>Consejo de Mayo<\/strong>, aunque la CGT ya prepara una&nbsp;<strong>estrategia judicial y de movilizaci\u00f3n<\/strong>&nbsp;para frenar la iniciativa.<\/p>\n\n\n\n<p>En la Casa Rosada sostienen que la&nbsp;<strong>reforma laboral es clave para atraer inversiones<\/strong>&nbsp;y reducir la informalidad, mientras que los sindicatos la interpretan como un intento por&nbsp;<strong>debilitar su poder financiero y pol\u00edtico<\/strong>.<\/p>\n\n\n\n<p>En el trasfondo, se juega algo m\u00e1s que una cuesti\u00f3n de derechos laborales: el&nbsp;<strong>control de una caja multimillonaria<\/strong>&nbsp;que durante d\u00e9cadas sostuvo la estructura sindical argentina.<\/p>\n","protected":false},"excerpt":{"rendered":"<p>El Gobierno avanza con un nuevo proyecto que redefine el v\u00ednculo entre empleadores y trabajadores, limita las cuotas solidarias y promueve acuerdos por empresa. Los sindicatos alertan que est\u00e1 en juego su financiamiento hist\u00f3rico. El Gobierno de\u00a0Javier Milei\u00a0avanza con el\u00a0nuevo proyecto de\u00a0reforma laboral, una iniciativa que promete modificar de ra\u00edz la legislaci\u00f3n vigente y que<a class=\"read-more\" href=\"https:\/\/elfederalmendoza.com.ar\/index.php\/2025\/11\/12\/golpe-a-la-caja-sindical-milei-busca-desactivar-una-caja-millonaria-de-los-gremios\/\"> [&hellip;]<\/a><\/p>\n","protected":false},"author":2,"featured_media":32157,"comment_status":"open","ping_status":"open","sticky":false,"template":"","format":"standard","meta":{"footnotes":""},"categories":[5618],"tags":[],"class_list":["post-35173","post","type-post","status-publish","format-standard","has-post-thumbnail","hentry","category-arg"],"rttpg_featured_image_url":{"full":["https:\/\/elfederalmendoza.com.ar\/wp-content\/uploads\/2024\/03\/milei8.jpg",1129,797,false],"landscape":["https:\/\/elfederalmendoza.com.ar\/wp-content\/uploads\/2024\/03\/milei8.jpg",1129,797,false],"portraits":["https:\/\/elfederalmendoza.com.ar\/wp-content\/uploads\/2024\/03\/milei8.jpg",1129,797,false],"thumbnail":["https:\/\/elfederalmendoza.com.ar\/wp-content\/uploads\/2024\/03\/milei8-150x150.jpg",150,150,true],"medium":["https:\/\/elfederalmendoza.com.ar\/wp-content\/uploads\/2024\/03\/milei8-300x212.jpg",300,212,true],"large":["https:\/\/elfederalmendoza.com.ar\/wp-content\/uploads\/2024\/03\/milei8-1024x723.jpg",640,452,true],"1536x1536":["https:\/\/elfederalmendoza.com.ar\/wp-content\/uploads\/2024\/03\/milei8.jpg",1129,797,false],"2048x2048":["https:\/\/elfederalmendoza.com.ar\/wp-content\/uploads\/2024\/03\/milei8.jpg",1129,797,false],"ultp_layout_landscape_large":["https:\/\/elfederalmendoza.com.ar\/wp-content\/uploads\/2024\/03\/milei8.jpg",1129,797,false],"ultp_layout_landscape":["https:\/\/elfederalmendoza.com.ar\/wp-content\/uploads\/2024\/03\/milei8-870x570.jpg",870,570,true],"ultp_layout_portrait":["https:\/\/elfederalmendoza.com.ar\/wp-content\/uploads\/2024\/03\/milei8-600x797.jpg",600,797,true],"ultp_layout_square":["https:\/\/elfederalmendoza.com.ar\/wp-content\/uploads\/2024\/03\/milei8-600x600.jpg",600,600,true],"rpwe-thumbnail":["https:\/\/elfederalmendoza.com.ar\/wp-content\/uploads\/2024\/03\/milei8-45x45.jpg",45,45,true],"advps-thumb-one":["https:\/\/elfederalmendoza.com.ar\/wp-content\/uploads\/2024\/03\/milei8-1129x420.jpg",1129,420,true]},"rttpg_author":{"display_name":"Redacci\u00f3n El Federal","author_link":"https:\/\/elfederalmendoza.com.ar\/index.php\/author\/angelflores\/"},"rttpg_comment":1,"rttpg_category":"<a href=\"https:\/\/elfederalmendoza.com.ar\/index.php\/category\/arg\/\" rel=\"category tag\">Argentina<\/a>","rttpg_excerpt":"El Gobierno avanza con un nuevo proyecto que redefine el v\u00ednculo entre empleadores y trabajadores, limita las cuotas solidarias y promueve acuerdos por empresa. Los sindicatos alertan que est\u00e1 en juego su financiamiento hist\u00f3rico. El Gobierno de\u00a0Javier Milei\u00a0avanza con el\u00a0nuevo proyecto de\u00a0reforma laboral, una iniciativa que promete modificar de ra\u00edz la legislaci\u00f3n vigente y que&hellip;","_links":{"self":[{"href":"https:\/\/elfederalmendoza.com.ar\/index.php\/wp-json\/wp\/v2\/posts\/35173","targetHints":{"allow":["GET"]}}],"collection":[{"href":"https:\/\/elfederalmendoza.com.ar\/index.php\/wp-json\/wp\/v2\/posts"}],"about":[{"href":"https:\/\/elfederalmendoza.com.ar\/index.php\/wp-json\/wp\/v2\/types\/post"}],"author":[{"embeddable":true,"href":"https:\/\/elfederalmendoza.com.ar\/index.php\/wp-json\/wp\/v2\/users\/2"}],"replies":[{"embeddable":true,"href":"https:\/\/elfederalmendoza.com.ar\/index.php\/wp-json\/wp\/v2\/comments?post=35173"}],"version-history":[{"count":1,"href":"https:\/\/elfederalmendoza.com.ar\/index.php\/wp-json\/wp\/v2\/posts\/35173\/revisions"}],"predecessor-version":[{"id":35174,"href":"https:\/\/elfederalmendoza.com.ar\/index.php\/wp-json\/wp\/v2\/posts\/35173\/revisions\/35174"}],"wp:featuredmedia":[{"embeddable":true,"href":"https:\/\/elfederalmendoza.com.ar\/index.php\/wp-json\/wp\/v2\/media\/32157"}],"wp:attachment":[{"href":"https:\/\/elfederalmendoza.com.ar\/index.php\/wp-json\/wp\/v2\/media?parent=35173"}],"wp:term":[{"taxonomy":"category","embeddable":true,"href":"https:\/\/elfederalmendoza.com.ar\/index.php\/wp-json\/wp\/v2\/categories?post=35173"},{"taxonomy":"post_tag","embeddable":true,"href":"https:\/\/elfederalmendoza.com.ar\/index.php\/wp-json\/wp\/v2\/tags?post=35173"}],"curies":[{"name":"wp","href":"https:\/\/api.w.org\/{rel}","templated":true}]}}