{"id":35179,"date":"2025-11-14T09:41:51","date_gmt":"2025-11-14T12:41:51","guid":{"rendered":"https:\/\/elfederalmendoza.com.ar\/?p=35179"},"modified":"2025-11-14T09:42:55","modified_gmt":"2025-11-14T12:42:55","slug":"las-impresionantes-imagenes-del-portaaviones-uss-gerald-r-ford-en-el-caribe-es-la-plataforma-de-combate-mas-letal-del-mundo","status":"publish","type":"post","link":"https:\/\/elfederalmendoza.com.ar\/index.php\/2025\/11\/14\/las-impresionantes-imagenes-del-portaaviones-uss-gerald-r-ford-en-el-caribe-es-la-plataforma-de-combate-mas-letal-del-mundo\/","title":{"rendered":"Las impresionantes im\u00e1genes del portaaviones USS Gerald R. Ford en el Caribe: \u201cEs la plataforma de combate m\u00e1s letal del mundo\u201d"},"content":{"rendered":"\n<p>Con capacidad para 4.500 tripulantes y 70 aviones, comenz\u00f3 a realizar sus primeros movimientos cerca de las costas de Venezuela, donde la Marina de Estados Unidos opera contra lanchas de narcotraficantes.<\/p>\n\n\n\n<p>El&nbsp;<strong>USS Gerald R. Ford<\/strong>&nbsp;lleg\u00f3 a aguas del Caribe para apoyar el despliegue estadounidense orientado al desmantelamiento de organizaciones criminales.&nbsp;<strong>Es el portaaviones m\u00e1s grande del mundo<\/strong>, con capacidad para&nbsp;<strong>4.500 tripulantes<\/strong>&nbsp;y&nbsp;<strong>70 aviones<\/strong>.<a href=\"https:\/\/www.infobae.com\/fotos\/2025\/11\/13\/36-fotos-el-gran-evento-anual-de-amia-en-el-palacio-libertad\/\" target=\"_blank\" rel=\"noreferrer noopener\"><\/a><\/p>\n\n\n\n<p>La\u00a0<strong>Marina de Estados Unidos<\/strong>\u00a0lo describe como la \u201c<strong>plataforma de combate m\u00e1s capaz, vers\u00e1til y letal del mundo<\/strong>\u201d.<\/p>\n\n\n\n<p><img loading=\"lazy\" decoding=\"async\" height=\"1281\" width=\"1920\" src=\"https:\/\/www.infobae.com\/resizer\/v2\/FIYEY7D5L5GZXBG23QUODDQAKA.jpg?auth=3f8dcaa4b6b0700958fdb324896fdf23aa6caf59f7efab43730714f6452bae66&amp;smart=true&amp;width=350&amp;height=234&amp;quality=85\" alt=\"El USS Gerald R. Ford\">El USS Gerald R. Ford es el portaaviones m\u00e1s grande del mundo, con capacidad para 4.500 tripulantes y 70 aviones (dvidshub.net)<img loading=\"lazy\" decoding=\"async\" height=\"1371\" width=\"1920\" src=\"https:\/\/www.infobae.com\/resizer\/v2\/OU2Z2LJ3R5GY5IMFWA5F3FOPMY.jpg?auth=299d09a9c59e382ec510754655a33f620bf83580a8fe3146607ad73b48d3db94&amp;smart=true&amp;width=350&amp;height=250&amp;quality=85\" alt=\"La Marina de Estados Unidos\">La Marina de Estados Unidos lo describe como la \u201cplataforma de combate m\u00e1s capaz, vers\u00e1til y letal del mundo\u201d (dvidshub.net)<\/p>\n\n\n\n<p>Su construcci\u00f3n comenz\u00f3 en noviembre de 2009 y fue botado el 9 de noviembre de 2013 en los astilleros militares de&nbsp;<strong>Newport News<\/strong>&nbsp;(Virginia). Entr\u00f3 en servicio el&nbsp;<strong>22 de julio de 2017<\/strong>, en una ceremonia presidida por&nbsp;<a href=\"https:\/\/www.infobae.com\/tag\/donald-trump\/\" target=\"_blank\" rel=\"noreferrer noopener\"><strong>Donald Trump<\/strong><\/a>, quien atravesaba los primeros meses de su primer mandato.<a href=\"https:\/\/www.infobae.com\/fotos\/2025\/11\/13\/20-fotos-de-la-entrega-de-los-premios-ciudadania-empresaria-2025-de-amcham\/\" target=\"_blank\" rel=\"noreferrer noopener\"><\/a><\/p>\n\n\n\n<p>El&nbsp;<strong>Gerald R. Ford<\/strong>, que supera los 335 metros de largo y opera con energ\u00eda nuclear, est\u00e1 equipado con un sistema pionero de catapulta de despegue electromagn\u00e9tico, radares avanzados y reactores nucleares que suministran energ\u00eda ininterrumpida a sus motores.<\/p>\n\n\n\n<p><img loading=\"lazy\" decoding=\"async\" height=\"1281\" width=\"1920\" src=\"https:\/\/www.infobae.com\/resizer\/v2\/JOVLPPJPRBDGRFZDCP5KEL54CQ.jpg?auth=46e7250b5664dcb05c3e14d3d6ec08bfd91b0a8242c99c3c34feeddcae34ce3e&amp;smart=true&amp;width=350&amp;height=234&amp;quality=85\" alt=\"Su construcci\u00f3n comenz\u00f3 en noviembre\">Su construcci\u00f3n comenz\u00f3 en noviembre de 2009 (dvidshub.net)<img loading=\"lazy\" decoding=\"async\" height=\"1281\" width=\"1920\" src=\"https:\/\/www.infobae.com\/resizer\/v2\/TGFL5UGEEBFNBOPP7JL2RN5HUQ.jpg?auth=cbe1c5efba1fac3eb3c4123ebb60563a95e9fd347797e1b7c21c9ca2b9bccbe4&amp;smart=true&amp;width=350&amp;height=234&amp;quality=85\" alt=\"Entr\u00f3 en servicio el 22\">Entr\u00f3 en servicio el 22 de julio de 2017, en una ceremonia presidida por Donald Trump, quien atravesaba los primeros meses de su primer mandato (dvidshub.net)<img loading=\"lazy\" decoding=\"async\" height=\"1281\" width=\"1920\" src=\"https:\/\/www.infobae.com\/resizer\/v2\/JDCDYLV2GVATLMWYOJK7FMR67Y.jpg?auth=b2a82d1c82f8fc435178a9f04cf6728f7b8d15009613af958ea1d49264e7040a&amp;smart=true&amp;width=350&amp;height=234&amp;quality=85\" alt=\"El Gerald R. Ford supera\">El Gerald R. Ford supera los 335 metros de largo y opera con energ\u00eda nuclear (dvidshub.net)<\/p>\n\n\n\n<p>El buque, con un peso de hasta&nbsp;<strong>100.000 toneladas<\/strong>, transporta misiles de autodefensa&nbsp;<strong>ESSM<\/strong>&nbsp;y el sistema de armas de corto alcance&nbsp;<strong>CIWS<\/strong>. Su construcci\u00f3n tuvo un coste cercano a los&nbsp;<strong>13.000 millones de d\u00f3lares<\/strong>.<a href=\"https:\/\/www.infobae.com\/fotos\/2025\/11\/13\/24-fotos-de-la-gala-de-primavera-de-la-fundacion-teatro-colon\/\" target=\"_blank\" rel=\"noreferrer noopener\"><\/a><\/p>\n\n\n\n<p>Durante las pruebas, el&nbsp;<strong>USS Gerald Ford<\/strong>&nbsp;soport\u00f3 en 2021 el impacto de tres explosiones submarinas conocidas como&nbsp;<strong>Pruebas de Choque a Nivel de Buque<\/strong>, confirmando su capacidad para resistir impactos severos y continuar operando en condiciones adversas.<\/p>\n\n\n\n<p><img loading=\"lazy\" decoding=\"async\" height=\"1281\" width=\"1920\" src=\"https:\/\/www.infobae.com\/resizer\/v2\/NFNPIFYP7ZFSBCODIR6RVSWRHQ.jpg?auth=6f7a111d11b3f734cb04b77cf930f6f3ecd10aaa21207226fb4be2566ae31be0&amp;smart=true&amp;width=350&amp;height=234&amp;quality=85\" alt=\"El buque, con un peso\">El buque, con un peso de hasta 100.000 toneladas, transporta misiles de autodefensa ESSM y el sistema de armas de corto alcance CIWS (dvidshub.net)<img loading=\"lazy\" decoding=\"async\" height=\"1081\" width=\"1920\" src=\"https:\/\/www.infobae.com\/resizer\/v2\/J3HZWSSWGVESPO6LCTFNE3WOXQ.jpg?auth=cdc27dfd534d78ff186f55f2f140b2c936f1cbf0cf31832cad5ae56a456b8752&amp;smart=true&amp;width=350&amp;height=197&amp;quality=85\" alt=\"Su construcci\u00f3n tuvo un coste\">Su construcci\u00f3n tuvo un coste cercano a los 13.000 millones de d\u00f3lares (dvidshub.net)<img loading=\"lazy\" decoding=\"async\" height=\"1200\" width=\"1920\" src=\"https:\/\/www.infobae.com\/resizer\/v2\/RL7KXNGMCJA33KEWAILABQHRYQ.jpg?auth=68ef0f7895521d5ddd3b84b02d0640ce0182250515e1ac08050eabd09cdfceba&amp;smart=true&amp;width=350&amp;height=219&amp;quality=85\" alt=\"Durante las pruebas, el USS\">Durante las pruebas, el USS Gerald Ford soport\u00f3 en 2021 el impacto de tres explosiones submarinas conocidas como Pruebas de Choque a Nivel de Buque, confirmando su capacidad para resistir impactos severos y continuar operando en condiciones adversas (dvidshub.net)<\/p>\n\n\n\n<p>Con este buque comienza una nueva era en el dise\u00f1o de portaaviones estadounidenses, ya que es el primero de la clase&nbsp;<strong>Gerald Ford<\/strong>, que sucede a la clase&nbsp;<strong>Nimitz<\/strong>, activa entre 1975 y 2010.<\/p>\n\n\n\n<p>La marina norteamericana cuenta actualmente con once portaaviones: diez de la clase&nbsp;<strong>Nimitz<\/strong>&nbsp;y el&nbsp;<strong>Gerald Ford<\/strong>.<\/p>\n\n\n\n<p>El nombre honra a&nbsp;<strong>Gerald R. Ford<\/strong>, trig\u00e9simo octavo presidente de los&nbsp;<strong>Estados Unidos<\/strong>, republicano que asumi\u00f3 la presidencia tras la dimisi\u00f3n de&nbsp;<strong>Richard Nixon<\/strong>&nbsp;por el esc\u00e1ndalo&nbsp;<strong>Watergate<\/strong>, a quien indult\u00f3 tras asumir el cargo.<\/p>\n\n\n\n<p><img loading=\"lazy\" decoding=\"async\" height=\"1372\" width=\"1920\" src=\"https:\/\/www.infobae.com\/resizer\/v2\/WAEV7T4KJFDEBPTGOLWWRUNF5E.jpg?auth=6fc6ad37b16e78120f727c4aab065d08011c03bf2397df6670851d611ca74a09&amp;smart=true&amp;width=350&amp;height=250&amp;quality=85\" alt=\"Con este buque comienza una\">Con este buque comienza una nueva era en el dise\u00f1o de portaaviones estadounidenses (dvidshub.net)<img loading=\"lazy\" decoding=\"async\" height=\"1281\" width=\"1920\" src=\"https:\/\/www.infobae.com\/resizer\/v2\/DTG63OX5JVCDBJCWHPZSMQE2GY.jpg?auth=9d747c960c560dc270b5726c7282639b38f731240c2ce9b578e0e7ef5e84b62f&amp;smart=true&amp;width=350&amp;height=234&amp;quality=85\" alt=\"La marina norteamericana cuenta actualmente\">La marina norteamericana cuenta actualmente con once portaaviones: diez de la clase Nimitz y el Gerald Ford (dvidshub.net)<\/p>\n\n\n\n<p><img loading=\"lazy\" decoding=\"async\" height=\"1371\" width=\"1920\" src=\"https:\/\/www.infobae.com\/resizer\/v2\/3NZEMBEFJ5DHNFEQYGI5MGW7PY.jpg?auth=588ae1e47142aeeca87322fbdc6ddac340878113b45db46b0e65910062817396&amp;smart=true&amp;width=350&amp;height=250&amp;quality=85\" alt=\"Aviones de combate sobrevuelan el\">Aviones de combate sobrevuelan el Caribe (dvidshub.net)<\/p>\n\n\n\n<p>Ford fue el \u00fanico vicepresidente y presidente estadounidense en acceder a ambos cargos sin haber sido elegido por el Colegio Electoral. En 1976 obtuvo la nominaci\u00f3n republicana frente a&nbsp;<strong>Ronald Reagan<\/strong>, pero perdi\u00f3 la presidencia ante el dem\u00f3crata&nbsp;<strong>Jimmy Carter<\/strong>.<\/p>\n\n\n\n<p><strong>Gerald Ford<\/strong>&nbsp;fue abogado, naci\u00f3 en&nbsp;<strong>Omaha<\/strong>&nbsp;(Nebraska) el 14 de julio de 1913 y falleci\u00f3 el 26 de diciembre de 2006.<\/p>\n\n\n\n<p><img loading=\"lazy\" decoding=\"async\" height=\"1281\" width=\"1920\" src=\"https:\/\/www.infobae.com\/resizer\/v2\/OVYKSTPGTRE3ZFHDP7OXQM5TGM.jpg?auth=3a0fb3e7dd9a7874e91dbbc2385c8356cd33fbe11b1883922a223626e4c8b012&amp;smart=true&amp;width=350&amp;height=234&amp;quality=85\" alt=\"El nombre honra a Gerald\">El nombre honra a Gerald R. Ford, trig\u00e9simo octavo presidente de los Estados Unidos (dvidshub.net)<\/p>\n\n\n\n<h2 class=\"wp-block-heading\">La presencia militar de EEUU en la zona alcanza niveles hist\u00f3ricos<\/h2>\n\n\n\n<p>Con el traslado del portaaviones estadounidense a aguas latinoamericanas se suman&nbsp;<strong>m\u00e1s de 15.000 efectivos militares<\/strong>, la mayor acumulaci\u00f3n militar estadounidense en la regi\u00f3n en d\u00e9cadas.<\/p>\n\n\n\n<p>En un comunicado, la Marina de Estados Unidos \u00fanicamente identific\u00f3 el Atl\u00e1ntico occidental como la ubicaci\u00f3n del Ford y de los tres buques de guerra que lo acompa\u00f1aban. Pero un militar de alto rango dijo que los buques se hab\u00edan desplazado a la regi\u00f3n del Caribe, casi tres semanas despu\u00e9s de que el secretario de Defensa,&nbsp;<strong>Pete Hegseth<\/strong>, ordenara abruptamente que el portaaviones saliera del Mediterr\u00e1neo oriental y se dirigiera a aguas en Latinoam\u00e9rica, lo que representa una escalada sustancial del poder\u00edo militar estadounidense en el \u00e1rea.<\/p>\n\n\n\n<p><img loading=\"lazy\" decoding=\"async\" height=\"1281\" width=\"1920\" src=\"https:\/\/www.infobae.com\/resizer\/v2\/ZXF5IBGQ6VDA5P3JLMYO5D5YG4.jpg?auth=99ec812672e0ecbfaed5d6c308e724e7e95fe68f60087e6beb589cc6f4a68ed0&amp;smart=true&amp;width=350&amp;height=234&amp;quality=85\" alt=\"Los primeros movimientos del portaaviones\">Los primeros movimientos del portaaviones en el Caribe (dvidshub.net)<\/p>\n\n\n\n<p><img loading=\"lazy\" decoding=\"async\" height=\"1281\" width=\"1920\" src=\"https:\/\/www.infobae.com\/resizer\/v2\/SAG24B2465DSBDMPXKHRROWVCU.jpg?auth=905487157cb9279cfbc5397ebfec86f769a5e772b6029c368d8e275b1a20c293&amp;smart=true&amp;width=350&amp;height=234&amp;quality=85\" alt=\"Aviones de combate (dvidshub.net)\">Aviones de combate (dvidshub.net)<\/p>\n\n\n\n<p>La noticia de la llegada del Ford se dio un d\u00eda despu\u00e9s de que Hegseth anunciara que el domingo hab\u00edan muerto seis personas en otros dos ataques contra embarcaciones sospechosas de contrabando de drogas en el este del oc\u00e9ano Pac\u00edfico.&nbsp;<strong>Los ataques m\u00e1s recientes aumentaron la cifra de muertos en la ofensiva a 76 personas<\/strong>&nbsp;en 19 ataques en el Pac\u00edfico y el mar Caribe desde principios de septiembre.<\/p>\n\n\n\n<p><strong>Sean Parnell<\/strong>, portavoz jefe del Pent\u00e1gono, dijo en un comunicado el martes que las \u201cfuerzas reforzar\u00e1n la capacidad de Estados Unidos para detectar, vigilar e interrumpir a los actores y actividades il\u00edcitos que vulneran la seguridad y prosperidad del territorio nacional de Estados Unidos y nuestra seguridad en el hemisferio occidental\u201d.<\/p>\n","protected":false},"excerpt":{"rendered":"<p>Con capacidad para 4.500 tripulantes y 70 aviones, comenz\u00f3 a realizar sus primeros movimientos cerca de las costas de Venezuela, donde la Marina de Estados Unidos opera contra lanchas de narcotraficantes. El&nbsp;USS Gerald R. Ford&nbsp;lleg\u00f3 a aguas del Caribe para apoyar el despliegue estadounidense orientado al desmantelamiento de organizaciones criminales.&nbsp;Es el portaaviones m\u00e1s grande del<a class=\"read-more\" href=\"https:\/\/elfederalmendoza.com.ar\/index.php\/2025\/11\/14\/las-impresionantes-imagenes-del-portaaviones-uss-gerald-r-ford-en-el-caribe-es-la-plataforma-de-combate-mas-letal-del-mundo\/\"> [&hellip;]<\/a><\/p>\n","protected":false},"author":2,"featured_media":35180,"comment_status":"open","ping_status":"open","sticky":false,"template":"","format":"standard","meta":{"footnotes":""},"categories":[5619],"tags":[],"class_list":["post-35179","post","type-post","status-publish","format-standard","has-post-thumbnail","hentry","category-mundo"],"rttpg_featured_image_url":{"full":["https:\/\/elfederalmendoza.com.ar\/wp-content\/uploads\/2025\/11\/gerald.jpg",1194,751,false],"landscape":["https:\/\/elfederalmendoza.com.ar\/wp-content\/uploads\/2025\/11\/gerald.jpg",1194,751,false],"portraits":["https:\/\/elfederalmendoza.com.ar\/wp-content\/uploads\/2025\/11\/gerald.jpg",1194,751,false],"thumbnail":["https:\/\/elfederalmendoza.com.ar\/wp-content\/uploads\/2025\/11\/gerald-150x150.jpg",150,150,true],"medium":["https:\/\/elfederalmendoza.com.ar\/wp-content\/uploads\/2025\/11\/gerald-300x189.jpg",300,189,true],"large":["https:\/\/elfederalmendoza.com.ar\/wp-content\/uploads\/2025\/11\/gerald-1024x644.jpg",640,403,true],"1536x1536":["https:\/\/elfederalmendoza.com.ar\/wp-content\/uploads\/2025\/11\/gerald.jpg",1194,751,false],"2048x2048":["https:\/\/elfederalmendoza.com.ar\/wp-content\/uploads\/2025\/11\/gerald.jpg",1194,751,false],"ultp_layout_landscape_large":["https:\/\/elfederalmendoza.com.ar\/wp-content\/uploads\/2025\/11\/gerald.jpg",1194,751,false],"ultp_layout_landscape":["https:\/\/elfederalmendoza.com.ar\/wp-content\/uploads\/2025\/11\/gerald-870x570.jpg",870,570,true],"ultp_layout_portrait":["https:\/\/elfederalmendoza.com.ar\/wp-content\/uploads\/2025\/11\/gerald-600x751.jpg",600,751,true],"ultp_layout_square":["https:\/\/elfederalmendoza.com.ar\/wp-content\/uploads\/2025\/11\/gerald-600x600.jpg",600,600,true],"rpwe-thumbnail":["https:\/\/elfederalmendoza.com.ar\/wp-content\/uploads\/2025\/11\/gerald-45x45.jpg",45,45,true],"advps-thumb-one":["https:\/\/elfederalmendoza.com.ar\/wp-content\/uploads\/2025\/11\/gerald-1194x420.jpg",1194,420,true]},"rttpg_author":{"display_name":"Redacci\u00f3n El Federal","author_link":"https:\/\/elfederalmendoza.com.ar\/index.php\/author\/angelflores\/"},"rttpg_comment":0,"rttpg_category":"<a href=\"https:\/\/elfederalmendoza.com.ar\/index.php\/category\/mundo\/\" rel=\"category tag\">El Mundo<\/a>","rttpg_excerpt":"Con capacidad para 4.500 tripulantes y 70 aviones, comenz\u00f3 a realizar sus primeros movimientos cerca de las costas de Venezuela, donde la Marina de Estados Unidos opera contra lanchas de narcotraficantes. El&nbsp;USS Gerald R. Ford&nbsp;lleg\u00f3 a aguas del Caribe para apoyar el despliegue estadounidense orientado al desmantelamiento de organizaciones criminales.&nbsp;Es el portaaviones m\u00e1s grande del&hellip;","_links":{"self":[{"href":"https:\/\/elfederalmendoza.com.ar\/index.php\/wp-json\/wp\/v2\/posts\/35179","targetHints":{"allow":["GET"]}}],"collection":[{"href":"https:\/\/elfederalmendoza.com.ar\/index.php\/wp-json\/wp\/v2\/posts"}],"about":[{"href":"https:\/\/elfederalmendoza.com.ar\/index.php\/wp-json\/wp\/v2\/types\/post"}],"author":[{"embeddable":true,"href":"https:\/\/elfederalmendoza.com.ar\/index.php\/wp-json\/wp\/v2\/users\/2"}],"replies":[{"embeddable":true,"href":"https:\/\/elfederalmendoza.com.ar\/index.php\/wp-json\/wp\/v2\/comments?post=35179"}],"version-history":[{"count":2,"href":"https:\/\/elfederalmendoza.com.ar\/index.php\/wp-json\/wp\/v2\/posts\/35179\/revisions"}],"predecessor-version":[{"id":35182,"href":"https:\/\/elfederalmendoza.com.ar\/index.php\/wp-json\/wp\/v2\/posts\/35179\/revisions\/35182"}],"wp:featuredmedia":[{"embeddable":true,"href":"https:\/\/elfederalmendoza.com.ar\/index.php\/wp-json\/wp\/v2\/media\/35180"}],"wp:attachment":[{"href":"https:\/\/elfederalmendoza.com.ar\/index.php\/wp-json\/wp\/v2\/media?parent=35179"}],"wp:term":[{"taxonomy":"category","embeddable":true,"href":"https:\/\/elfederalmendoza.com.ar\/index.php\/wp-json\/wp\/v2\/categories?post=35179"},{"taxonomy":"post_tag","embeddable":true,"href":"https:\/\/elfederalmendoza.com.ar\/index.php\/wp-json\/wp\/v2\/tags?post=35179"}],"curies":[{"name":"wp","href":"https:\/\/api.w.org\/{rel}","templated":true}]}}