{"id":35193,"date":"2025-11-20T11:28:48","date_gmt":"2025-11-20T14:28:48","guid":{"rendered":"https:\/\/elfederalmendoza.com.ar\/?p=35193"},"modified":"2025-11-20T11:28:48","modified_gmt":"2025-11-20T14:28:48","slug":"el-misterio-de-las-2-momias-milenarias-y-el-adn-que-no-pertenece-a-ningun-humano-conocido","status":"publish","type":"post","link":"https:\/\/elfederalmendoza.com.ar\/index.php\/2025\/11\/20\/el-misterio-de-las-2-momias-milenarias-y-el-adn-que-no-pertenece-a-ningun-humano-conocido\/","title":{"rendered":"El misterio de las 2 momias milenarias y el ADN que no pertenece a ning\u00fan humano conocido"},"content":{"rendered":"\n<p>Unas momias milenarias con un ADN diferente se encargan de reescribir la historia de los primeros humanos y plantean nuevas teor\u00edas sobre nuestra evoluci\u00f3n.<\/p>\n\n\n\n<p>Un hallazgo sin precedentes, y muy misterioso, de dos\u00a0<strong>momias<\/strong>\u00a0reescribe lo que se sabe sobre los primeros<strong>\u00a0humanos.<\/strong>\u00a0En una excavaci\u00f3n, hace unos meses, expertos en\u00a0<strong>arqueolog\u00eda<\/strong>\u00a0descubrieron\u00a0<strong>momias\u00a0<\/strong>milenarias cuyo\u00a0<strong>ADN\u00a0<\/strong>ha desconcertado a la comunidad cient\u00edfica.<\/p>\n\n\n\n<p>Lejos de encajar con los linajes<strong>&nbsp;humanos<\/strong>&nbsp;conocidos, estas muestras gen\u00e9ticas abren la puerta a nuevas teor\u00edas sobre la evoluci\u00f3n y sugieren que el pasado es mucho m\u00e1s complejo de lo que se ha imaginado hasta el momento.<\/p>\n\n\n\n<figure class=\"wp-block-image\" id=\"1731629-Libre-1986222497_wrap\"><img decoding=\"async\" src=\"https:\/\/media.diariouno.com.ar\/p\/5609405e75ed65872c49b260d2f90778\/adjuntos\/298\/imagenes\/009\/660\/0009660429\/1200x0\/smart\/momia-descubrimiento.webp\" alt=\"\" title=\"\"\/><\/figure>\n\n\n\n<h2 class=\"wp-block-heading\">Desentierran 2 momias milenarias y el ADN no pertenece a ning\u00fan humano conocido<\/h2>\n\n\n\n<p>Un estudio publicado en&nbsp;<em><a href=\"https:\/\/www.nature.com\/articles\/s41586-025-08793-7\" target=\"_blank\" rel=\"noreferrer noopener\"><strong>Nature<\/strong><\/a><\/em>&nbsp;el 2 de abril de 2025 revel\u00f3 que dos&nbsp;<strong>momias&nbsp;<\/strong>halladas en la cueva de Takarkori, al sureste de Libia, poseen&nbsp;<strong>ADN<\/strong>&nbsp;que no coincide con ning\u00fan linaje&nbsp;<strong>humano<\/strong>&nbsp;conocido hasta la actualidad.<\/p>\n\n\n\n<p>Aunque las&nbsp;<strong>momias<\/strong>&nbsp;ten\u00edan apariencia&nbsp;<strong>humana<\/strong>&nbsp;y datan de hace unos 7.000 a\u00f1os, sus secuencias gen\u00e9ticas indican que pertenec\u00edan a una<strong>&nbsp;rama distinta del Homo sapiens<\/strong>, una&nbsp;<strong>humanidad<\/strong>&nbsp;paralela que evolucion\u00f3 de forma independiente y que, al parecer, desapareci\u00f3 sin dejar descendencia directa.<\/p>\n\n\n\n<figure class=\"wp-block-image\" id=\"1731628-Libre-1853688749_wrap\"><img decoding=\"async\" src=\"https:\/\/media.diariouno.com.ar\/p\/9018d8988b6548a19e73f2d4c861b32e\/adjuntos\/298\/imagenes\/009\/660\/0009660428\/1200x0\/smart\/momia.webp\" alt=\"\" title=\"\"\/><\/figure>\n\n\n\n<h2 class=\"wp-block-heading\">\u00bfQu\u00e9 implicancia tienen estas momias para la humanidad?<\/h2>\n\n\n\n<p>Los&nbsp;<strong>an\u00e1lisis gen\u00e9ticos&nbsp;<\/strong>se\u00f1alan que estas mujeres no compart\u00edan v\u00ednculos gen\u00e9ticos con las poblaciones subsaharianas vecinas, lo que refuerza la teor\u00eda de que el Sahara actu\u00f3 como una barrera natural que favoreci\u00f3 el aislamiento de ciertas comunidades.<\/p>\n\n\n\n<p>El an\u00e1lisis de estas&nbsp;<strong>momias<\/strong>&nbsp;mostr\u00f3 que estas divergieron gen\u00e9ticamente de otros grupos humanos hace m\u00e1s de 60.000 a\u00f1os, mucho antes de que otras migraciones importantes ocurrieran en \u00c1frica y Eurasia. Adem\u00e1s, se detectaron algunas trazas m\u00ednimas de&nbsp;<strong>ADN&nbsp;<\/strong>neandertal, lo que sugiere contactos remotos con otras poblaciones&nbsp;<strong>humanas<\/strong>. Este hallazgo aporta una nueva perspectiva sobre la diversidad gen\u00e9tica y la evoluci\u00f3n de los&nbsp;<strong>humanos<\/strong>&nbsp;en \u00c1frica.<\/p>\n\n\n\n<p>Finalmente, estas&nbsp;<strong>momias<\/strong>&nbsp;sorprende por lo bien que sean conservado a pesar de las altas temperaturas y condiciones adversas del desierto, lo que normalmente degrada r\u00e1pidamente el material gen\u00e9tico. El secreto fue el hueso petroso (parte del o\u00eddo interno), uno de los mejores lugares para preservar&nbsp;<strong>ADN&nbsp;<\/strong>en climas c\u00e1lidos.<\/p>\n","protected":false},"excerpt":{"rendered":"<p>Unas momias milenarias con un ADN diferente se encargan de reescribir la historia de los primeros humanos y plantean nuevas teor\u00edas sobre nuestra evoluci\u00f3n. Un hallazgo sin precedentes, y muy misterioso, de dos\u00a0momias\u00a0reescribe lo que se sabe sobre los primeros\u00a0humanos.\u00a0En una excavaci\u00f3n, hace unos meses, expertos en\u00a0arqueolog\u00eda\u00a0descubrieron\u00a0momias\u00a0milenarias cuyo\u00a0ADN\u00a0ha desconcertado a la comunidad cient\u00edfica. Lejos de<a class=\"read-more\" href=\"https:\/\/elfederalmendoza.com.ar\/index.php\/2025\/11\/20\/el-misterio-de-las-2-momias-milenarias-y-el-adn-que-no-pertenece-a-ningun-humano-conocido\/\"> [&hellip;]<\/a><\/p>\n","protected":false},"author":2,"featured_media":35194,"comment_status":"open","ping_status":"open","sticky":false,"template":"","format":"standard","meta":{"footnotes":""},"categories":[5619],"tags":[],"class_list":["post-35193","post","type-post","status-publish","format-standard","has-post-thumbnail","hentry","category-mundo"],"rttpg_featured_image_url":{"full":["https:\/\/elfederalmendoza.com.ar\/wp-content\/uploads\/2025\/11\/momias8.jpg",1011,570,false],"landscape":["https:\/\/elfederalmendoza.com.ar\/wp-content\/uploads\/2025\/11\/momias8.jpg",1011,570,false],"portraits":["https:\/\/elfederalmendoza.com.ar\/wp-content\/uploads\/2025\/11\/momias8.jpg",1011,570,false],"thumbnail":["https:\/\/elfederalmendoza.com.ar\/wp-content\/uploads\/2025\/11\/momias8-150x150.jpg",150,150,true],"medium":["https:\/\/elfederalmendoza.com.ar\/wp-content\/uploads\/2025\/11\/momias8-300x169.jpg",300,169,true],"large":["https:\/\/elfederalmendoza.com.ar\/wp-content\/uploads\/2025\/11\/momias8.jpg",640,361,false],"1536x1536":["https:\/\/elfederalmendoza.com.ar\/wp-content\/uploads\/2025\/11\/momias8.jpg",1011,570,false],"2048x2048":["https:\/\/elfederalmendoza.com.ar\/wp-content\/uploads\/2025\/11\/momias8.jpg",1011,570,false],"ultp_layout_landscape_large":["https:\/\/elfederalmendoza.com.ar\/wp-content\/uploads\/2025\/11\/momias8.jpg",1011,570,false],"ultp_layout_landscape":["https:\/\/elfederalmendoza.com.ar\/wp-content\/uploads\/2025\/11\/momias8-870x570.jpg",870,570,true],"ultp_layout_portrait":["https:\/\/elfederalmendoza.com.ar\/wp-content\/uploads\/2025\/11\/momias8-600x570.jpg",600,570,true],"ultp_layout_square":["https:\/\/elfederalmendoza.com.ar\/wp-content\/uploads\/2025\/11\/momias8-600x570.jpg",600,570,true],"rpwe-thumbnail":["https:\/\/elfederalmendoza.com.ar\/wp-content\/uploads\/2025\/11\/momias8-45x45.jpg",45,45,true],"advps-thumb-one":["https:\/\/elfederalmendoza.com.ar\/wp-content\/uploads\/2025\/11\/momias8-1011x420.jpg",1011,420,true]},"rttpg_author":{"display_name":"Redacci\u00f3n El Federal","author_link":"https:\/\/elfederalmendoza.com.ar\/index.php\/author\/angelflores\/"},"rttpg_comment":0,"rttpg_category":"<a href=\"https:\/\/elfederalmendoza.com.ar\/index.php\/category\/mundo\/\" rel=\"category tag\">El Mundo<\/a>","rttpg_excerpt":"Unas momias milenarias con un ADN diferente se encargan de reescribir la historia de los primeros humanos y plantean nuevas teor\u00edas sobre nuestra evoluci\u00f3n. Un hallazgo sin precedentes, y muy misterioso, de dos\u00a0momias\u00a0reescribe lo que se sabe sobre los primeros\u00a0humanos.\u00a0En una excavaci\u00f3n, hace unos meses, expertos en\u00a0arqueolog\u00eda\u00a0descubrieron\u00a0momias\u00a0milenarias cuyo\u00a0ADN\u00a0ha desconcertado a la comunidad cient\u00edfica. Lejos de&hellip;","_links":{"self":[{"href":"https:\/\/elfederalmendoza.com.ar\/index.php\/wp-json\/wp\/v2\/posts\/35193","targetHints":{"allow":["GET"]}}],"collection":[{"href":"https:\/\/elfederalmendoza.com.ar\/index.php\/wp-json\/wp\/v2\/posts"}],"about":[{"href":"https:\/\/elfederalmendoza.com.ar\/index.php\/wp-json\/wp\/v2\/types\/post"}],"author":[{"embeddable":true,"href":"https:\/\/elfederalmendoza.com.ar\/index.php\/wp-json\/wp\/v2\/users\/2"}],"replies":[{"embeddable":true,"href":"https:\/\/elfederalmendoza.com.ar\/index.php\/wp-json\/wp\/v2\/comments?post=35193"}],"version-history":[{"count":1,"href":"https:\/\/elfederalmendoza.com.ar\/index.php\/wp-json\/wp\/v2\/posts\/35193\/revisions"}],"predecessor-version":[{"id":35195,"href":"https:\/\/elfederalmendoza.com.ar\/index.php\/wp-json\/wp\/v2\/posts\/35193\/revisions\/35195"}],"wp:featuredmedia":[{"embeddable":true,"href":"https:\/\/elfederalmendoza.com.ar\/index.php\/wp-json\/wp\/v2\/media\/35194"}],"wp:attachment":[{"href":"https:\/\/elfederalmendoza.com.ar\/index.php\/wp-json\/wp\/v2\/media?parent=35193"}],"wp:term":[{"taxonomy":"category","embeddable":true,"href":"https:\/\/elfederalmendoza.com.ar\/index.php\/wp-json\/wp\/v2\/categories?post=35193"},{"taxonomy":"post_tag","embeddable":true,"href":"https:\/\/elfederalmendoza.com.ar\/index.php\/wp-json\/wp\/v2\/tags?post=35193"}],"curies":[{"name":"wp","href":"https:\/\/api.w.org\/{rel}","templated":true}]}}