{"id":35197,"date":"2025-11-21T08:29:13","date_gmt":"2025-11-21T11:29:13","guid":{"rendered":"https:\/\/elfederalmendoza.com.ar\/?p=35197"},"modified":"2025-11-21T08:29:14","modified_gmt":"2025-11-21T11:29:14","slug":"causa-cuadernos-arrepentidos-dijeron-que-el-dinero-iba-a-la-quinta-de-olivos-y-luego-a-un-departamento-de-la-familia-kirchner","status":"publish","type":"post","link":"https:\/\/elfederalmendoza.com.ar\/index.php\/2025\/11\/21\/causa-cuadernos-arrepentidos-dijeron-que-el-dinero-iba-a-la-quinta-de-olivos-y-luego-a-un-departamento-de-la-familia-kirchner\/","title":{"rendered":"Causa Cuadernos: arrepentidos dijeron que \u201cel dinero iba a la quinta de Olivos\u201d y luego a un departamento de la familia Kirchner"},"content":{"rendered":"\n<p>La lectura de las declaraciones de los ex funcionarios y empresarios durante la tercera audiencia del juicio oral reflot\u00f3 detalles del esquema ilegal de recaudaci\u00f3n montado durante el kirchnerismo. Aseguraron que CFK estaba al tanto de todo.<\/p>\n\n\n\n<p>El juicio oral por el caso Cuadernos avanz\u00f3 este jueves en su tercera audiencia\u00a0<strong>con la lectura de las declaraciones de imputados colaboradores<\/strong>\u00a0y el eje puesto en el rol que -seg\u00fan la acusaci\u00f3n- tuvieron los ex presidentes\u00a0<strong>N\u00e9stor y Cristina Kirchner<\/strong>,y los ex funcionarios\u00a0<strong>Julio De Vido y Roberto Baratta<\/strong>, en el esquema de recaudaci\u00f3n ilegal montado entre 2003 y 2015.<a href=\"https:\/\/www.infobae.com\/judiciales\/2025\/11\/21\/el-juicio-a-los-cuadernos-dia-3-la-primera-baja-los-chimenteros-y-el-bajo-rating\/\" target=\"_blank\" rel=\"noreferrer noopener\"><\/a><\/p>\n\n\n\n<p><strong>\u201cEl esquema de recaudaci\u00f3n sigui\u00f3 con Cristina en la Presidencia despu\u00e9s de la muerte de N\u00e9stor Kirchner\u201d<\/strong>, declar\u00f3 en 2018 ante la Justicia el autor de los cuadernos y remisero arrepentido,<strong>&nbsp;Oscar Centeno<\/strong>.<\/p>\n\n\n\n<p>Cristina Kirchner est\u00e1 procesada como supuesta<strong> jefa de asociaci\u00f3n il\u00edcita y cohecho<\/strong> y es juzgada junto a De Vido, Baratta y otros 83 acusados.<a href=\"https:\/\/www.infobae.com\/judiciales\/2025\/11\/21\/el-acto-de-represalia-que-le-costo-el-trabajo-a-un-empleado-bancario-la-justicia-avalo-su-despido\/\" target=\"_blank\" rel=\"noreferrer noopener\"><\/a><\/p>\n\n\n\n<h2 class=\"wp-block-heading\">Los arrepentidos<\/h2>\n\n\n\n<p>Los tramos fundamentales de la declaraci\u00f3n indagatoria de Centeno como arrepentido y todas las dem\u00e1s&nbsp;<strong>est\u00e1n incluidas en los requerimientos de elevaci\u00f3n a juicio&nbsp;<\/strong>que se leen en la primera parte del debate.<\/p>\n\n\n\n<p>Una vez finalizada esta etapa y luego de las cuestiones preliminares, cada uno ser\u00e1 llamado al banquillo para ser indagado por el Tribunal Oral Federal 7.\u00a0<strong>All\u00ed se ver\u00e1 si mantienen sus dichos<\/strong>.<a href=\"https:\/\/www.infobae.com\/judiciales\/2025\/11\/19\/la-trama-de-corrupcion-en-la-agencia-nacional-de-discapacidad-conexiones-operadores-y-el-desafio-de-llegar-a-la-cuspide\/\" target=\"_blank\" rel=\"noreferrer noopener\"><\/a><\/p>\n\n\n\n<h2 class=\"wp-block-heading\">El remisero Centeno<\/h2>\n\n\n\n<p><strong>Centeno<\/strong>, el ex chofer del acusado ex funcionario&nbsp;<strong>Roberto Baratta<\/strong>, sostuvo que el sistema de recaudaci\u00f3n ilegal continu\u00f3 despu\u00e9s de la muerte de Kirchner, durante la presidencia de Cristina Fern\u00e1ndez.<\/p>\n\n\n\n<p><strong>\u201cYa con Cristina presidenta \u00edbamos una vez por semana\u201d<\/strong>, dijo sobre la recorrida en busca de las coimas y su entrega. \u201cYo la vi a Cristina en diversas oportunidades. Con N\u00e9stor Kirchner vivo \u00edbamos m\u00e1s, hasta tres veces por semana. Cuando fallece N\u00e9stor,\u00a0<strong>las recaudaciones eran una vez por semana\u201d<\/strong>.<\/p>\n\n\n\n<p><img loading=\"lazy\" decoding=\"async\" height=\"318\" width=\"565\" src=\"https:\/\/www.infobae.com\/resizer\/v2\/EHE5J3QMVRDIDELZSKHRYEI2XE.jpg?auth=e4cb51e3154b30155a547705298f9e91748745d2e78daa2f9f34620ffa5c0cbf&amp;smart=true&amp;width=350&amp;height=197&amp;quality=85\" alt=\"Oscar Centeno\"><\/p>\n\n\n\n<p>Oscar Centeno<\/p>\n\n\n\n<p>Centeno detall\u00f3 episodios que, seg\u00fan \u00e9l, marcaron el inicio de las anotaciones pormenorizadas. Narr\u00f3 que en la empresa Isolux observ\u00f3 salir a Baratta \u201ccon dos valijas\u201d, y que el funcionario habl\u00f3 por tel\u00e9fono en clave:&nbsp;<strong>\u201cSeis kilovatios\u201d, que equivaldr\u00edan \u201ca seis millones<\/strong>\u201d. Tambi\u00e9n afirm\u00f3 que el fallecido ex secretario privado de N\u00e9stor Kirchner,&nbsp;<strong>Daniel Mu\u00f1oz<\/strong>, hac\u00eda \u201centregas casi todos los d\u00edas en \u00e9pocas de campa\u00f1a\u201d.<\/p>\n\n\n\n<p>En cierto momento comenzaron a temer que alg\u00fan empresario los filmara y por eso \u201cempezaron a mandar a&nbsp;<strong>Nelson Lazarte<\/strong>\u201d, un empleado, otro de los acusados.<\/p>\n\n\n\n<p>Cont\u00f3 que llevaban el dinero \u201ca la quinta de Olivos, y despu\u00e9s de la muerte de N\u00e9stor Kirchner, a Uruguay al 1300\u201d, el departamento familiar.<\/p>\n\n\n\n<h2 class=\"wp-block-heading\">Las valijas<\/h2>\n\n\n\n<p>El ex funcionario a cargo de las concesiones viales&nbsp;<strong>Claudio Uberti<\/strong>&nbsp;agreg\u00f3 detalles sobre la operatoria log\u00edstica del dinero. En su confesi\u00f3n ante el fiscal federal&nbsp;<strong>Carlos Stornelli<\/strong>&nbsp;en la instrucci\u00f3n del caso, afirm\u00f3 que sol\u00eda llevar valijas repletas de efectivo al departamento de la calle Uruguay propiedad de los Kirchner, donde \u2014seg\u00fan dijo\u2014 se contabilizaba el contenido y se organizaban los traslados hacia Santa Cruz.<\/p>\n\n\n\n<p><strong>\u201cEsta cuesti\u00f3n no era ajena a la se\u00f1ora de Kirchner, presenciaba los transportes\u201d<\/strong>, declar\u00f3 entonces.<\/p>\n\n\n\n<p>Tambi\u00e9n dijo que vio en el departamento \u201cotras valijas en el palier y muchas m\u00e1s en el dormitorio\u201d. \u201cUna vez hab\u00eda 20 valijas y Mu\u00f1oz me dijo \u2018despu\u00e9s de esto me voy a poner un negocio de valijas\u2019\u201d, refiri\u00f3. Las trasladaban a Santa Cruz en el Tango 01, las cargaban en Aeroparque y las descargaban en R\u00edo Gallegos. Asegur\u00f3 que el d\u00eda de la muerte de N\u00e9stor Kirchner \u201cen Juncal hab\u00eda 60 millones de d\u00f3lares\u201d, dato que dijo conocer \u201cpor comentarios de Olazagasti\u201d, en referencia a Jos\u00e9 Mar\u00eda Olazagasti, ex secretario privado del ex ministro de Planificaci\u00f3n De Vido.<\/p>\n\n\n\n<p>Tambi\u00e9n relat\u00f3 una escena durante una entrega de dinero al fallecido ex presidente. \u201cN\u00e9stor me preguntaba si eran euros o d\u00f3lares; una vez le llev\u00e9 pesos y los tir\u00f3 por el despacho\u201d. Tambi\u00e9n describi\u00f3 presiones para obtener \u201cplata en blanco\u201d para un hotel de Cristina en El Calafate, afirmando que ella le dijo: \u201cPoner plata en blanco es muy importante para mi familia\u201d.<\/p>\n\n\n\n<h2 class=\"wp-block-heading\">El hombre del convento<\/h2>\n\n\n\n<p>La declaraci\u00f3n del tambi\u00e9n imputado colaborador ex secretario de Obra P\u00fablica&nbsp;<strong>Jos\u00e9 L\u00f3pez<\/strong>&nbsp;volvi\u00f3 a ocupar un lugar destacado por la cantidad de referencias a Cristina Kirchner y por el nivel de detalle.<\/p>\n\n\n\n<p>L\u00f3pez fue sorprendido en un convento intentando ocultar miles de d\u00f3lares en 2016. En el caso Cuadernos relat\u00f3 que en el invierno de 2011 De Vido le dijo que deb\u00edan<strong>&nbsp;\u201cretomar la recaudaci\u00f3n para la campa\u00f1a\u201d<\/strong>&nbsp;y que su enlace operativo ser\u00eda Baratta. \u201cMi relaci\u00f3n con Baratta no era de amistad, \u00e9l era el subsecretario de Coordinaci\u00f3n. El esquema era hablar con De Vido y chequear con Baratta\u201d.<\/p>\n\n\n\n<p>L\u00f3pez cont\u00f3 que Cristina Kirchner impart\u00eda \u00f3rdenes y que mantuvo una reuni\u00f3n tras la muerte de N\u00e9stor Kirchner. \u201cPod\u00e9s ser parte del problema o de la soluci\u00f3n\u201d, refiri\u00f3 que le dijo, y le mostr\u00f3 \u201cel cuaderno que siempre escrib\u00eda N\u00e9stor\u201d para anotar lo que ocurr\u00eda en sus reuniones.<\/p>\n\n\n\n<p>\u201cA Cristina le cont\u00e9 todo: que hab\u00eda un sistema de recaudaci\u00f3n con las obras viales, le cont\u00e9 el mecanismo que en el resto de los sectores del Ministerio lo conoc\u00edan\u201d, declar\u00f3 el exfuncionario.<\/p>\n\n\n\n<p>Tambi\u00e9n se leyeron las declaraciones como arrepentidos de empresarios: Juan Carlos De Goycoechea, Enrique Pescarmona, Aldo Roggio, Angelo Calcaterra, Armando Loson, Carlos Wagner. Coincidieron en ubicar a Baratta como uno de los principales recaudadores de las coimas que les ped\u00edan para poder participar en la obra p\u00fablica.<\/p>\n\n\n\n<h2 class=\"wp-block-heading\">Dos audiencias por semana<\/h2>\n\n\n\n<p>Desde la semana pr\u00f3xima, el juicio tendr\u00e1 dos jornadas semanales, martes y jueves, pero por ahora seguir\u00e1 con modalidad virtual.<\/p>\n\n\n\n<p>El presidente del Tribunal,<strong>&nbsp;Enrique M\u00e9ndez Signori<\/strong>, pidi\u00f3 opini\u00f3n a las partes en relaci\u00f3n a la oferta que se recibi\u00f3 desde la C\u00e1mara Federal de Casaci\u00f3n para mudar el debate a la sala AMIA de Comodoro Py 2002 de manera presencial, tres veces por semana, desde el 10 de diciembre.<\/p>\n\n\n\n<p>En esta tercera audiencia del debate oral,&nbsp;<strong>M\u00e9ndez Signori, Fernando Canero y Germ\u00e1n Castelli<\/strong>&nbsp;se conectaron desde la sala de audiencias del Tribunal en el Palacio de Justicia y los dem\u00e1s participantes por Zoom.<\/p>\n\n\n\n<p>De Vido sigui\u00f3 la audiencia&nbsp;<strong>desde un cuarto en la c\u00e1rcel de Ezeiza<\/strong>&nbsp;junto a su abogado Gabriel Palmeiro y se le permiti\u00f3 ausentarse para un estudio m\u00e9dico. Est\u00e1 detenido desde la semana pasada, porque qued\u00f3 firme la condena a cuatro a\u00f1os de prisi\u00f3n que se le impuso por la tragedia del tren de Once.<\/p>\n\n\n\n<p>Infobae<\/p>\n","protected":false},"excerpt":{"rendered":"<p>La lectura de las declaraciones de los ex funcionarios y empresarios durante la tercera audiencia del juicio oral reflot\u00f3 detalles del esquema ilegal de recaudaci\u00f3n montado durante el kirchnerismo. Aseguraron que CFK estaba al tanto de todo. El juicio oral por el caso Cuadernos avanz\u00f3 este jueves en su tercera audiencia\u00a0con la lectura de las<a class=\"read-more\" href=\"https:\/\/elfederalmendoza.com.ar\/index.php\/2025\/11\/21\/causa-cuadernos-arrepentidos-dijeron-que-el-dinero-iba-a-la-quinta-de-olivos-y-luego-a-un-departamento-de-la-familia-kirchner\/\"> [&hellip;]<\/a><\/p>\n","protected":false},"author":2,"featured_media":35198,"comment_status":"open","ping_status":"open","sticky":false,"template":"","format":"standard","meta":{"footnotes":""},"categories":[5618],"tags":[],"class_list":["post-35197","post","type-post","status-publish","format-standard","has-post-thumbnail","hentry","category-arg"],"rttpg_featured_image_url":{"full":["https:\/\/elfederalmendoza.com.ar\/wp-content\/uploads\/2025\/11\/cuadernos4.jpg",1189,657,false],"landscape":["https:\/\/elfederalmendoza.com.ar\/wp-content\/uploads\/2025\/11\/cuadernos4.jpg",1189,657,false],"portraits":["https:\/\/elfederalmendoza.com.ar\/wp-content\/uploads\/2025\/11\/cuadernos4.jpg",1189,657,false],"thumbnail":["https:\/\/elfederalmendoza.com.ar\/wp-content\/uploads\/2025\/11\/cuadernos4-150x150.jpg",150,150,true],"medium":["https:\/\/elfederalmendoza.com.ar\/wp-content\/uploads\/2025\/11\/cuadernos4-300x166.jpg",300,166,true],"large":["https:\/\/elfederalmendoza.com.ar\/wp-content\/uploads\/2025\/11\/cuadernos4-1024x566.jpg",640,354,true],"1536x1536":["https:\/\/elfederalmendoza.com.ar\/wp-content\/uploads\/2025\/11\/cuadernos4.jpg",1189,657,false],"2048x2048":["https:\/\/elfederalmendoza.com.ar\/wp-content\/uploads\/2025\/11\/cuadernos4.jpg",1189,657,false],"ultp_layout_landscape_large":["https:\/\/elfederalmendoza.com.ar\/wp-content\/uploads\/2025\/11\/cuadernos4.jpg",1189,657,false],"ultp_layout_landscape":["https:\/\/elfederalmendoza.com.ar\/wp-content\/uploads\/2025\/11\/cuadernos4-870x570.jpg",870,570,true],"ultp_layout_portrait":["https:\/\/elfederalmendoza.com.ar\/wp-content\/uploads\/2025\/11\/cuadernos4-600x657.jpg",600,657,true],"ultp_layout_square":["https:\/\/elfederalmendoza.com.ar\/wp-content\/uploads\/2025\/11\/cuadernos4-600x600.jpg",600,600,true],"rpwe-thumbnail":["https:\/\/elfederalmendoza.com.ar\/wp-content\/uploads\/2025\/11\/cuadernos4-45x45.jpg",45,45,true],"advps-thumb-one":["https:\/\/elfederalmendoza.com.ar\/wp-content\/uploads\/2025\/11\/cuadernos4-1189x420.jpg",1189,420,true]},"rttpg_author":{"display_name":"Redacci\u00f3n El Federal","author_link":"https:\/\/elfederalmendoza.com.ar\/index.php\/author\/angelflores\/"},"rttpg_comment":0,"rttpg_category":"<a href=\"https:\/\/elfederalmendoza.com.ar\/index.php\/category\/arg\/\" rel=\"category tag\">Argentina<\/a>","rttpg_excerpt":"La lectura de las declaraciones de los ex funcionarios y empresarios durante la tercera audiencia del juicio oral reflot\u00f3 detalles del esquema ilegal de recaudaci\u00f3n montado durante el kirchnerismo. Aseguraron que CFK estaba al tanto de todo. El juicio oral por el caso Cuadernos avanz\u00f3 este jueves en su tercera audiencia\u00a0con la lectura de las&hellip;","_links":{"self":[{"href":"https:\/\/elfederalmendoza.com.ar\/index.php\/wp-json\/wp\/v2\/posts\/35197","targetHints":{"allow":["GET"]}}],"collection":[{"href":"https:\/\/elfederalmendoza.com.ar\/index.php\/wp-json\/wp\/v2\/posts"}],"about":[{"href":"https:\/\/elfederalmendoza.com.ar\/index.php\/wp-json\/wp\/v2\/types\/post"}],"author":[{"embeddable":true,"href":"https:\/\/elfederalmendoza.com.ar\/index.php\/wp-json\/wp\/v2\/users\/2"}],"replies":[{"embeddable":true,"href":"https:\/\/elfederalmendoza.com.ar\/index.php\/wp-json\/wp\/v2\/comments?post=35197"}],"version-history":[{"count":1,"href":"https:\/\/elfederalmendoza.com.ar\/index.php\/wp-json\/wp\/v2\/posts\/35197\/revisions"}],"predecessor-version":[{"id":35199,"href":"https:\/\/elfederalmendoza.com.ar\/index.php\/wp-json\/wp\/v2\/posts\/35197\/revisions\/35199"}],"wp:featuredmedia":[{"embeddable":true,"href":"https:\/\/elfederalmendoza.com.ar\/index.php\/wp-json\/wp\/v2\/media\/35198"}],"wp:attachment":[{"href":"https:\/\/elfederalmendoza.com.ar\/index.php\/wp-json\/wp\/v2\/media?parent=35197"}],"wp:term":[{"taxonomy":"category","embeddable":true,"href":"https:\/\/elfederalmendoza.com.ar\/index.php\/wp-json\/wp\/v2\/categories?post=35197"},{"taxonomy":"post_tag","embeddable":true,"href":"https:\/\/elfederalmendoza.com.ar\/index.php\/wp-json\/wp\/v2\/tags?post=35197"}],"curies":[{"name":"wp","href":"https:\/\/api.w.org\/{rel}","templated":true}]}}