{"id":35201,"date":"2025-11-22T07:56:41","date_gmt":"2025-11-22T10:56:41","guid":{"rendered":"https:\/\/elfederalmendoza.com.ar\/?p=35201"},"modified":"2025-11-22T07:56:42","modified_gmt":"2025-11-22T10:56:42","slug":"bombazo-sebastian-villa-se-despidio-de-la-lepra-con-un-sentido-mensaje-para-daniel-vila-a-river","status":"publish","type":"post","link":"https:\/\/elfederalmendoza.com.ar\/index.php\/2025\/11\/22\/bombazo-sebastian-villa-se-despidio-de-la-lepra-con-un-sentido-mensaje-para-daniel-vila-a-river\/","title":{"rendered":"\u00a1Bombazo!, Sebasti\u00e1n Villa se despidi\u00f3 de la Lepra con un sentido mensaje para Daniel Vila: \u00bfa River?"},"content":{"rendered":"\n<p>El delantero colombiano le dedic\u00f3 una publicaci\u00f3n en las redes al presidente de Independiente Rivadavia en tono de despedida.<\/p>\n\n\n\n<p>Luego de la fiesta que realiz\u00f3\u00a0<strong>Independiente Rivadavia<\/strong>\u00a0para celebrar la obtenci\u00f3n de la\u00a0<strong>Copa<\/strong>\u00a0<strong>Argentina\u00a0y en medio de\u00a0los rumores que lo vinculan con River Plate<\/strong>, el delantero\u00a0<strong>Sebasti\u00e1n<\/strong>\u00a0<strong>Villa<\/strong>\u00a0se despidi\u00f3 la Lepra con un sentido mensaje para el presidente del club,\u00a0<strong>Daniel<\/strong>\u00a0<strong>Vila<\/strong>.<\/p>\n\n\n\n<p>El futbolista colombiano fue la gran figura del equipo de&nbsp;<strong>Alfredo<\/strong>&nbsp;<strong>Berti<\/strong>&nbsp;a lo largo de todo el a\u00f1o y una de las piezas fundamentales de la obtenci\u00f3n del primer t\u00edtulo en el f\u00fatbol grande para el Azul del Parque, por lo que su salida se ve\u00eda venir y con este mensaje la termina de confirmar.<\/p>\n\n\n\n<figure class=\"wp-block-image is-resized\"><img decoding=\"async\" src=\"https:\/\/www.mendozapost.com\/files\/image\/682\/682939\/6911bdfdb12af_570_376!.jpg?s=caeabab53c4132e96f40fcf29a7f2f73&amp;d=1763752879\" alt=\"\" style=\"width:840px;height:auto\"\/><figcaption class=\"wp-element-caption\">El futuro de Villa est\u00e1 lejos de Independiente Rivadavia.<\/figcaption><\/figure>\n\n\n\n<p><strong>Villa<\/strong>&nbsp;subi\u00f3 a sus historias de Instagram una foto junto a&nbsp;<strong>Daniel<\/strong>&nbsp;<strong>Vila<\/strong>, en la que el presidente le est\u00e1 dando un beso al futbolista, quien posa con una sonrisa.<\/p>\n\n\n\n<p>\u00abGracias presi por todo te llevar\u00e9 siempre en mi coraz\u00f3n\u00bb, escribi\u00f3 el colombiano en tono de despedida, y agreg\u00f3 \u00abte debo esta vida y la otra, eres mi pap\u00e1\u00bb.<\/p>\n\n\n\n<figure class=\"wp-block-image is-resized\"><img decoding=\"async\" src=\"https:\/\/www.mendozapost.com\/files\/image\/685\/685843\/6920bbfbf01bc.jpg\" alt=\"\" style=\"width:840px;height:auto\"\/><figcaption class=\"wp-element-caption\">La historia que le dedic\u00f3 Villa a Vila.<\/figcaption><\/figure>\n","protected":false},"excerpt":{"rendered":"<p>El delantero colombiano le dedic\u00f3 una publicaci\u00f3n en las redes al presidente de Independiente Rivadavia en tono de despedida. Luego de la fiesta que realiz\u00f3\u00a0Independiente Rivadavia\u00a0para celebrar la obtenci\u00f3n de la\u00a0Copa\u00a0Argentina\u00a0y en medio de\u00a0los rumores que lo vinculan con River Plate, el delantero\u00a0Sebasti\u00e1n\u00a0Villa\u00a0se despidi\u00f3 la Lepra con un sentido mensaje para el presidente del club,\u00a0Daniel\u00a0Vila.<a class=\"read-more\" href=\"https:\/\/elfederalmendoza.com.ar\/index.php\/2025\/11\/22\/bombazo-sebastian-villa-se-despidio-de-la-lepra-con-un-sentido-mensaje-para-daniel-vila-a-river\/\"> [&hellip;]<\/a><\/p>\n","protected":false},"author":2,"featured_media":35202,"comment_status":"open","ping_status":"open","sticky":false,"template":"","format":"standard","meta":{"footnotes":""},"categories":[5620],"tags":[],"class_list":["post-35201","post","type-post","status-publish","format-standard","has-post-thumbnail","hentry","category-deportes"],"rttpg_featured_image_url":{"full":["https:\/\/elfederalmendoza.com.ar\/wp-content\/uploads\/2025\/11\/villa2.jpg",1273,777,false],"landscape":["https:\/\/elfederalmendoza.com.ar\/wp-content\/uploads\/2025\/11\/villa2.jpg",1273,777,false],"portraits":["https:\/\/elfederalmendoza.com.ar\/wp-content\/uploads\/2025\/11\/villa2.jpg",1273,777,false],"thumbnail":["https:\/\/elfederalmendoza.com.ar\/wp-content\/uploads\/2025\/11\/villa2-150x150.jpg",150,150,true],"medium":["https:\/\/elfederalmendoza.com.ar\/wp-content\/uploads\/2025\/11\/villa2-300x183.jpg",300,183,true],"large":["https:\/\/elfederalmendoza.com.ar\/wp-content\/uploads\/2025\/11\/villa2-1024x625.jpg",640,391,true],"1536x1536":["https:\/\/elfederalmendoza.com.ar\/wp-content\/uploads\/2025\/11\/villa2.jpg",1273,777,false],"2048x2048":["https:\/\/elfederalmendoza.com.ar\/wp-content\/uploads\/2025\/11\/villa2.jpg",1273,777,false],"ultp_layout_landscape_large":["https:\/\/elfederalmendoza.com.ar\/wp-content\/uploads\/2025\/11\/villa2-1200x777.jpg",1200,777,true],"ultp_layout_landscape":["https:\/\/elfederalmendoza.com.ar\/wp-content\/uploads\/2025\/11\/villa2-870x570.jpg",870,570,true],"ultp_layout_portrait":["https:\/\/elfederalmendoza.com.ar\/wp-content\/uploads\/2025\/11\/villa2-600x777.jpg",600,777,true],"ultp_layout_square":["https:\/\/elfederalmendoza.com.ar\/wp-content\/uploads\/2025\/11\/villa2-600x600.jpg",600,600,true],"rpwe-thumbnail":["https:\/\/elfederalmendoza.com.ar\/wp-content\/uploads\/2025\/11\/villa2-45x45.jpg",45,45,true],"advps-thumb-one":["https:\/\/elfederalmendoza.com.ar\/wp-content\/uploads\/2025\/11\/villa2-1200x420.jpg",1200,420,true]},"rttpg_author":{"display_name":"Redacci\u00f3n El Federal","author_link":"https:\/\/elfederalmendoza.com.ar\/index.php\/author\/angelflores\/"},"rttpg_comment":0,"rttpg_category":"<a href=\"https:\/\/elfederalmendoza.com.ar\/index.php\/category\/deportes\/\" rel=\"category tag\">Deportes<\/a>","rttpg_excerpt":"El delantero colombiano le dedic\u00f3 una publicaci\u00f3n en las redes al presidente de Independiente Rivadavia en tono de despedida. Luego de la fiesta que realiz\u00f3\u00a0Independiente Rivadavia\u00a0para celebrar la obtenci\u00f3n de la\u00a0Copa\u00a0Argentina\u00a0y en medio de\u00a0los rumores que lo vinculan con River Plate, el delantero\u00a0Sebasti\u00e1n\u00a0Villa\u00a0se despidi\u00f3 la Lepra con un sentido mensaje para el presidente del club,\u00a0Daniel\u00a0Vila.&hellip;","_links":{"self":[{"href":"https:\/\/elfederalmendoza.com.ar\/index.php\/wp-json\/wp\/v2\/posts\/35201","targetHints":{"allow":["GET"]}}],"collection":[{"href":"https:\/\/elfederalmendoza.com.ar\/index.php\/wp-json\/wp\/v2\/posts"}],"about":[{"href":"https:\/\/elfederalmendoza.com.ar\/index.php\/wp-json\/wp\/v2\/types\/post"}],"author":[{"embeddable":true,"href":"https:\/\/elfederalmendoza.com.ar\/index.php\/wp-json\/wp\/v2\/users\/2"}],"replies":[{"embeddable":true,"href":"https:\/\/elfederalmendoza.com.ar\/index.php\/wp-json\/wp\/v2\/comments?post=35201"}],"version-history":[{"count":1,"href":"https:\/\/elfederalmendoza.com.ar\/index.php\/wp-json\/wp\/v2\/posts\/35201\/revisions"}],"predecessor-version":[{"id":35203,"href":"https:\/\/elfederalmendoza.com.ar\/index.php\/wp-json\/wp\/v2\/posts\/35201\/revisions\/35203"}],"wp:featuredmedia":[{"embeddable":true,"href":"https:\/\/elfederalmendoza.com.ar\/index.php\/wp-json\/wp\/v2\/media\/35202"}],"wp:attachment":[{"href":"https:\/\/elfederalmendoza.com.ar\/index.php\/wp-json\/wp\/v2\/media?parent=35201"}],"wp:term":[{"taxonomy":"category","embeddable":true,"href":"https:\/\/elfederalmendoza.com.ar\/index.php\/wp-json\/wp\/v2\/categories?post=35201"},{"taxonomy":"post_tag","embeddable":true,"href":"https:\/\/elfederalmendoza.com.ar\/index.php\/wp-json\/wp\/v2\/tags?post=35201"}],"curies":[{"name":"wp","href":"https:\/\/api.w.org\/{rel}","templated":true}]}}