{"id":35204,"date":"2025-11-22T08:31:05","date_gmt":"2025-11-22T11:31:05","guid":{"rendered":"https:\/\/elfederalmendoza.com.ar\/?p=35204"},"modified":"2025-11-22T08:31:07","modified_gmt":"2025-11-22T11:31:07","slug":"jose-lopez-declaro-como-arrepentido-y-vinculo-los-bolsos-del-convento-con-cristina-kirchner","status":"publish","type":"post","link":"https:\/\/elfederalmendoza.com.ar\/index.php\/2025\/11\/22\/jose-lopez-declaro-como-arrepentido-y-vinculo-los-bolsos-del-convento-con-cristina-kirchner\/","title":{"rendered":"Jos\u00e9 L\u00f3pez declar\u00f3 como arrepentido y vincul\u00f3 los bolsos del convento con Cristina Kirchner"},"content":{"rendered":"\n<p>En su declaraci\u00f3n como arrepentido, el exsecretario de Obra P\u00fablica detall\u00f3 c\u00f3mo funcionaba la recaudaci\u00f3n ilegal y explic\u00f3 por primera vez por qu\u00e9 eligi\u00f3 el convento de General Rodr\u00edguez para ocultar el dinero. Sus dichos implican directamente a Cristina Fern\u00e1ndez de Kirchner.<\/p>\n\n\n\n<p>En la audiencia donde se ley\u00f3 su testimonio como imputado colaborador, el exsecretario de Obras P\u00fablicas\u00a0<strong>Jos\u00e9 L\u00f3pez<\/strong>\u00a0revel\u00f3 el entramado pol\u00edtico y operativo que, seg\u00fan \u00e9l, sostuvo el sistema de recaudaci\u00f3n durante los a\u00f1os de gesti\u00f3n kirchnerista. Y revel\u00f3 finalmente\u00a0<strong>por qu\u00e9 era un convento el destino de los bolsos<\/strong>.<\/p>\n\n\n\n<p>L\u00f3pez asegur\u00f3 que Julio De Vido le explic\u00f3 desde el inicio c\u00f3mo se manejaba el esquema de&nbsp;<strong>aportes ilegales vinculados a la obra p\u00fablica<\/strong>, especialmente en el \u00e1rea vial. A\u00f1adi\u00f3 que, tras la muerte de N\u00e9stor Kirchner,&nbsp;<strong>fue convocado por Cristina Kirchner<\/strong>&nbsp;a su despacho y que all\u00ed ella le mostr\u00f3 cuadernos pertenecientes al expresidente para advertirle que \u00ab<strong>pod\u00eda ser parte del problema o la soluci\u00f3n<\/strong>\u00ab.<\/p>\n\n\n\n<p>\u00abA Cristina le cont\u00e9 todo, que hab\u00eda un sistema de recaudaci\u00f3n con las obras viales, le cont\u00e9 el mecanismo que en el resto de los sectores del ministerio lo conoc\u00eda. Esa reuni\u00f3n dur\u00f3 una hora aproximadamente\u00bb, declar\u00f3 L\u00f3pez. Adem\u00e1s, qued\u00f3 en claro que el exsecretario de Obras hablaba directamente con los empresarios, como&nbsp;<strong>Carlos Wagne<\/strong>r, para llegar a acuerdos, y conoc\u00eda c\u00f3mo se iban a otorgar las obras. Tambi\u00e9n coordinaba todo con el financista intermediario&nbsp;<strong>Ernesto Clarens.<\/strong><\/p>\n\n\n\n<p>Uno de los pasajes m\u00e1s esperados fue la explicaci\u00f3n sobre la madrugada de 2016, cuando fue detenido arrojando bolsos con millones de d\u00f3lares dentro del convento de General Rodr\u00edguez.&nbsp;<\/p>\n\n\n\n<figure class=\"wp-block-image is-resized\"><img decoding=\"async\" src=\"https:\/\/www.mendozapost.com\/files\/image\/685\/685679\/69205a11a61d4_570_321!.jpg?s=3021031b3ae89afa25cd20d1d34049bb&amp;d=1763727893\" alt=\"\" style=\"width:840px;height:auto\"\/><figcaption class=\"wp-element-caption\">Fabi\u00e1n Guti\u00e9rrez fue asesinado en 2020.<\/figcaption><\/figure>\n\n\n\n<p>Al respecto, L\u00f3pez dijo que&nbsp;<strong>Fabi\u00e1n Guti\u00e9rrez, exsecretario de los Kirchner, le pidi\u00f3 \u00abcambiar de lugar\u00bb<\/strong>&nbsp;una suma de dinero cuya magnitud \u00e9l mismo dedujo. Busc\u00f3 posibles sitios y, aunque no lo manifest\u00f3 en ese momento, pens\u00f3 en el convento. \u00abA la postre lo llev\u00e9\u00bb, se ley\u00f3. Luego agreg\u00f3 una frase que reconfigura el sentido de todo el episodio:&nbsp;<strong>\u00abFabi\u00e1n era Cristina\u00bb.<\/strong><\/p>\n","protected":false},"excerpt":{"rendered":"<p>En su declaraci\u00f3n como arrepentido, el exsecretario de Obra P\u00fablica detall\u00f3 c\u00f3mo funcionaba la recaudaci\u00f3n ilegal y explic\u00f3 por primera vez por qu\u00e9 eligi\u00f3 el convento de General Rodr\u00edguez para ocultar el dinero. Sus dichos implican directamente a Cristina Fern\u00e1ndez de Kirchner. En la audiencia donde se ley\u00f3 su testimonio como imputado colaborador, el exsecretario<a class=\"read-more\" href=\"https:\/\/elfederalmendoza.com.ar\/index.php\/2025\/11\/22\/jose-lopez-declaro-como-arrepentido-y-vinculo-los-bolsos-del-convento-con-cristina-kirchner\/\"> [&hellip;]<\/a><\/p>\n","protected":false},"author":2,"featured_media":35205,"comment_status":"open","ping_status":"open","sticky":false,"template":"","format":"standard","meta":{"footnotes":""},"categories":[5618],"tags":[],"class_list":["post-35204","post","type-post","status-publish","format-standard","has-post-thumbnail","hentry","category-arg"],"rttpg_featured_image_url":{"full":["https:\/\/elfederalmendoza.com.ar\/wp-content\/uploads\/2025\/11\/bolsos4.jpg",1200,675,false],"landscape":["https:\/\/elfederalmendoza.com.ar\/wp-content\/uploads\/2025\/11\/bolsos4.jpg",1200,675,false],"portraits":["https:\/\/elfederalmendoza.com.ar\/wp-content\/uploads\/2025\/11\/bolsos4.jpg",1200,675,false],"thumbnail":["https:\/\/elfederalmendoza.com.ar\/wp-content\/uploads\/2025\/11\/bolsos4-150x150.jpg",150,150,true],"medium":["https:\/\/elfederalmendoza.com.ar\/wp-content\/uploads\/2025\/11\/bolsos4-300x169.jpg",300,169,true],"large":["https:\/\/elfederalmendoza.com.ar\/wp-content\/uploads\/2025\/11\/bolsos4-1024x576.jpg",640,360,true],"1536x1536":["https:\/\/elfederalmendoza.com.ar\/wp-content\/uploads\/2025\/11\/bolsos4.jpg",1200,675,false],"2048x2048":["https:\/\/elfederalmendoza.com.ar\/wp-content\/uploads\/2025\/11\/bolsos4.jpg",1200,675,false],"ultp_layout_landscape_large":["https:\/\/elfederalmendoza.com.ar\/wp-content\/uploads\/2025\/11\/bolsos4.jpg",1200,675,false],"ultp_layout_landscape":["https:\/\/elfederalmendoza.com.ar\/wp-content\/uploads\/2025\/11\/bolsos4-870x570.jpg",870,570,true],"ultp_layout_portrait":["https:\/\/elfederalmendoza.com.ar\/wp-content\/uploads\/2025\/11\/bolsos4-600x675.jpg",600,675,true],"ultp_layout_square":["https:\/\/elfederalmendoza.com.ar\/wp-content\/uploads\/2025\/11\/bolsos4-600x600.jpg",600,600,true],"rpwe-thumbnail":["https:\/\/elfederalmendoza.com.ar\/wp-content\/uploads\/2025\/11\/bolsos4-45x45.jpg",45,45,true],"advps-thumb-one":["https:\/\/elfederalmendoza.com.ar\/wp-content\/uploads\/2025\/11\/bolsos4-1200x420.jpg",1200,420,true]},"rttpg_author":{"display_name":"Redacci\u00f3n El Federal","author_link":"https:\/\/elfederalmendoza.com.ar\/index.php\/author\/angelflores\/"},"rttpg_comment":0,"rttpg_category":"<a href=\"https:\/\/elfederalmendoza.com.ar\/index.php\/category\/arg\/\" rel=\"category tag\">Argentina<\/a>","rttpg_excerpt":"En su declaraci\u00f3n como arrepentido, el exsecretario de Obra P\u00fablica detall\u00f3 c\u00f3mo funcionaba la recaudaci\u00f3n ilegal y explic\u00f3 por primera vez por qu\u00e9 eligi\u00f3 el convento de General Rodr\u00edguez para ocultar el dinero. Sus dichos implican directamente a Cristina Fern\u00e1ndez de Kirchner. En la audiencia donde se ley\u00f3 su testimonio como imputado colaborador, el exsecretario&hellip;","_links":{"self":[{"href":"https:\/\/elfederalmendoza.com.ar\/index.php\/wp-json\/wp\/v2\/posts\/35204","targetHints":{"allow":["GET"]}}],"collection":[{"href":"https:\/\/elfederalmendoza.com.ar\/index.php\/wp-json\/wp\/v2\/posts"}],"about":[{"href":"https:\/\/elfederalmendoza.com.ar\/index.php\/wp-json\/wp\/v2\/types\/post"}],"author":[{"embeddable":true,"href":"https:\/\/elfederalmendoza.com.ar\/index.php\/wp-json\/wp\/v2\/users\/2"}],"replies":[{"embeddable":true,"href":"https:\/\/elfederalmendoza.com.ar\/index.php\/wp-json\/wp\/v2\/comments?post=35204"}],"version-history":[{"count":1,"href":"https:\/\/elfederalmendoza.com.ar\/index.php\/wp-json\/wp\/v2\/posts\/35204\/revisions"}],"predecessor-version":[{"id":35206,"href":"https:\/\/elfederalmendoza.com.ar\/index.php\/wp-json\/wp\/v2\/posts\/35204\/revisions\/35206"}],"wp:featuredmedia":[{"embeddable":true,"href":"https:\/\/elfederalmendoza.com.ar\/index.php\/wp-json\/wp\/v2\/media\/35205"}],"wp:attachment":[{"href":"https:\/\/elfederalmendoza.com.ar\/index.php\/wp-json\/wp\/v2\/media?parent=35204"}],"wp:term":[{"taxonomy":"category","embeddable":true,"href":"https:\/\/elfederalmendoza.com.ar\/index.php\/wp-json\/wp\/v2\/categories?post=35204"},{"taxonomy":"post_tag","embeddable":true,"href":"https:\/\/elfederalmendoza.com.ar\/index.php\/wp-json\/wp\/v2\/tags?post=35204"}],"curies":[{"name":"wp","href":"https:\/\/api.w.org\/{rel}","templated":true}]}}