{"id":35207,"date":"2025-11-22T09:48:21","date_gmt":"2025-11-22T12:48:21","guid":{"rendered":"https:\/\/elfederalmendoza.com.ar\/?p=35207"},"modified":"2025-11-22T09:48:22","modified_gmt":"2025-11-22T12:48:22","slug":"clarens-rompio-el-pacto-de-silencio-detallo-como-se-recaudaban-300-mil-dolares-por-semana-para-los-kirchner","status":"publish","type":"post","link":"https:\/\/elfederalmendoza.com.ar\/index.php\/2025\/11\/22\/clarens-rompio-el-pacto-de-silencio-detallo-como-se-recaudaban-300-mil-dolares-por-semana-para-los-kirchner\/","title":{"rendered":"Clarens rompi\u00f3 el pacto de silencio: detall\u00f3 c\u00f3mo se recaudaban 300 mil d\u00f3lares por semana para los Kirchner"},"content":{"rendered":"\n<p>La confesi\u00f3n del financista <strong>Ernesto Clarens volvi\u00f3 a sacudir el juicio por la causa Cuadernos <\/strong>y dej\u00f3 al descubierto, con una crudeza inc\u00f3moda para el kirchnerismo, el mecanismo de recaudaci\u00f3n ilegal que habr\u00eda operado durante a\u00f1os desde las m\u00e1s altas esferas del poder. Clarens, hist\u00f3rico operador financiero de la obra p\u00fablica y hombre de confianza de empresarios y funcionarios, <strong>cont\u00f3 con precisi\u00f3n c\u00f3mo recibi\u00f3, cambi\u00f3 y entreg\u00f3 monta\u00f1as de dinero que \u2014seg\u00fan afirm\u00f3\u2014 ten\u00edan como destino final a la familia Kirchner a trav\u00e9s del fallecido secretario privado Daniel Mu\u00f1oz.<\/strong><\/p>\n\n\n\n<p>El financista declar\u00f3 que las entregas eran \u201cfrecuentes, semanales\u201d y <strong>rondaban los 300 mil d\u00f3lares por vez<\/strong>. Seg\u00fan su testimonio, las constructoras enviaban a sus \u201cvalijeros\u201d con bolsos cargados de billetes, que \u00e9l luego transformaba en d\u00f3lares o euros para facilitar la operatoria. Las entregas \u2014admiti\u00f3\u2014 se realizaban en el Hotel Panamericano o directamente en el departamento de los Kirchner en Juncal y Uruguay. Incluso describi\u00f3 que parte de <strong>esos fondos terminaban guardados en una b\u00f3veda en El Calafate \u201ccon un fuerte olor a tinta\u201d, producto del volumen de efectivo acumulado.<\/strong><\/p>\n\n\n\n<p>Clarens aport\u00f3 planillas, registros internos y listados de los emisarios de las empresas que llevaban el dinero. En su acuerdo como arrepentido debi\u00f3 entregar propiedades de alt\u00edsimo valor, entre ellas un departamento en Miami y un yate adquirido \u2014seg\u00fan \u00e9l mismo\u2014 con dinero proveniente de estas operaciones. <strong>Su testimonio es considerado clave para reconstruir el sistema de recaudaci\u00f3n que articul\u00f3 la presunta cartelizaci\u00f3n de la obra p\u00fablica durante los gobiernos kirchneristas.<\/strong><\/p>\n\n\n\n<p>Pero su declaraci\u00f3n no estuvo libre de pol\u00e9mica. Empresarios como Crist\u00f3bal L\u00f3pez intentaron deslegitimarla denunciando contradicciones e incluso acusando que el financista brind\u00f3 versiones distintas en su primera, segunda y tercera declaraci\u00f3n. Tambi\u00e9n hubo defensas que hablaron de presiones para que los imputados convalidaran su relato bajo amenaza de detenci\u00f3n. Pese a todo, el tribunal rechaz\u00f3 cada intento de anular su confesi\u00f3n<strong> y la ratific\u00f3 como v\u00e1lida y central para el juicio.<\/strong><\/p>\n\n\n\n<p>Ahora, Clarens deber\u00e1 reafirmar punto por punto lo que ya dijo, bajo juramento, para evitar un eventual falso testimonio.<strong> Su relato, minucioso y devastador para los exfuncionarios involucrados<\/strong>, deja en evidencia el funcionamiento de una estructura paralela de recaudaci\u00f3n que mov\u00eda cifras multimillonarias en efectivo y que, de acuerdo con la acusaci\u00f3n, operaba con una naturalidad asombrosa bajo la protecci\u00f3n del poder pol\u00edtico de entonces.<\/p>\n","protected":false},"excerpt":{"rendered":"<p>La confesi\u00f3n del financista Ernesto Clarens volvi\u00f3 a sacudir el juicio por la causa Cuadernos y dej\u00f3 al descubierto, con una crudeza inc\u00f3moda para el kirchnerismo, el mecanismo de recaudaci\u00f3n ilegal que habr\u00eda operado durante a\u00f1os desde las m\u00e1s altas esferas del poder. Clarens, hist\u00f3rico operador financiero de la obra p\u00fablica y hombre de confianza<a class=\"read-more\" href=\"https:\/\/elfederalmendoza.com.ar\/index.php\/2025\/11\/22\/clarens-rompio-el-pacto-de-silencio-detallo-como-se-recaudaban-300-mil-dolares-por-semana-para-los-kirchner\/\"> [&hellip;]<\/a><\/p>\n","protected":false},"author":2,"featured_media":35208,"comment_status":"open","ping_status":"open","sticky":false,"template":"","format":"standard","meta":{"footnotes":""},"categories":[5618],"tags":[],"class_list":["post-35207","post","type-post","status-publish","format-standard","has-post-thumbnail","hentry","category-arg"],"rttpg_featured_image_url":{"full":["https:\/\/elfederalmendoza.com.ar\/wp-content\/uploads\/2025\/11\/clarens-scaled.jpg",2560,1562,false],"landscape":["https:\/\/elfederalmendoza.com.ar\/wp-content\/uploads\/2025\/11\/clarens-scaled.jpg",2560,1562,false],"portraits":["https:\/\/elfederalmendoza.com.ar\/wp-content\/uploads\/2025\/11\/clarens-scaled.jpg",2560,1562,false],"thumbnail":["https:\/\/elfederalmendoza.com.ar\/wp-content\/uploads\/2025\/11\/clarens-150x150.jpg",150,150,true],"medium":["https:\/\/elfederalmendoza.com.ar\/wp-content\/uploads\/2025\/11\/clarens-300x183.jpg",300,183,true],"large":["https:\/\/elfederalmendoza.com.ar\/wp-content\/uploads\/2025\/11\/clarens-1024x625.jpg",640,391,true],"1536x1536":["https:\/\/elfederalmendoza.com.ar\/wp-content\/uploads\/2025\/11\/clarens-1536x937.jpg",1536,937,true],"2048x2048":["https:\/\/elfederalmendoza.com.ar\/wp-content\/uploads\/2025\/11\/clarens-2048x1250.jpg",2048,1250,true],"ultp_layout_landscape_large":["https:\/\/elfederalmendoza.com.ar\/wp-content\/uploads\/2025\/11\/clarens-1200x800.jpg",1200,800,true],"ultp_layout_landscape":["https:\/\/elfederalmendoza.com.ar\/wp-content\/uploads\/2025\/11\/clarens-870x570.jpg",870,570,true],"ultp_layout_portrait":["https:\/\/elfederalmendoza.com.ar\/wp-content\/uploads\/2025\/11\/clarens-600x900.jpg",600,900,true],"ultp_layout_square":["https:\/\/elfederalmendoza.com.ar\/wp-content\/uploads\/2025\/11\/clarens-600x600.jpg",600,600,true],"rpwe-thumbnail":["https:\/\/elfederalmendoza.com.ar\/wp-content\/uploads\/2025\/11\/clarens-45x45.jpg",45,45,true],"advps-thumb-one":["https:\/\/elfederalmendoza.com.ar\/wp-content\/uploads\/2025\/11\/clarens-1200x420.jpg",1200,420,true]},"rttpg_author":{"display_name":"Redacci\u00f3n El Federal","author_link":"https:\/\/elfederalmendoza.com.ar\/index.php\/author\/angelflores\/"},"rttpg_comment":0,"rttpg_category":"<a href=\"https:\/\/elfederalmendoza.com.ar\/index.php\/category\/arg\/\" rel=\"category tag\">Argentina<\/a>","rttpg_excerpt":"La confesi\u00f3n del financista Ernesto Clarens volvi\u00f3 a sacudir el juicio por la causa Cuadernos y dej\u00f3 al descubierto, con una crudeza inc\u00f3moda para el kirchnerismo, el mecanismo de recaudaci\u00f3n ilegal que habr\u00eda operado durante a\u00f1os desde las m\u00e1s altas esferas del poder. Clarens, hist\u00f3rico operador financiero de la obra p\u00fablica y hombre de confianza&hellip;","_links":{"self":[{"href":"https:\/\/elfederalmendoza.com.ar\/index.php\/wp-json\/wp\/v2\/posts\/35207","targetHints":{"allow":["GET"]}}],"collection":[{"href":"https:\/\/elfederalmendoza.com.ar\/index.php\/wp-json\/wp\/v2\/posts"}],"about":[{"href":"https:\/\/elfederalmendoza.com.ar\/index.php\/wp-json\/wp\/v2\/types\/post"}],"author":[{"embeddable":true,"href":"https:\/\/elfederalmendoza.com.ar\/index.php\/wp-json\/wp\/v2\/users\/2"}],"replies":[{"embeddable":true,"href":"https:\/\/elfederalmendoza.com.ar\/index.php\/wp-json\/wp\/v2\/comments?post=35207"}],"version-history":[{"count":1,"href":"https:\/\/elfederalmendoza.com.ar\/index.php\/wp-json\/wp\/v2\/posts\/35207\/revisions"}],"predecessor-version":[{"id":35209,"href":"https:\/\/elfederalmendoza.com.ar\/index.php\/wp-json\/wp\/v2\/posts\/35207\/revisions\/35209"}],"wp:featuredmedia":[{"embeddable":true,"href":"https:\/\/elfederalmendoza.com.ar\/index.php\/wp-json\/wp\/v2\/media\/35208"}],"wp:attachment":[{"href":"https:\/\/elfederalmendoza.com.ar\/index.php\/wp-json\/wp\/v2\/media?parent=35207"}],"wp:term":[{"taxonomy":"category","embeddable":true,"href":"https:\/\/elfederalmendoza.com.ar\/index.php\/wp-json\/wp\/v2\/categories?post=35207"},{"taxonomy":"post_tag","embeddable":true,"href":"https:\/\/elfederalmendoza.com.ar\/index.php\/wp-json\/wp\/v2\/tags?post=35207"}],"curies":[{"name":"wp","href":"https:\/\/api.w.org\/{rel}","templated":true}]}}