{"id":35210,"date":"2025-11-24T08:10:25","date_gmt":"2025-11-24T11:10:25","guid":{"rendered":"https:\/\/elfederalmendoza.com.ar\/?p=35210"},"modified":"2025-11-24T08:10:26","modified_gmt":"2025-11-24T11:10:26","slug":"record-historico-llegaron-casi-160-mil-turistas-durante-el-fin-de-semana-largo-a-mar-del-plata","status":"publish","type":"post","link":"https:\/\/elfederalmendoza.com.ar\/index.php\/2025\/11\/24\/record-historico-llegaron-casi-160-mil-turistas-durante-el-fin-de-semana-largo-a-mar-del-plata\/","title":{"rendered":"\u201cR\u00e9cord hist\u00f3rico\u201d: llegaron casi 160 mil turistas durante el fin de semana largo a Mar del Plata"},"content":{"rendered":"\n<p>El dato marca uno de los movimientos tur\u00edsticos m\u00e1s importantes de los \u00faltimos a\u00f1os y refuerza las expectativas locales para la temporada de verano.<\/p>\n\n\n\n<p>Mar del Plata cerr\u00f3 el \u00faltimo fin de semana largo del a\u00f1o con cifras r\u00e9cord:&nbsp;<strong>158 mil turistas<\/strong>&nbsp;llegaron a la ciudad, seg\u00fan&nbsp;<strong>inform\u00f3 el intendente Guillermo Montenegro<\/strong>. El dato marca uno de los movimientos tur\u00edsticos m\u00e1s importantes de los \u00faltimos a\u00f1os y refuerza las expectativas locales para la temporada de verano.<\/p>\n\n\n\n<p>A trav\u00e9s de su cuenta de X, Montenegro destac\u00f3 el impacto positivo de la afluencia de visitantes y comparti\u00f3 un mensaje acompa\u00f1ado por un video que muestra el intenso movimiento en los accesos a la ciudad, as\u00ed como im\u00e1genes de turistas en las playas, corredores gastron\u00f3micos y paseos al aire libre.<\/p>\n\n\n\n<blockquote class=\"wp-block-quote is-layout-flow wp-block-quote-is-layout-flow\">\n<p><em>\u201cA Mar del Plata vinieron 158 mil turistas durante este fin de semana largo. Es un r\u00e9cord hist\u00f3rico que logramos gracias a la preparaci\u00f3n, la previsibilidad, la oferta, las condiciones. Todo para competir. Y ganar\u201d,<\/em>&nbsp;expres\u00f3 el jefe comunal.<\/p>\n<\/blockquote>\n\n\n\n<p>Las im\u00e1genes difundidas incluyeron largas filas de autos en las rutas de ingreso, playas con un gran caudal de visitantes, actividad en los distintos centros comerciales y un notorio movimiento en los espacios p\u00fablicos y gastron\u00f3micos.<\/p>\n\n\n\n<p>Desde el sector tur\u00edstico local valoraron el resultado como<strong>&nbsp;un anticipo alentador de lo que podr\u00eda ser una temporada de verano muy activa<\/strong>. Adem\u00e1s, remarcaron la importancia de la planificaci\u00f3n y la promoci\u00f3n para sostener la competitividad de la ciudad frente a otros destinos.<\/p>\n\n\n\n<p>Con este fin de semana largo, Mar del Plata cierra el calendario 2025 con un balance favorable y renovadas expectativas para el pr\u00f3ximo a\u00f1o, posicion\u00e1ndose nuevamente como uno de los destinos m\u00e1s elegidos del pa\u00eds.<\/p>\n\n\n\n<blockquote class=\"twitter-tweet\"><p lang=\"es\" dir=\"ltr\">A Mar del Plata vinieron 158 mil turistas durante este fin de semana largo. Es un r\u00e9cord hist\u00f3rico que logramos gracias a la preparaci\u00f3n, la previsibilidad, la oferta, las condiciones. Todo para competir. Y ganar. <a href=\"https:\/\/t.co\/kl3b4Q8yIe\">pic.twitter.com\/kl3b4Q8yIe<\/a><\/p>&mdash; Guillermo Montenegro (@gmontenegro_ok) <a href=\"https:\/\/twitter.com\/gmontenegro_ok\/status\/1992622558995505502?ref_src=twsrc%5Etfw\">November 23, 2025<\/a><\/blockquote> <script async src=\"https:\/\/platform.twitter.com\/widgets.js\" charset=\"utf-8\"><\/script>\n","protected":false},"excerpt":{"rendered":"<p>El dato marca uno de los movimientos tur\u00edsticos m\u00e1s importantes de los \u00faltimos a\u00f1os y refuerza las expectativas locales para la temporada de verano. Mar del Plata cerr\u00f3 el \u00faltimo fin de semana largo del a\u00f1o con cifras r\u00e9cord:&nbsp;158 mil turistas&nbsp;llegaron a la ciudad, seg\u00fan&nbsp;inform\u00f3 el intendente Guillermo Montenegro. El dato marca uno de los<a class=\"read-more\" href=\"https:\/\/elfederalmendoza.com.ar\/index.php\/2025\/11\/24\/record-historico-llegaron-casi-160-mil-turistas-durante-el-fin-de-semana-largo-a-mar-del-plata\/\"> [&hellip;]<\/a><\/p>\n","protected":false},"author":2,"featured_media":35211,"comment_status":"open","ping_status":"open","sticky":false,"template":"","format":"standard","meta":{"footnotes":""},"categories":[5618],"tags":[],"class_list":["post-35210","post","type-post","status-publish","format-standard","has-post-thumbnail","hentry","category-arg"],"rttpg_featured_image_url":{"full":["https:\/\/elfederalmendoza.com.ar\/wp-content\/uploads\/2025\/11\/turismo-mardel.jpg",1570,934,false],"landscape":["https:\/\/elfederalmendoza.com.ar\/wp-content\/uploads\/2025\/11\/turismo-mardel.jpg",1570,934,false],"portraits":["https:\/\/elfederalmendoza.com.ar\/wp-content\/uploads\/2025\/11\/turismo-mardel.jpg",1570,934,false],"thumbnail":["https:\/\/elfederalmendoza.com.ar\/wp-content\/uploads\/2025\/11\/turismo-mardel-150x150.jpg",150,150,true],"medium":["https:\/\/elfederalmendoza.com.ar\/wp-content\/uploads\/2025\/11\/turismo-mardel-300x178.jpg",300,178,true],"large":["https:\/\/elfederalmendoza.com.ar\/wp-content\/uploads\/2025\/11\/turismo-mardel-1024x609.jpg",640,381,true],"1536x1536":["https:\/\/elfederalmendoza.com.ar\/wp-content\/uploads\/2025\/11\/turismo-mardel-1536x914.jpg",1536,914,true],"2048x2048":["https:\/\/elfederalmendoza.com.ar\/wp-content\/uploads\/2025\/11\/turismo-mardel.jpg",1570,934,false],"ultp_layout_landscape_large":["https:\/\/elfederalmendoza.com.ar\/wp-content\/uploads\/2025\/11\/turismo-mardel-1200x800.jpg",1200,800,true],"ultp_layout_landscape":["https:\/\/elfederalmendoza.com.ar\/wp-content\/uploads\/2025\/11\/turismo-mardel-870x570.jpg",870,570,true],"ultp_layout_portrait":["https:\/\/elfederalmendoza.com.ar\/wp-content\/uploads\/2025\/11\/turismo-mardel-600x900.jpg",600,900,true],"ultp_layout_square":["https:\/\/elfederalmendoza.com.ar\/wp-content\/uploads\/2025\/11\/turismo-mardel-600x600.jpg",600,600,true],"rpwe-thumbnail":["https:\/\/elfederalmendoza.com.ar\/wp-content\/uploads\/2025\/11\/turismo-mardel-45x45.jpg",45,45,true],"advps-thumb-one":["https:\/\/elfederalmendoza.com.ar\/wp-content\/uploads\/2025\/11\/turismo-mardel-1200x420.jpg",1200,420,true]},"rttpg_author":{"display_name":"Redacci\u00f3n El Federal","author_link":"https:\/\/elfederalmendoza.com.ar\/index.php\/author\/angelflores\/"},"rttpg_comment":0,"rttpg_category":"<a href=\"https:\/\/elfederalmendoza.com.ar\/index.php\/category\/arg\/\" rel=\"category tag\">Argentina<\/a>","rttpg_excerpt":"El dato marca uno de los movimientos tur\u00edsticos m\u00e1s importantes de los \u00faltimos a\u00f1os y refuerza las expectativas locales para la temporada de verano. Mar del Plata cerr\u00f3 el \u00faltimo fin de semana largo del a\u00f1o con cifras r\u00e9cord:&nbsp;158 mil turistas&nbsp;llegaron a la ciudad, seg\u00fan&nbsp;inform\u00f3 el intendente Guillermo Montenegro. El dato marca uno de los&hellip;","_links":{"self":[{"href":"https:\/\/elfederalmendoza.com.ar\/index.php\/wp-json\/wp\/v2\/posts\/35210","targetHints":{"allow":["GET"]}}],"collection":[{"href":"https:\/\/elfederalmendoza.com.ar\/index.php\/wp-json\/wp\/v2\/posts"}],"about":[{"href":"https:\/\/elfederalmendoza.com.ar\/index.php\/wp-json\/wp\/v2\/types\/post"}],"author":[{"embeddable":true,"href":"https:\/\/elfederalmendoza.com.ar\/index.php\/wp-json\/wp\/v2\/users\/2"}],"replies":[{"embeddable":true,"href":"https:\/\/elfederalmendoza.com.ar\/index.php\/wp-json\/wp\/v2\/comments?post=35210"}],"version-history":[{"count":1,"href":"https:\/\/elfederalmendoza.com.ar\/index.php\/wp-json\/wp\/v2\/posts\/35210\/revisions"}],"predecessor-version":[{"id":35212,"href":"https:\/\/elfederalmendoza.com.ar\/index.php\/wp-json\/wp\/v2\/posts\/35210\/revisions\/35212"}],"wp:featuredmedia":[{"embeddable":true,"href":"https:\/\/elfederalmendoza.com.ar\/index.php\/wp-json\/wp\/v2\/media\/35211"}],"wp:attachment":[{"href":"https:\/\/elfederalmendoza.com.ar\/index.php\/wp-json\/wp\/v2\/media?parent=35210"}],"wp:term":[{"taxonomy":"category","embeddable":true,"href":"https:\/\/elfederalmendoza.com.ar\/index.php\/wp-json\/wp\/v2\/categories?post=35210"},{"taxonomy":"post_tag","embeddable":true,"href":"https:\/\/elfederalmendoza.com.ar\/index.php\/wp-json\/wp\/v2\/tags?post=35210"}],"curies":[{"name":"wp","href":"https:\/\/api.w.org\/{rel}","templated":true}]}}