{"id":35213,"date":"2025-11-25T09:58:04","date_gmt":"2025-11-25T12:58:04","guid":{"rendered":"https:\/\/elfederalmendoza.com.ar\/?p=35213"},"modified":"2025-11-25T09:58:05","modified_gmt":"2025-11-25T12:58:05","slug":"una-familia-de-mendoza-choco-en-chile-y-murieron-tres-personas","status":"publish","type":"post","link":"https:\/\/elfederalmendoza.com.ar\/index.php\/2025\/11\/25\/una-familia-de-mendoza-choco-en-chile-y-murieron-tres-personas\/","title":{"rendered":"Una familia de Mendoza choc\u00f3 en Chile y murieron tres personas"},"content":{"rendered":"\n<p>El accidente ocurri\u00f3 en una autopista de Los Andes, en la regi\u00f3n de Valpara\u00edso, cuando dos veh\u00edculos chocaron de frente. Muri\u00f3 una pareja de argentinos y el conductor del otro rodado, de nacionalidad chilena.<\/p>\n\n\n\n<p><strong>Tres personas murieron<\/strong>\u00a0este martes tras un\u00a0<strong>choque frontal\u00a0<\/strong>en Chile,\u00a0ocurrido en la\u00a0autopista Los Andes, a la altura de la comuna de San Felipe, en la regi\u00f3n de\u00a0Valpara\u00edso.<\/p>\n\n\n\n<p>Medios chilenos\u00a0publicaron que dos de los fallecidos se movilizaban en un\u00a0<strong>Fiat Cronos<\/strong>\u00a0con patente argentina. Seg\u00fan pudo chequear el\u00a0<em><strong>Post<\/strong><\/em>, se trata de un<strong>\u00a0veh\u00edculo radicado en la Provincia de Mendoza<\/strong>, espec\u00edficamente en un registro automotor de Maip\u00fa.<\/p>\n\n\n\n<p>En este veh\u00edculo tambi\u00e9n viajaban\u00a0<strong>ni\u00f1os<\/strong>, que fueron trasladados al\u00a0hospital San Camilo, desconoci\u00e9ndose hasta el momento el estado de salud de los mismos. En tanto,\u00a0<strong>el conductor del otro auto -un hombre de Chile- muri\u00f3 en el acto.<\/strong><\/p>\n\n\n\n<h2 class=\"wp-block-heading\"><strong>C\u00f3mo fue el accidente<\/strong><\/h2>\n\n\n\n<figure class=\"wp-block-image is-resized\"><img decoding=\"async\" src=\"https:\/\/www.mendozapost.com\/files\/image\/686\/686477\/6925a3e469a39_570_327!.jpg?s=35bd7f9d46671801adc537cc7c9fc0cb&amp;d=1764074471\" alt=\"\" style=\"width:840px;height:auto\"\/><\/figure>\n\n\n\n<p>Carabineros, Bomberos y personal m\u00e9dico trabajaron en el lugar durante varias horas, lo que oblig\u00f3 a interrumpir el tr\u00e1nsito en ambos sentidos de la autopista. Las pericias quedaron a cargo de unidades especializadas que buscan determinar las causas exactas del choque.<\/p>\n\n\n\n<p>Las autoridades del sector indicaron que la investigaci\u00f3n se centrar\u00e1 en establecer la mec\u00e1nica del accidente y confirmar las identidades de todas las personas involucradas para avanzar con los procedimientos correspondientes.<\/p>\n\n\n\n<figure class=\"wp-block-image is-resized\"><img decoding=\"async\" src=\"https:\/\/www.mendozapost.com\/files\/image\/686\/686471\/6925a14921aae_570_428!.jpg?s=951a45505bdfac12547c27eff2437e7a&amp;d=1764073803\" alt=\"\" style=\"width:840px;height:auto\"\/><\/figure>\n\n\n\n<p><\/p>\n","protected":false},"excerpt":{"rendered":"<p>El accidente ocurri\u00f3 en una autopista de Los Andes, en la regi\u00f3n de Valpara\u00edso, cuando dos veh\u00edculos chocaron de frente. Muri\u00f3 una pareja de argentinos y el conductor del otro rodado, de nacionalidad chilena. Tres personas murieron\u00a0este martes tras un\u00a0choque frontal\u00a0en Chile,\u00a0ocurrido en la\u00a0autopista Los Andes, a la altura de la comuna de San Felipe,<a class=\"read-more\" href=\"https:\/\/elfederalmendoza.com.ar\/index.php\/2025\/11\/25\/una-familia-de-mendoza-choco-en-chile-y-murieron-tres-personas\/\"> [&hellip;]<\/a><\/p>\n","protected":false},"author":2,"featured_media":35214,"comment_status":"open","ping_status":"open","sticky":false,"template":"","format":"standard","meta":{"footnotes":""},"categories":[5618],"tags":[320,36,11],"class_list":["post-35213","post","type-post","status-publish","format-standard","has-post-thumbnail","hentry","category-arg","tag-argentina","tag-chile","tag-mendoza"],"rttpg_featured_image_url":{"full":["https:\/\/elfederalmendoza.com.ar\/wp-content\/uploads\/2025\/11\/los-andes.jpg",1498,700,false],"landscape":["https:\/\/elfederalmendoza.com.ar\/wp-content\/uploads\/2025\/11\/los-andes.jpg",1498,700,false],"portraits":["https:\/\/elfederalmendoza.com.ar\/wp-content\/uploads\/2025\/11\/los-andes.jpg",1498,700,false],"thumbnail":["https:\/\/elfederalmendoza.com.ar\/wp-content\/uploads\/2025\/11\/los-andes-150x150.jpg",150,150,true],"medium":["https:\/\/elfederalmendoza.com.ar\/wp-content\/uploads\/2025\/11\/los-andes-300x140.jpg",300,140,true],"large":["https:\/\/elfederalmendoza.com.ar\/wp-content\/uploads\/2025\/11\/los-andes-1024x479.jpg",640,299,true],"1536x1536":["https:\/\/elfederalmendoza.com.ar\/wp-content\/uploads\/2025\/11\/los-andes.jpg",1498,700,false],"2048x2048":["https:\/\/elfederalmendoza.com.ar\/wp-content\/uploads\/2025\/11\/los-andes.jpg",1498,700,false],"ultp_layout_landscape_large":["https:\/\/elfederalmendoza.com.ar\/wp-content\/uploads\/2025\/11\/los-andes-1200x700.jpg",1200,700,true],"ultp_layout_landscape":["https:\/\/elfederalmendoza.com.ar\/wp-content\/uploads\/2025\/11\/los-andes-870x570.jpg",870,570,true],"ultp_layout_portrait":["https:\/\/elfederalmendoza.com.ar\/wp-content\/uploads\/2025\/11\/los-andes-600x700.jpg",600,700,true],"ultp_layout_square":["https:\/\/elfederalmendoza.com.ar\/wp-content\/uploads\/2025\/11\/los-andes-600x600.jpg",600,600,true],"rpwe-thumbnail":["https:\/\/elfederalmendoza.com.ar\/wp-content\/uploads\/2025\/11\/los-andes-45x45.jpg",45,45,true],"advps-thumb-one":["https:\/\/elfederalmendoza.com.ar\/wp-content\/uploads\/2025\/11\/los-andes-1200x420.jpg",1200,420,true]},"rttpg_author":{"display_name":"Redacci\u00f3n El Federal","author_link":"https:\/\/elfederalmendoza.com.ar\/index.php\/author\/angelflores\/"},"rttpg_comment":0,"rttpg_category":"<a href=\"https:\/\/elfederalmendoza.com.ar\/index.php\/category\/arg\/\" rel=\"category tag\">Argentina<\/a>","rttpg_excerpt":"El accidente ocurri\u00f3 en una autopista de Los Andes, en la regi\u00f3n de Valpara\u00edso, cuando dos veh\u00edculos chocaron de frente. Muri\u00f3 una pareja de argentinos y el conductor del otro rodado, de nacionalidad chilena. Tres personas murieron\u00a0este martes tras un\u00a0choque frontal\u00a0en Chile,\u00a0ocurrido en la\u00a0autopista Los Andes, a la altura de la comuna de San Felipe,&hellip;","_links":{"self":[{"href":"https:\/\/elfederalmendoza.com.ar\/index.php\/wp-json\/wp\/v2\/posts\/35213","targetHints":{"allow":["GET"]}}],"collection":[{"href":"https:\/\/elfederalmendoza.com.ar\/index.php\/wp-json\/wp\/v2\/posts"}],"about":[{"href":"https:\/\/elfederalmendoza.com.ar\/index.php\/wp-json\/wp\/v2\/types\/post"}],"author":[{"embeddable":true,"href":"https:\/\/elfederalmendoza.com.ar\/index.php\/wp-json\/wp\/v2\/users\/2"}],"replies":[{"embeddable":true,"href":"https:\/\/elfederalmendoza.com.ar\/index.php\/wp-json\/wp\/v2\/comments?post=35213"}],"version-history":[{"count":1,"href":"https:\/\/elfederalmendoza.com.ar\/index.php\/wp-json\/wp\/v2\/posts\/35213\/revisions"}],"predecessor-version":[{"id":35215,"href":"https:\/\/elfederalmendoza.com.ar\/index.php\/wp-json\/wp\/v2\/posts\/35213\/revisions\/35215"}],"wp:featuredmedia":[{"embeddable":true,"href":"https:\/\/elfederalmendoza.com.ar\/index.php\/wp-json\/wp\/v2\/media\/35214"}],"wp:attachment":[{"href":"https:\/\/elfederalmendoza.com.ar\/index.php\/wp-json\/wp\/v2\/media?parent=35213"}],"wp:term":[{"taxonomy":"category","embeddable":true,"href":"https:\/\/elfederalmendoza.com.ar\/index.php\/wp-json\/wp\/v2\/categories?post=35213"},{"taxonomy":"post_tag","embeddable":true,"href":"https:\/\/elfederalmendoza.com.ar\/index.php\/wp-json\/wp\/v2\/tags?post=35213"}],"curies":[{"name":"wp","href":"https:\/\/api.w.org\/{rel}","templated":true}]}}