{"id":35216,"date":"2025-11-25T10:32:40","date_gmt":"2025-11-25T13:32:40","guid":{"rendered":"https:\/\/elfederalmendoza.com.ar\/?p=35216"},"modified":"2025-11-25T10:32:40","modified_gmt":"2025-11-25T13:32:40","slug":"queres-cambiar-el-celu-espera-hasta-enero-por-la-baja-en-los-precios","status":"publish","type":"post","link":"https:\/\/elfederalmendoza.com.ar\/index.php\/2025\/11\/25\/queres-cambiar-el-celu-espera-hasta-enero-por-la-baja-en-los-precios\/","title":{"rendered":"\u00bfQuer\u00e9s cambiar el celu?, esper\u00e1 hasta enero por la baja en los precios"},"content":{"rendered":"\n<p>En mayo el Gobierno redujo aranceles a productos tecnol\u00f3gicos mediante los decretos 333 y 334\/2025. A semanas de enero de 2026, las medidas vuelven a cobrar relevancia y reabren el debate sobre cu\u00e1ndo conviene renovar el celular.<\/p>\n\n\n\n<p>Con el\u00a0<strong>Black Friday<\/strong>\u00a0y las fiestas a la vuelta de la esquina, las promociones de celulares empiezan a multiplicarse en todo el pa\u00eds. Sin embargo, quienes no est\u00e9n urgidos por cambiar el tel\u00e9fono tal vez ganen m\u00e1s si se contienen un poco: en pocos meses entra en vigencia una normativa que recorta fuerte los impuestos a la tecnolog\u00eda y podr\u00eda abaratar los equipos. Se trata de una medida que el\u00a0<strong>Gobierno<\/strong>\u00a0public\u00f3 en mayo de 2025, pero que reci\u00e9n se aplicar\u00e1 a pleno desde\u00a0<strong>enero<\/strong>\u00a0de 2026 y que vale la pena volver a poner sobre la mesa.<\/p>\n\n\n\n<h2 class=\"wp-block-heading\">Qu\u00e9 establecen los decretos 333 y 334\/2025<\/h2>\n\n\n\n<p>Los decretos 333 y 334\/2025, publicados en mayo en el Bolet\u00edn Oficial, apuntan a dinamizar el mercado de bienes tecnol\u00f3gicos a partir de dos ejes claros: por un lado, la baja de impuestos a productos como celulares, televisores, consolas y aires acondicionados; por otro, la creaci\u00f3n de un r\u00e9gimen m\u00e1s simple para las importaciones destinadas directamente al consumidor final.<\/p>\n\n\n\n<p>El Decreto 333\/2025 actualiza el tratamiento arancelario de la Nomenclatura Com\u00fan del Mercosur (NCM) y fija una baja progresiva del Derecho de Importaci\u00f3n Extrazona (DIE) para tel\u00e9fonos inteligentes y celulares port\u00e1tiles. Ese arancel, que era de 16%, se redujo primero al 8% y quedar\u00e1 en 0% a partir del 15 de enero de 2026. En el mismo movimiento, la norma reduce del 35% al 20% el arancel que pagan las videoconsolas y m\u00e1quinas\u00a0de videojuegos, aline\u00e1ndolas con el Arancel Externo Com\u00fan.<\/p>\n\n\n\n<p>Adem\u00e1s, el decreto rebaja al 9,5% la al\u00edcuota del impuesto interno para distintos productos electr\u00f3nicos, entre ellos equipos de aire acondicionado, tel\u00e9fonos m\u00f3viles, monitores y televisores. Para esos mismos bienes fabricados o ensamblados en Tierra del Fuego, bajo el r\u00e9gimen promocional de la Ley 19.640, la tasa directamente se fija en 0%, lo que deja pr\u00e1cticamente sin carga impositiva interna a una parte importante de la producci\u00f3n nacional.<\/p>\n\n\n\n<figure class=\"wp-block-image\" id=\"1839708-Libre-2017622278_wrap\"><img decoding=\"async\" src=\"https:\/\/media.mdzol.com\/p\/95207ccd5b056753b6af541507a60f30\/adjuntos\/373\/imagenes\/001\/834\/0001834285\/760x0\/740x569:760x589\/samsung-motorola-e-iphone-las-marcas-que-se-disputan-el-mercado-celulares-argentina.jpg\" alt=\"Muchos consumidores eval&uacute;an postergar la compra: a partir de enero, la rebaja de aranceles promete un escenario m&aacute;s conveniente para renovar el tel&eacute;fono.\" title=\"Muchos consumidores eval&uacute;an postergar la compra: a partir de enero, la rebaja de aranceles promete un escenario m&aacute;s conveniente para renovar el tel&eacute;fono.\"\/><figcaption class=\"wp-element-caption\">Muchos consumidores eval\u00faan postergar la compra: a partir de enero, la rebaja de aranceles promete un escenario m\u00e1s conveniente para renovar el tel\u00e9fono.shutterstock<\/figcaption><\/figure>\n\n\n\n<p>En paralelo, el Decreto 334\/2025 crea un r\u00e9gimen simplificado de importaci\u00f3n para env\u00edos de bajo valor desde el \u00c1rea Aduanera Especial de Tierra del Fuego hacia el resto del pa\u00eds. El esquema est\u00e1 pensado exclusivamente para consumidores finales y permite comprar hasta tres unidades iguales por a\u00f1o calendario, con un tope de 3000 d\u00f3lares por env\u00edo, a trav\u00e9s de plataformas de venta online. La Agencia de Recaudaci\u00f3n y Control Aduanero (ARCA) tendr\u00e1 a su cargo el dise\u00f1o de un procedimiento aduanero m\u00e1s \u00e1gil y con menos burocracia, para que esas operaciones\u00a0sean m\u00e1s sencillas que una importaci\u00f3n tradicional.<\/p>\n\n\n\n<h2 class=\"wp-block-heading\">Cu\u00e1nto bajan realmente los impuestos a los celulares<\/h2>\n\n\n\n<p>En el caso puntual de los tel\u00e9fonos m\u00f3viles, el cambio es fuerte si se mira la carga impositiva en conjunto. Antes de la reforma, un\u00a0<strong>celular<\/strong>\u00a0importado enfrentaba un arancel del 16% y una al\u00edcuota de impuestos internos del 19%, es decir, hasta 35 puntos de impuestos solo en esos dos conceptos.<\/p>\n\n\n\n<p>Con el nuevo esquema que estar\u00e1 plenamente vigente desde el 15 de enero de 2026, el arancel de importaci\u00f3n baja a 0% y los impuestos internos se reducen al 9,5% para los equipos importados. En t\u00e9rminos simples, la carga pasa de 35% a 9,5%, lo que implica un recorte de alrededor de 25,5 puntos porcentuales sobre el costo del producto.<\/p>\n\n\n\n<p>Si esa reducci\u00f3n se traslada de manera razonable al precio de g\u00f3ndola \u2014algo que tambi\u00e9n depende del tipo de cambio, la log\u00edstica, los m\u00e1rgenes comerciales y la competencia entre marcas\u2014 la baja potencial en los valores finales de los celulares y otros electr\u00f3nicos importados podr\u00eda ubicarse cerca del 30% respecto de los niveles previos a la reforma. No es una rebaja garantizada, pero s\u00ed un cambio de reglas que abre margen para que los precios se acomoden a la baja cuando el mercado termine de absorber la nueva estructura impositiva.<\/p>\n\n\n\n<h2 class=\"wp-block-heading\">\u00bfTiene sentido postergar la compra del celular hasta enero?<\/h2>\n\n\n\n<p>A meses de la entrada en vigencia plena de la baja de aranceles, la decisi\u00f3n de esperar o no queda atada al perfil y las necesidades de cada usuario. Para quienes est\u00e1n evaluando una renovaci\u00f3n sin urgencias, especialmente en segmentos de gama media y alta, la puesta en marcha de las nuevas reglas a partir de enero de 2026 es un dato relevante. Un entorno con menor carga impositiva y mayor competencia puede favorecer la aparici\u00f3n de ofertas m\u00e1s agresivas, promociones y una mayor variedad de modelos disponibles.<\/p>\n\n\n\n<p>En cambio, para quienes necesitan el celular de inmediato \u2014por trabajo, estudio o porque el equipo actual ya no responde\u2014 la posibilidad de esperar se reduce. Tambi\u00e9n hay variables que pueden jugar en sentido contrario, como eventuales movimientos del tipo de cambio, cambios de lista de precios o ajustes de costos que compensen parte de la baja impositiva.<\/p>\n\n\n\n<p>En s\u00edntesis, las medidas crean condiciones para que los celulares resulten relativamente m\u00e1s accesibles a partir de 2026, pero el impacto concreto depender\u00e1 de c\u00f3mo reaccionen importadores, fabricantes, grandes cadenas y\u00a0comercios minoristas, adem\u00e1s del contexto macroecon\u00f3mico general.<\/p>\n\n\n\n<h2 class=\"wp-block-heading\">Qu\u00e9 otros productos est\u00e1n alcanzados<\/h2>\n\n\n\n<p>Aunque el foco del consumidor suele estar puesto en el tel\u00e9fono m\u00f3vil, los decretos abarcan un abanico m\u00e1s amplio de bienes tecnol\u00f3gicos. Adem\u00e1s de los celulares, se incluyen:<\/p>\n\n\n\n<ul class=\"wp-block-list\">\n<li>Consolas de videojuegos y m\u00e1quinas de videojuegos.<\/li>\n\n\n\n<li>Equipos de aire acondicionado.<\/li>\n\n\n\n<li>Monitores y televisores.<\/li>\n\n\n\n<li>Otros productos electr\u00f3nicos fabricados o ensamblados en Tierra del Fuego bajo el r\u00e9gimen promocional.<\/li>\n<\/ul>\n\n\n\n<p>Seg\u00fan la argumentaci\u00f3n oficial, el paquete apunta a mejorar el acceso a tecnolog\u00eda de calidad, fortalecer el esquema industrial de Tierra del Fuego con reglas m\u00e1s competitivas y reducir los costos de importaci\u00f3n y distribuci\u00f3n.<\/p>\n","protected":false},"excerpt":{"rendered":"<p>En mayo el Gobierno redujo aranceles a productos tecnol\u00f3gicos mediante los decretos 333 y 334\/2025. A semanas de enero de 2026, las medidas vuelven a cobrar relevancia y reabren el debate sobre cu\u00e1ndo conviene renovar el celular. Con el\u00a0Black Friday\u00a0y las fiestas a la vuelta de la esquina, las promociones de celulares empiezan a multiplicarse<a class=\"read-more\" href=\"https:\/\/elfederalmendoza.com.ar\/index.php\/2025\/11\/25\/queres-cambiar-el-celu-espera-hasta-enero-por-la-baja-en-los-precios\/\"> [&hellip;]<\/a><\/p>\n","protected":false},"author":2,"featured_media":35217,"comment_status":"open","ping_status":"open","sticky":false,"template":"","format":"standard","meta":{"footnotes":""},"categories":[5618],"tags":[],"class_list":["post-35216","post","type-post","status-publish","format-standard","has-post-thumbnail","hentry","category-arg"],"rttpg_featured_image_url":{"full":["https:\/\/elfederalmendoza.com.ar\/wp-content\/uploads\/2025\/11\/celu1.jpg",1354,855,false],"landscape":["https:\/\/elfederalmendoza.com.ar\/wp-content\/uploads\/2025\/11\/celu1.jpg",1354,855,false],"portraits":["https:\/\/elfederalmendoza.com.ar\/wp-content\/uploads\/2025\/11\/celu1.jpg",1354,855,false],"thumbnail":["https:\/\/elfederalmendoza.com.ar\/wp-content\/uploads\/2025\/11\/celu1-150x150.jpg",150,150,true],"medium":["https:\/\/elfederalmendoza.com.ar\/wp-content\/uploads\/2025\/11\/celu1-300x189.jpg",300,189,true],"large":["https:\/\/elfederalmendoza.com.ar\/wp-content\/uploads\/2025\/11\/celu1-1024x647.jpg",640,404,true],"1536x1536":["https:\/\/elfederalmendoza.com.ar\/wp-content\/uploads\/2025\/11\/celu1.jpg",1354,855,false],"2048x2048":["https:\/\/elfederalmendoza.com.ar\/wp-content\/uploads\/2025\/11\/celu1.jpg",1354,855,false],"ultp_layout_landscape_large":["https:\/\/elfederalmendoza.com.ar\/wp-content\/uploads\/2025\/11\/celu1-1200x800.jpg",1200,800,true],"ultp_layout_landscape":["https:\/\/elfederalmendoza.com.ar\/wp-content\/uploads\/2025\/11\/celu1-870x570.jpg",870,570,true],"ultp_layout_portrait":["https:\/\/elfederalmendoza.com.ar\/wp-content\/uploads\/2025\/11\/celu1-600x855.jpg",600,855,true],"ultp_layout_square":["https:\/\/elfederalmendoza.com.ar\/wp-content\/uploads\/2025\/11\/celu1-600x600.jpg",600,600,true],"rpwe-thumbnail":["https:\/\/elfederalmendoza.com.ar\/wp-content\/uploads\/2025\/11\/celu1-45x45.jpg",45,45,true],"advps-thumb-one":["https:\/\/elfederalmendoza.com.ar\/wp-content\/uploads\/2025\/11\/celu1-1200x420.jpg",1200,420,true]},"rttpg_author":{"display_name":"Redacci\u00f3n El Federal","author_link":"https:\/\/elfederalmendoza.com.ar\/index.php\/author\/angelflores\/"},"rttpg_comment":0,"rttpg_category":"<a href=\"https:\/\/elfederalmendoza.com.ar\/index.php\/category\/arg\/\" rel=\"category tag\">Argentina<\/a>","rttpg_excerpt":"En mayo el Gobierno redujo aranceles a productos tecnol\u00f3gicos mediante los decretos 333 y 334\/2025. A semanas de enero de 2026, las medidas vuelven a cobrar relevancia y reabren el debate sobre cu\u00e1ndo conviene renovar el celular. Con el\u00a0Black Friday\u00a0y las fiestas a la vuelta de la esquina, las promociones de celulares empiezan a multiplicarse&hellip;","_links":{"self":[{"href":"https:\/\/elfederalmendoza.com.ar\/index.php\/wp-json\/wp\/v2\/posts\/35216","targetHints":{"allow":["GET"]}}],"collection":[{"href":"https:\/\/elfederalmendoza.com.ar\/index.php\/wp-json\/wp\/v2\/posts"}],"about":[{"href":"https:\/\/elfederalmendoza.com.ar\/index.php\/wp-json\/wp\/v2\/types\/post"}],"author":[{"embeddable":true,"href":"https:\/\/elfederalmendoza.com.ar\/index.php\/wp-json\/wp\/v2\/users\/2"}],"replies":[{"embeddable":true,"href":"https:\/\/elfederalmendoza.com.ar\/index.php\/wp-json\/wp\/v2\/comments?post=35216"}],"version-history":[{"count":1,"href":"https:\/\/elfederalmendoza.com.ar\/index.php\/wp-json\/wp\/v2\/posts\/35216\/revisions"}],"predecessor-version":[{"id":35218,"href":"https:\/\/elfederalmendoza.com.ar\/index.php\/wp-json\/wp\/v2\/posts\/35216\/revisions\/35218"}],"wp:featuredmedia":[{"embeddable":true,"href":"https:\/\/elfederalmendoza.com.ar\/index.php\/wp-json\/wp\/v2\/media\/35217"}],"wp:attachment":[{"href":"https:\/\/elfederalmendoza.com.ar\/index.php\/wp-json\/wp\/v2\/media?parent=35216"}],"wp:term":[{"taxonomy":"category","embeddable":true,"href":"https:\/\/elfederalmendoza.com.ar\/index.php\/wp-json\/wp\/v2\/categories?post=35216"},{"taxonomy":"post_tag","embeddable":true,"href":"https:\/\/elfederalmendoza.com.ar\/index.php\/wp-json\/wp\/v2\/tags?post=35216"}],"curies":[{"name":"wp","href":"https:\/\/api.w.org\/{rel}","templated":true}]}}