{"id":35219,"date":"2025-11-25T10:59:53","date_gmt":"2025-11-25T13:59:53","guid":{"rendered":"https:\/\/elfederalmendoza.com.ar\/?p=35219"},"modified":"2025-11-25T10:59:54","modified_gmt":"2025-11-25T13:59:54","slug":"buscan-a-una-nina-secuestrada-por-su-madre-y-ofrecen-5-millones-de-recompensa-a-quien-tenga-datos","status":"publish","type":"post","link":"https:\/\/elfederalmendoza.com.ar\/index.php\/2025\/11\/25\/buscan-a-una-nina-secuestrada-por-su-madre-y-ofrecen-5-millones-de-recompensa-a-quien-tenga-datos\/","title":{"rendered":"Buscan a una ni\u00f1a secuestrada por su madre y ofrecen 5 millones de recompensa a quien tenga datos"},"content":{"rendered":"\n<p>El Ministerio de Seguridad Nacional emiti\u00f3 el aviso para dar con Alicia Athenas Pichon Troszynski, quien estar\u00eda con su hija, Sof\u00eda Bel\u00e9n Troszynski.<\/p>\n\n\n\n<p>Este martes,<strong>\u00a0el Ministerio de Seguridad Nacional emiti\u00f3 una resoluci\u00f3n a trav\u00e9s de la cual ofrece una millonaria recompensa para quienes aporten datos sobre el paradero de Alicia Athenas Pichon Troszynski, la ni\u00f1a que fue secuestrada por su mam\u00e1 Sof\u00eda Bel\u00e9n Troszynski,<\/strong>\u00a0quien posee una orden de captura nacional e internacional.<\/p>\n\n\n\n<p>A trav\u00e9s de la Resoluci\u00f3n 1299\/2025, publicada en el Bolet\u00edn Oficial, la cartera dirigida por Patricia Bullrich inform\u00f3 que&nbsp;se increment\u00f3 la recompensa para dar con aquellas personas que, sin haber intervenido en los hechos delictuales, brinden datos \u00fatiles que permitan dar con el paradero de la menor, de nacionalidad argentina y francesa, como as\u00ed tambi\u00e9n de su mam\u00e1,&nbsp;acusada de haberla sustra\u00eddo.<\/p>\n\n\n\n<figure class=\"wp-block-image\" id=\"837089-Libre-1693974026_wrap\"><img decoding=\"async\" src=\"https:\/\/media.tiempodesanjuan.com\/p\/e257a7576d669d441fc85e1af7652136\/adjuntos\/331\/imagenes\/000\/841\/0000841281\/790x0\/smart\/image.png\" alt=\"\" title=\"\"\/><\/figure>\n\n\n\n<p>El Juzgado Nacional en lo Criminal y Correccional N\u00b06, a cargo de Mar\u00eda Alejandra Prov\u00edtola, Secretar\u00eda N\u00b0118, de Sebasti\u00e1n Ghersi, solicit\u00f3, mediante un oficio del 8 de julio de 2025, que se incremente el monto de&nbsp;la recompensa oportunamente ofrecida, de $1 mill\u00f3n, \u201cdebido al tiempo transcurrido y que hasta el momento no se ha logrado el hallazgo de las mencionadas\u201d.<\/p>\n\n\n\n<p>Sobre la menor se encuentra vigente una averiguaci\u00f3n de paradero con difusi\u00f3n de datos de imagen y de b\u00fasqueda en curso desde el 19 de mayo de 2023, como as\u00ed tambi\u00e9n orden de b\u00fasqueda internacional, con \u201cNotificaci\u00f3n Alerta Amarilla\u201d de Interpol&nbsp;vigente y prohibici\u00f3n de salida del pa\u00eds, destaca la Resoluci\u00f3n a la que accedi\u00f3 la Agencia Noticias Argentinas.<\/p>\n\n\n\n<figure class=\"wp-block-image\" id=\"837090-Libre-1776679107_wrap\"><img decoding=\"async\" src=\"https:\/\/media.tiempodesanjuan.com\/p\/619fc2745955598feb9d810560b55aff\/adjuntos\/331\/imagenes\/000\/841\/0000841282\/790x0\/smart\/image.png\" alt=\"\" title=\"\"\/><\/figure>\n\n\n\n<p>Acerca de la madre, pesa orden de captura nacional e internacional desde el 29 de febrero de 2024,&nbsp;a los efectos de proceder a su detenci\u00f3n y recibirle declaraci\u00f3n indagatoria por hechos que en principio resultar\u00edan constitutivos del delito de sustracci\u00f3n de menores.<\/p>\n\n\n\n<p>De este modo, en las \u00faltimas horas el Ministerio&nbsp;confirm\u00f3 que se increment\u00f3 la recompensa a $5 millones para quien aporte informaci\u00f3n de relevancia para hallar a la ni\u00f1a y a su madre.<\/p>\n\n\n\n<p>Quienes cuenten con informaci\u00f3n podr\u00e1n&nbsp;comunicarse telef\u00f3nicamente a la l\u00ednea gratuita 134 del Programa Nacional de Recompensas.<\/p>\n\n\n\n<p>Fuente: NA<\/p>\n","protected":false},"excerpt":{"rendered":"<p>El Ministerio de Seguridad Nacional emiti\u00f3 el aviso para dar con Alicia Athenas Pichon Troszynski, quien estar\u00eda con su hija, Sof\u00eda Bel\u00e9n Troszynski. Este martes,\u00a0el Ministerio de Seguridad Nacional emiti\u00f3 una resoluci\u00f3n a trav\u00e9s de la cual ofrece una millonaria recompensa para quienes aporten datos sobre el paradero de Alicia Athenas Pichon Troszynski, la ni\u00f1a<a class=\"read-more\" href=\"https:\/\/elfederalmendoza.com.ar\/index.php\/2025\/11\/25\/buscan-a-una-nina-secuestrada-por-su-madre-y-ofrecen-5-millones-de-recompensa-a-quien-tenga-datos\/\"> [&hellip;]<\/a><\/p>\n","protected":false},"author":2,"featured_media":35220,"comment_status":"open","ping_status":"open","sticky":false,"template":"","format":"standard","meta":{"footnotes":""},"categories":[1],"tags":[],"class_list":["post-35219","post","type-post","status-publish","format-standard","has-post-thumbnail","hentry","category-mza"],"rttpg_featured_image_url":{"full":["https:\/\/elfederalmendoza.com.ar\/wp-content\/uploads\/2025\/11\/recompensa.jpg",1249,768,false],"landscape":["https:\/\/elfederalmendoza.com.ar\/wp-content\/uploads\/2025\/11\/recompensa.jpg",1249,768,false],"portraits":["https:\/\/elfederalmendoza.com.ar\/wp-content\/uploads\/2025\/11\/recompensa.jpg",1249,768,false],"thumbnail":["https:\/\/elfederalmendoza.com.ar\/wp-content\/uploads\/2025\/11\/recompensa-150x150.jpg",150,150,true],"medium":["https:\/\/elfederalmendoza.com.ar\/wp-content\/uploads\/2025\/11\/recompensa-300x184.jpg",300,184,true],"large":["https:\/\/elfederalmendoza.com.ar\/wp-content\/uploads\/2025\/11\/recompensa-1024x630.jpg",640,394,true],"1536x1536":["https:\/\/elfederalmendoza.com.ar\/wp-content\/uploads\/2025\/11\/recompensa.jpg",1249,768,false],"2048x2048":["https:\/\/elfederalmendoza.com.ar\/wp-content\/uploads\/2025\/11\/recompensa.jpg",1249,768,false],"ultp_layout_landscape_large":["https:\/\/elfederalmendoza.com.ar\/wp-content\/uploads\/2025\/11\/recompensa-1200x768.jpg",1200,768,true],"ultp_layout_landscape":["https:\/\/elfederalmendoza.com.ar\/wp-content\/uploads\/2025\/11\/recompensa-870x570.jpg",870,570,true],"ultp_layout_portrait":["https:\/\/elfederalmendoza.com.ar\/wp-content\/uploads\/2025\/11\/recompensa-600x768.jpg",600,768,true],"ultp_layout_square":["https:\/\/elfederalmendoza.com.ar\/wp-content\/uploads\/2025\/11\/recompensa-600x600.jpg",600,600,true],"rpwe-thumbnail":["https:\/\/elfederalmendoza.com.ar\/wp-content\/uploads\/2025\/11\/recompensa-45x45.jpg",45,45,true],"advps-thumb-one":["https:\/\/elfederalmendoza.com.ar\/wp-content\/uploads\/2025\/11\/recompensa-1200x420.jpg",1200,420,true]},"rttpg_author":{"display_name":"Redacci\u00f3n El Federal","author_link":"https:\/\/elfederalmendoza.com.ar\/index.php\/author\/angelflores\/"},"rttpg_comment":0,"rttpg_category":"<a href=\"https:\/\/elfederalmendoza.com.ar\/index.php\/category\/mza\/\" rel=\"category tag\">Mendoza<\/a>","rttpg_excerpt":"El Ministerio de Seguridad Nacional emiti\u00f3 el aviso para dar con Alicia Athenas Pichon Troszynski, quien estar\u00eda con su hija, Sof\u00eda Bel\u00e9n Troszynski. Este martes,\u00a0el Ministerio de Seguridad Nacional emiti\u00f3 una resoluci\u00f3n a trav\u00e9s de la cual ofrece una millonaria recompensa para quienes aporten datos sobre el paradero de Alicia Athenas Pichon Troszynski, la ni\u00f1a&hellip;","_links":{"self":[{"href":"https:\/\/elfederalmendoza.com.ar\/index.php\/wp-json\/wp\/v2\/posts\/35219","targetHints":{"allow":["GET"]}}],"collection":[{"href":"https:\/\/elfederalmendoza.com.ar\/index.php\/wp-json\/wp\/v2\/posts"}],"about":[{"href":"https:\/\/elfederalmendoza.com.ar\/index.php\/wp-json\/wp\/v2\/types\/post"}],"author":[{"embeddable":true,"href":"https:\/\/elfederalmendoza.com.ar\/index.php\/wp-json\/wp\/v2\/users\/2"}],"replies":[{"embeddable":true,"href":"https:\/\/elfederalmendoza.com.ar\/index.php\/wp-json\/wp\/v2\/comments?post=35219"}],"version-history":[{"count":1,"href":"https:\/\/elfederalmendoza.com.ar\/index.php\/wp-json\/wp\/v2\/posts\/35219\/revisions"}],"predecessor-version":[{"id":35221,"href":"https:\/\/elfederalmendoza.com.ar\/index.php\/wp-json\/wp\/v2\/posts\/35219\/revisions\/35221"}],"wp:featuredmedia":[{"embeddable":true,"href":"https:\/\/elfederalmendoza.com.ar\/index.php\/wp-json\/wp\/v2\/media\/35220"}],"wp:attachment":[{"href":"https:\/\/elfederalmendoza.com.ar\/index.php\/wp-json\/wp\/v2\/media?parent=35219"}],"wp:term":[{"taxonomy":"category","embeddable":true,"href":"https:\/\/elfederalmendoza.com.ar\/index.php\/wp-json\/wp\/v2\/categories?post=35219"},{"taxonomy":"post_tag","embeddable":true,"href":"https:\/\/elfederalmendoza.com.ar\/index.php\/wp-json\/wp\/v2\/tags?post=35219"}],"curies":[{"name":"wp","href":"https:\/\/api.w.org\/{rel}","templated":true}]}}