{"id":35222,"date":"2025-11-25T11:31:47","date_gmt":"2025-11-25T14:31:47","guid":{"rendered":"https:\/\/elfederalmendoza.com.ar\/?p=35222"},"modified":"2025-11-25T11:31:47","modified_gmt":"2025-11-25T14:31:47","slug":"videos-volco-un-micro-que-transportaba-militantes-a-un-acto-de-kicillof-en-mar-del-plata-hay-dos-muertos-y-multiples-heridos","status":"publish","type":"post","link":"https:\/\/elfederalmendoza.com.ar\/index.php\/2025\/11\/25\/videos-volco-un-micro-que-transportaba-militantes-a-un-acto-de-kicillof-en-mar-del-plata-hay-dos-muertos-y-multiples-heridos\/","title":{"rendered":"-VIDEOS- Volc\u00f3 un micro que transportaba militantes a un acto de Kicillof en Mar del Plata: hay dos muertos y m\u00faltiples heridos"},"content":{"rendered":"\n<p>El accidente ocurri\u00f3 a la altura de la localidad de General Pir\u00e1n. En el lugar trabajan equipos de emergencias, personal de seguridad vial de AUBASA y bomberos voluntarios de la zona. Los hospitales de la regi\u00f3n permanecen alerta. El gobernador suspendi\u00f3 el evento previsto.<\/p>\n\n\n\n<p>Un\u00a0<strong>fatal accidente<\/strong>\u00a0se registr\u00f3 en las primeras horas de esta ma\u00f1ana en la\u00a0<strong>Ruta 2<\/strong>, en direcci\u00f3n a<strong>\u00a0Mar del Plata<\/strong>, cuando un micro de una empresa de turismo volc\u00f3 con m\u00e1s de 50 pasajeros a bordo.\u00a0<strong>Hay al menos dos muertos.<\/strong><a href=\"https:\/\/www.infobae.com\/sociedad\/policiales\/2025\/11\/24\/una-adolescente-destrozo-el-auto-de-su-ex-novio-y-quedo-detenida-en-cordoba\/\" target=\"_blank\" rel=\"noreferrer noopener\"><\/a><\/p>\n\n\n\n<p>El siniestro ocurri\u00f3 a la altura del kil\u00f3metro 325, a la altura de la localidad de General Pir\u00e1n, alrededor de las 8. Por motivos que se investigan, el micro sufri\u00f3 un siniestro y termin\u00f3 volcado sobre el cantero central con&nbsp;<strong>56 pasajeros a bordo<\/strong>.<\/p>\n\n\n\n<blockquote class=\"twitter-tweet\" data-media-max-width=\"560\"><p lang=\"es\" dir=\"ltr\">TRAGEDIA EN MAR CHIQUITA I Volc\u00f3 un micro en la Ruta 2 que iba a Mar del Plata. Viajaban 56 pasajeros: hay al menos dos muertos y dos heridos graves. <br>15 pasajeros fueron trasladados al hospital de Coronel Vidal y el resto a Gral Pir\u00e1n. M\u00e1s informaci\u00f3n en <a href=\"https:\/\/t.co\/2JLP7R4O5y\">https:\/\/t.co\/2JLP7R4O5y<\/a> <a href=\"https:\/\/t.co\/Hvy4Y8kqm1\">pic.twitter.com\/Hvy4Y8kqm1<\/a><\/p>&mdash; TN &#8211; Todo Noticias (@todonoticias) <a href=\"https:\/\/twitter.com\/todonoticias\/status\/1993290924408058005?ref_src=twsrc%5Etfw\">November 25, 2025<\/a><\/blockquote> <script async src=\"https:\/\/platform.twitter.com\/widgets.js\" charset=\"utf-8\"><\/script>\n\n\n\n<p>Seg\u00fan pudo saber\u00a0<strong>Infobae<\/strong>, las v\u00edctimas fatales murieron en el lugar. Tambi\u00e9n varios heridos de distinta gravedad, dos de ellos de gravedad, confirmaron fuentes de Autopistas de Buenos Aires (AUBASA).<\/p>\n\n\n\n<p>La unidad que protagoniz\u00f3 el accidente pertenece a la empresa&nbsp;<em><strong>Turismo New Bus<\/strong><\/em>. Circulaban a bordo vecinos de las localidades bonaerenses de Moreno, Mor\u00f3n y Ciudadela, quienes viajaban hacia la ciudad costera.<\/p>\n\n\n\n<p>De acuerdo con el sitio web de la Provincia de Buenos Aires, el micro adeuda una&nbsp;<strong>multa por 256.650 pesos&nbsp;<\/strong>por una infracci\u00f3n por exceso de velocidad cometida el 8 de mayo de este a\u00f1o.<\/p>\n\n\n\n<blockquote class=\"twitter-tweet\"><p lang=\"es\" dir=\"ltr\">\ud83d\udd34TRAGEDIA en Mar Chiquita<br>Volc\u00f3 un micro en la ruta 2 y hay al menos dos muertos<br><br>M\u00e1s informaci\u00f3n en <a href=\"https:\/\/t.co\/MgjzqglEn6\">https:\/\/t.co\/MgjzqglEn6<\/a> <a href=\"https:\/\/t.co\/NYl5DQaJtP\">pic.twitter.com\/NYl5DQaJtP<\/a><\/p>&mdash; Es Nota (@EsNotaDiario) <a href=\"https:\/\/twitter.com\/EsNotaDiario\/status\/1993308312247713818?ref_src=twsrc%5Etfw\">November 25, 2025<\/a><\/blockquote> <script async src=\"https:\/\/platform.twitter.com\/widgets.js\" charset=\"utf-8\"><\/script>\n\n\n\n<p>Adem\u00e1s, la Agencia Nacional de Seguridad Vial (ANSV) se present\u00f3 en el sitio del accidente para brindar asistencia y realizar el test de alcoholemia al conductor, que dio resultado negativo.<\/p>\n\n\n\n<p>Seg\u00fan las primeras informaciones, quince pasajeros habr\u00edan sido trasladados al hospital de Coronel Vidal. Otros heridos ser\u00e1n derivados a General Pir\u00e1n y contin\u00faan recibiendo atenci\u00f3n en el lugar del incidente.<\/p>\n\n\n\n<p>Se encuentra a cargo de la investigaci\u00f3n el fiscal de Delitos Culposos de Mar del Plata, Germ\u00e1n Vera Tapia.<\/p>\n\n\n\n<h3 class=\"wp-block-heading\">Las v\u00edctimas viajaban a un acto de Axel Kicillof<\/h3>\n\n\n\n<p>Este medio pudo confirmar que los heridos se encontraban en camino a un acto del gobernador bonaerense en Mar del Plata. Se trata del 1\u00b0 Encuentro Internacional de H\u00e1bitat en el Gran Hotel Provincia, organizado por Opisu (Organismo Provincial de Integraci\u00f3n Social y Urbana). Fue suspendido.<\/p>\n\n\n\n<p>El padre Francisco \u201cPaco\u201d Olveira, quien se encontraba en la unidad al momento del siniestro, brind\u00f3 detalles de la tragedia en di\u00e1logo con&nbsp;<em>Telef\u00e9.<\/em><\/p>\n\n\n\n<p>\u201cSalimos por nuestra cuenta o ayudados por otros, algunos m\u00e1s golpeados.&nbsp;<strong>Habr\u00e1 un 10% del colectivo que tienen heridas de distinta gravedad.<\/strong>&nbsp;Yo creo que la inmensa mayor\u00eda no muy graves, sino m\u00e1s bien raspaduras y cosas de esas\u201d, precis\u00f3 el integrante de Curas de Opci\u00f3n por los Pobres.<\/p>\n\n\n\n<p>Seg\u00fan explic\u00f3,<strong>\u00a0los propios heridos se ayudaron entre s\u00ed para salir de la unidad.<\/strong>\u00a0Mientras las ambulancias trasladaron a los casos m\u00e1s graves, el resto recibi\u00f3 atenci\u00f3n en un peque\u00f1o centro de salud de General Pir\u00e1n.<\/p>\n\n\n\n<p><img loading=\"lazy\" decoding=\"async\" height=\"1080\" width=\"1920\" src=\"https:\/\/www.infobae.com\/resizer\/v2\/FRHINTMGGJEYZNPTDDOKKR4EWI.jpg?auth=6d76264976ad773c2baf070923b190d747e8281ace2112d168b422d5e0098d3f&amp;smart=true&amp;width=350&amp;height=197&amp;quality=85\" alt=\"El padre Francisco \u201cPaco\u201d Olveira\">El padre Francisco \u201cPaco\u201d Olveira se encontraba en la unidad al momento del siniestro.<\/p>\n\n\n\n<p>Con respecto a las posibles causas que podr\u00edan haber desencadenado el accidente, explic\u00f3 que&nbsp;<strong>no apareci\u00f3 un micro de frente ni intervino otro veh\u00edculo.&nbsp;<\/strong>Tampoco llov\u00eda ni hab\u00eda hielo en la calzada; por el contrario, las condiciones clim\u00e1ticas parec\u00edan ser las habituales.<\/p>\n\n\n\n<p>\u201c<strong>Est\u00e1bamos durmiendo. Creo que eran las siete y media, ocho de la ma\u00f1ana.&nbsp;<\/strong>Hab\u00edamos salido a las 12 de la noche, yo sub\u00ed en Moreno. (El micro) levant\u00f3 a otro grupo en Mor\u00f3n. Tampoco revisamos nosotros el micro a las 12 de la noche\u201d, agreg\u00f3.<\/p>\n\n\n\n<p>En esa l\u00ednea,&nbsp;<strong>los militantes eran vecinos de asentamientos y barrios populares,<\/strong>&nbsp;aunque tambi\u00e9n hab\u00eda profesionales dentro del grupo: \u201cUna de las compa\u00f1eras que est\u00e1 ac\u00e1 era una profesora de una universidad que con sus estudiantes trabajan la tierra, el h\u00e1bitat, el acceso a la tierra y las mejoras en los barrios. Iba a ser un encuentro para tratar todas estas problem\u00e1ticas\u201d.<\/p>\n\n\n\n<p>\u201cLa verdad es que, no quiero decir que fue una desgracia con suerte, pero podr\u00eda haber sido peor\u201d, sostuvo.<\/p>\n\n\n\n<p><img loading=\"lazy\" decoding=\"async\" height=\"3097\" width=\"4648\" src=\"https:\/\/www.infobae.com\/resizer\/v2\/BJ4GJINWBJAEFOL3LGCGLNERMU.jpg?auth=bd214d1f6141a3f8984cb95efb4f41ef7173d972d4345043c1013ca4b5214cf7&amp;smart=true&amp;width=350&amp;height=233&amp;quality=85\" alt=\"El gobernador suspendi\u00f3 el encuentro.\">El gobernador suspendi\u00f3 el encuentro.<\/p>\n\n\n\n<p>El encuentro iba a realizarse este martes y mi\u00e9rcoles bajo la consigna \u201c<strong>Nuevos enfoques desde el desarrollo y la planificaci\u00f3n urbana: una mirada federal y regional\u201d.<\/strong><\/p>\n\n\n\n<p>Entre los participantes se encontraba Pablo L\u00f3pez, el ministro de Econom\u00eda bonaerense; Felipe Vera, coordinador del Cono Sur en la Divisi\u00f3n de Vivienda y Desarrollo Urbano del BID; Mar\u00eda Frascarelli, especialista en Desarrollo Urbano del Banco Mundial; y Fernando Murillo, coordinador de Programas de H\u00e1bitat de la ONU.<\/p>\n\n\n\n<p>Le segu\u00edan Evangelina Velazco, directora de Planificaci\u00f3n Urbana y Territorial del gobierno provincial; Pablo Garate, intendente de Tres Arroyos; Antonio de la Cueva, especialista en Derecho Urbano; Alfredo Garay, especialista en planificaci\u00f3n urbana, y Andr\u00e9s Watson, jefe comunal de Florencio Varela, entre otros.<\/p>\n","protected":false},"excerpt":{"rendered":"<p>El accidente ocurri\u00f3 a la altura de la localidad de General Pir\u00e1n. En el lugar trabajan equipos de emergencias, personal de seguridad vial de AUBASA y bomberos voluntarios de la zona. Los hospitales de la regi\u00f3n permanecen alerta. El gobernador suspendi\u00f3 el evento previsto. Un\u00a0fatal accidente\u00a0se registr\u00f3 en las primeras horas de esta ma\u00f1ana en<a class=\"read-more\" href=\"https:\/\/elfederalmendoza.com.ar\/index.php\/2025\/11\/25\/videos-volco-un-micro-que-transportaba-militantes-a-un-acto-de-kicillof-en-mar-del-plata-hay-dos-muertos-y-multiples-heridos\/\"> [&hellip;]<\/a><\/p>\n","protected":false},"author":2,"featured_media":35223,"comment_status":"open","ping_status":"open","sticky":false,"template":"","format":"standard","meta":{"footnotes":""},"categories":[5618],"tags":[],"class_list":["post-35222","post","type-post","status-publish","format-standard","has-post-thumbnail","hentry","category-arg"],"rttpg_featured_image_url":{"full":["https:\/\/elfederalmendoza.com.ar\/wp-content\/uploads\/2025\/11\/CHIQUITA1.jpg",1221,675,false],"landscape":["https:\/\/elfederalmendoza.com.ar\/wp-content\/uploads\/2025\/11\/CHIQUITA1.jpg",1221,675,false],"portraits":["https:\/\/elfederalmendoza.com.ar\/wp-content\/uploads\/2025\/11\/CHIQUITA1.jpg",1221,675,false],"thumbnail":["https:\/\/elfederalmendoza.com.ar\/wp-content\/uploads\/2025\/11\/CHIQUITA1-150x150.jpg",150,150,true],"medium":["https:\/\/elfederalmendoza.com.ar\/wp-content\/uploads\/2025\/11\/CHIQUITA1-300x166.jpg",300,166,true],"large":["https:\/\/elfederalmendoza.com.ar\/wp-content\/uploads\/2025\/11\/CHIQUITA1-1024x566.jpg",640,354,true],"1536x1536":["https:\/\/elfederalmendoza.com.ar\/wp-content\/uploads\/2025\/11\/CHIQUITA1.jpg",1221,675,false],"2048x2048":["https:\/\/elfederalmendoza.com.ar\/wp-content\/uploads\/2025\/11\/CHIQUITA1.jpg",1221,675,false],"ultp_layout_landscape_large":["https:\/\/elfederalmendoza.com.ar\/wp-content\/uploads\/2025\/11\/CHIQUITA1-1200x675.jpg",1200,675,true],"ultp_layout_landscape":["https:\/\/elfederalmendoza.com.ar\/wp-content\/uploads\/2025\/11\/CHIQUITA1-870x570.jpg",870,570,true],"ultp_layout_portrait":["https:\/\/elfederalmendoza.com.ar\/wp-content\/uploads\/2025\/11\/CHIQUITA1-600x675.jpg",600,675,true],"ultp_layout_square":["https:\/\/elfederalmendoza.com.ar\/wp-content\/uploads\/2025\/11\/CHIQUITA1-600x600.jpg",600,600,true],"rpwe-thumbnail":["https:\/\/elfederalmendoza.com.ar\/wp-content\/uploads\/2025\/11\/CHIQUITA1-45x45.jpg",45,45,true],"advps-thumb-one":["https:\/\/elfederalmendoza.com.ar\/wp-content\/uploads\/2025\/11\/CHIQUITA1-1200x420.jpg",1200,420,true]},"rttpg_author":{"display_name":"Redacci\u00f3n El Federal","author_link":"https:\/\/elfederalmendoza.com.ar\/index.php\/author\/angelflores\/"},"rttpg_comment":0,"rttpg_category":"<a href=\"https:\/\/elfederalmendoza.com.ar\/index.php\/category\/arg\/\" rel=\"category tag\">Argentina<\/a>","rttpg_excerpt":"El accidente ocurri\u00f3 a la altura de la localidad de General Pir\u00e1n. En el lugar trabajan equipos de emergencias, personal de seguridad vial de AUBASA y bomberos voluntarios de la zona. Los hospitales de la regi\u00f3n permanecen alerta. El gobernador suspendi\u00f3 el evento previsto. Un\u00a0fatal accidente\u00a0se registr\u00f3 en las primeras horas de esta ma\u00f1ana en&hellip;","_links":{"self":[{"href":"https:\/\/elfederalmendoza.com.ar\/index.php\/wp-json\/wp\/v2\/posts\/35222","targetHints":{"allow":["GET"]}}],"collection":[{"href":"https:\/\/elfederalmendoza.com.ar\/index.php\/wp-json\/wp\/v2\/posts"}],"about":[{"href":"https:\/\/elfederalmendoza.com.ar\/index.php\/wp-json\/wp\/v2\/types\/post"}],"author":[{"embeddable":true,"href":"https:\/\/elfederalmendoza.com.ar\/index.php\/wp-json\/wp\/v2\/users\/2"}],"replies":[{"embeddable":true,"href":"https:\/\/elfederalmendoza.com.ar\/index.php\/wp-json\/wp\/v2\/comments?post=35222"}],"version-history":[{"count":1,"href":"https:\/\/elfederalmendoza.com.ar\/index.php\/wp-json\/wp\/v2\/posts\/35222\/revisions"}],"predecessor-version":[{"id":35224,"href":"https:\/\/elfederalmendoza.com.ar\/index.php\/wp-json\/wp\/v2\/posts\/35222\/revisions\/35224"}],"wp:featuredmedia":[{"embeddable":true,"href":"https:\/\/elfederalmendoza.com.ar\/index.php\/wp-json\/wp\/v2\/media\/35223"}],"wp:attachment":[{"href":"https:\/\/elfederalmendoza.com.ar\/index.php\/wp-json\/wp\/v2\/media?parent=35222"}],"wp:term":[{"taxonomy":"category","embeddable":true,"href":"https:\/\/elfederalmendoza.com.ar\/index.php\/wp-json\/wp\/v2\/categories?post=35222"},{"taxonomy":"post_tag","embeddable":true,"href":"https:\/\/elfederalmendoza.com.ar\/index.php\/wp-json\/wp\/v2\/tags?post=35222"}],"curies":[{"name":"wp","href":"https:\/\/api.w.org\/{rel}","templated":true}]}}