{"id":35225,"date":"2025-11-26T07:22:28","date_gmt":"2025-11-26T10:22:28","guid":{"rendered":"https:\/\/elfederalmendoza.com.ar\/?p=35225"},"modified":"2025-11-26T07:22:30","modified_gmt":"2025-11-26T10:22:30","slug":"el-gobernador-jalil-tiene-un-pie-afuera-del-bloque-de-fuerza-patria-y-complica-al-peronismo-en-diputados","status":"publish","type":"post","link":"https:\/\/elfederalmendoza.com.ar\/index.php\/2025\/11\/26\/el-gobernador-jalil-tiene-un-pie-afuera-del-bloque-de-fuerza-patria-y-complica-al-peronismo-en-diputados\/","title":{"rendered":"El gobernador Jalil tiene un pie afuera del bloque de Fuerza Patria y complica al peronismo en Diputados"},"content":{"rendered":"\n<p><strong>\u201cVamos a terminar armando por afuera\u201d<\/strong>. Esa fue la frase que utiliz\u00f3 el gobernador de Catamarca,\u00a0<strong>Ra\u00fal Jalil<\/strong>, para decirle a uno de sus hombres de confianza en la provincia, que va a inclinarse por irse del bloque de\u00a0<strong>Fuerza Patria\u00a0<\/strong>en la C\u00e1mara baja, sacar a los cuatro diputados que le responde, armar un bloque propio con identidad provincial y negociar la conformaci\u00f3n de un interbloque con otros gobernadores.<a href=\"https:\/\/www.infobae.com\/economia\/2025\/11\/25\/venga-profesor-quiero-mostrarle-algo-como-sorprendio-milei-a-alberto-benegas-lynch-su-mentor-economico\/\" target=\"_blank\" rel=\"noreferrer noopener\"><\/a><\/p>\n\n\n\n<p>El \u201cTurco\u201d, como le dicen amablemente algunos peronistas,&nbsp;<strong>definir\u00e1 su futuro en las pr\u00f3ximas 48 horas.&nbsp;<\/strong>Tiene el tel\u00e9fono abierto y es una dialoguista de pura cepa. Habla con todos, todo el tiempo. Tanto con el oficialismo como con la oposici\u00f3n, esquema del que \u00e9l forma parte, a pesar de su buena relaci\u00f3n con Javier Milei y el gobierno libertario.<\/p>\n\n\n\n<p>Si Jalil, finalmente, pega el portazo, al final de la semana el bloque de Fuerza Patria dejar\u00e1 de ser la primera minor\u00eda. Quedar\u00e1 con 92 legisladores, mientras que el de La Libertad Avanza (LLA) llegar\u00eda a 93 diputados, con la inclusi\u00f3n de la santafesina\u00a0<strong>Ver\u00f3nica Razzini y Lorena Petrovich<\/strong>, cercana a Patricia Bullrich, que reemplazar\u00eda a\u00a0<strong>Silvia Lospenatto<\/strong>, quien a\u00fan no defini\u00f3 si se queda en la C\u00e1mara baja o va a la Legislatura Porte\u00f1a a ocupar su banca.<a href=\"https:\/\/www.infobae.com\/economia\/2025\/11\/26\/cuales-son-los-cuatro-tests-economicos-que-el-gobierno-enfrentara-en-los-proximos-15-dias\/\" target=\"_blank\" rel=\"noreferrer noopener\"><\/a><\/p>\n\n\n\n<p>Para las pr\u00f3ximas horas hay planificada una reuni\u00f3n en la que Jalil va a terminar de definir su salida del bloque peronista y el armado de una estructura legislativa nueva, en la que podr\u00edan converger los gobernadores\u00a0<strong>Gustavo S\u00e1enz<\/strong>\u00a0(Salta),<strong>\u00a0Hugo Passalaqua<\/strong>\u00a0(Misiones),\u00a0<strong>Rolo Figueroa\u00a0<\/strong>(Neuqu\u00e9n),\u00a0<strong>Alberto Weretilnek<\/strong>\u00a0(R\u00edo Negro) y\u00a0<strong>Osvaldo Jaldo\u00a0<\/strong>(Tucum\u00e1n).<\/p>\n\n\n\n<p><img loading=\"lazy\" decoding=\"async\" height=\"1279\" width=\"1920\" src=\"https:\/\/www.infobae.com\/resizer\/v2\/FY7XX57FCVHLXA75FQSDB7Z5QI.jpg?auth=0bf74ea9cdedf4749d047545da6fca23553152352b2f12a036f000f8c36dca62&amp;smart=true&amp;width=350&amp;height=233&amp;quality=85\" alt=\"El salte\u00f1o Gustavo S\u00e1enz es\">El salte\u00f1o Gustavo S\u00e1enz es uno de los principales impulsores de armar un interbloque de gobernadores en las dos c\u00e1maras del Congreso<\/p>\n\n\n\n<p>Uno de los que m\u00e1s est\u00e1 impulsando ese armado, tanto en el Senado como en Diputados, es el gobernador salte\u00f1o, que quiere que los gobernadores se hagan fuerte en las dos c\u00e1maras legislativas para tener mayor poder en la negociaci\u00f3n con el Gobierno. El jueves S\u00e1enz viaja a Chicago por un tema vinculado al Consejo Federal e Inversiones (CFI), pero de todas formas ser\u00eda parte de la reuni\u00f3n planificada.<a href=\"https:\/\/www.infobae.com\/politica\/2025\/11\/26\/recta-final-de-las-negociaciones-las-reuniones-de-santilli-las-provincias-clave-y-la-estrategia-del-gobierno\/\" target=\"_blank\" rel=\"noreferrer noopener\"><\/a><\/p>\n\n\n\n<p>Hay un nombre que da vueltas todo el tiempo en las negociaciones cruzadas y es el del gobernador de Santiago del Estero,&nbsp;<strong>Gerardo Zamora<\/strong>, que este viernes jurar\u00e1 como senador nacional. El mandatario armar\u00eda un bloque propio en la C\u00e1mara alta junto a&nbsp;<strong>Elia Esther del Carmen Moreno<\/strong>, la segunda candidata en la lista del Frente C\u00edvico.<\/p>\n\n\n\n<p>Sobre lo que a\u00fan no hay claridad es lo que har\u00e1 en la C\u00e1mara de Diputados. Si bien desde el entorno del santiague\u00f1o dejan saber que su intenci\u00f3n no es irse del bloque, entre los gobernadores que est\u00e1n armando un nuevo bloque por fuera de la polarizaci\u00f3n, aseguran que&nbsp;<strong>\u201cest\u00e1 pensando\u201d&nbsp;<\/strong>qu\u00e9 hacer, teniendo en cuenta que su cabeza da vueltas la idea de construir&nbsp;<strong>un liderazgo nacional que lo proyecte al 2027.<\/strong><\/p>\n\n\n\n<p>En lo que respecta a Jalil,\u00a0<strong>el mandatario norte\u00f1o asume que la sociedad catamarque\u00f1a no quiere que su gobernador est\u00e9 peleado con Milei<\/strong>\u00a0y que haya una confrontaci\u00f3n sistem\u00e1tica con la Casa Rosada, como la que ha propuesto Fuerza Patria en estos dos primeros a\u00f1os de gesti\u00f3n. En consecuencia, le cuesta ser parte de un bloque que tiene un perfil opositor muy duro y en el que existe muy poco margen para negociar con el gobierno nacional.<\/p>\n\n\n\n<p><img loading=\"lazy\" decoding=\"async\" height=\"1080\" width=\"1920\" src=\"https:\/\/www.infobae.com\/resizer\/v2\/BSDBKJ2P2NHNXCJP4Y7DMKXOCU.jpg?auth=a30a3c2244b19ef6db12a963ce052a5d20e02de36936d8a13c15c47e1412d706&amp;smart=true&amp;width=350&amp;height=197&amp;quality=85\" alt=\"Jalil, S\u00e1ezn y Jaldo son\">Jalil, S\u00e1ezn y Jaldo son tres gobernadores de trato fluido con Javier Milei y los principales funcionarios de su gobierno<\/p>\n\n\n\n<p>El gobernador de Catamarca siempre entendi\u00f3 que no hab\u00eda que elegir a Milei como enemigo, sino intentar marcar distancia en alg\u00fan pu\u00f1ado de leyes y acompa\u00f1ar en otras tantas. Consider\u00f3 que el clima de \u00e9poca demandaba mayor apertura al di\u00e1logo y menos posturas intransigentes. En definitiva, tambi\u00e9n cree que por eso fue uno de los pocos que gan\u00f3 la elecci\u00f3n el 26 de octubre, cuando el pa\u00eds se pint\u00f3 mayoritareamente de violeta.<\/p>\n\n\n\n<p><strong>\u201cSi tenes un bloque por separado, no es que te vas del peronismo. Despu\u00e9s todo se puede reamar\u201d<\/strong>, asumi\u00f3 en privado el gobernador catamarque\u00f1o, al que le sobra pragmatismo y capacidad de hacer equilibrio en una temporada pol\u00edtica muy compleja para el peronismo. El mandatario se ha recostado en Jaldo y S\u00e1enz como dos aliados clave para poder sostener su perfil moderado y dialoguista, en el medio de la gran interna que tiene el peronismo.<\/p>\n\n\n\n<p>Por estas horas Jalil piensa en agrupar a&nbsp;<strong>Fernando Monguillot, Claudia Palladino, Fernanda Avila y Sebasti\u00e1n N\u00f3blega<\/strong>&nbsp;en un bloque con sello catamarque\u00f1o. Y como segundo paso armar el interbloque. Podr\u00eda existir una jugada en espejo en el Senado, con el bloque Convicci\u00f3n Federal que integran&nbsp;<strong>Guillermo Andrada<\/strong>&nbsp;(Catamarca),&nbsp;<strong>Carolina Moises&nbsp;<\/strong>(Jujuy),&nbsp;<strong>Fernando Rejal&nbsp;<\/strong>(La Rioja) y&nbsp;<strong>Fernando Salino<\/strong>&nbsp;(San Luis).<\/p>\n\n\n\n<p>Ese grupo, por ahora, se mantiene dentro de un interbloque con Fuerza Patria, que la semana pasada defini\u00f3 unificar los dos bloques que exist\u00edan en la C\u00e1mara alta bajo el t\u00edtulo de bloque justicialista. Pero en un avanzada r\u00e1pida podr\u00edan reubircarse dentro del mapa legislativo y formar parte de un esquema de gobernadores. De lo que est\u00e1n seguros, es de que no formar\u00e1n parte del bloque que conduce el formose\u00f1o Jos\u00e9 Mayans.<\/p>\n\n\n\n<p><img loading=\"lazy\" decoding=\"async\" height=\"1281\" width=\"1920\" src=\"https:\/\/www.infobae.com\/resizer\/v2\/ELZOMTPCUFDSLIKMK2XK2VC4KI.jpg?auth=597323184771a5959e43107966edd4a2f3edaeae22ec4871b872ab23aab13c50&amp;smart=true&amp;width=350&amp;height=234&amp;quality=85\" alt=\"El kirchnerismo hace esfuerzos para\">El kirchnerismo hace esfuerzos para evitar una fractura del bloque antes de que se traten las principales reformas impulsadas por Milei (Gustavo Gavotti)<\/p>\n\n\n\n<p>En el kirchnerismo buscan&nbsp;<strong>evitar la fractura<\/strong>&nbsp;del bloque en el final del a\u00f1o. Sobre todo&nbsp;<strong>antes de que el Gobierno trate en el recinto el Presupuesto 2026 y las reformas laboral y tributaria<\/strong>, dos de las leyes de fondo que Milei quiere sacar adelante con la conformaci\u00f3n del nuevo Congreso.<\/p>\n\n\n\n<p><strong>\u201cEl peronismo deber\u00eda tratar de armarse para enfrentrar las leyes de Milei en unidad y, una vez que pasen, buscar una v\u00e1lvula de escape a las diferencias, con la conformaci\u00f3n de un gran interbloque\u201d<\/strong>, se sincer\u00f3 un importante dirigente de La C\u00e1mpora, que entiende que esa metodolog\u00eda es la \u00fanica forma de evitar una fractura masiva y una explosi\u00f3n de todo el esquema peronista en la C\u00e1mara baja.<\/p>\n","protected":false},"excerpt":{"rendered":"<p>\u201cVamos a terminar armando por afuera\u201d. Esa fue la frase que utiliz\u00f3 el gobernador de Catamarca,\u00a0Ra\u00fal Jalil, para decirle a uno de sus hombres de confianza en la provincia, que va a inclinarse por irse del bloque de\u00a0Fuerza Patria\u00a0en la C\u00e1mara baja, sacar a los cuatro diputados que le responde, armar un bloque propio con<a class=\"read-more\" href=\"https:\/\/elfederalmendoza.com.ar\/index.php\/2025\/11\/26\/el-gobernador-jalil-tiene-un-pie-afuera-del-bloque-de-fuerza-patria-y-complica-al-peronismo-en-diputados\/\"> [&hellip;]<\/a><\/p>\n","protected":false},"author":2,"featured_media":35226,"comment_status":"open","ping_status":"open","sticky":false,"template":"","format":"standard","meta":{"footnotes":""},"categories":[5618],"tags":[],"class_list":["post-35225","post","type-post","status-publish","format-standard","has-post-thumbnail","hentry","category-arg"],"rttpg_featured_image_url":{"full":["https:\/\/elfederalmendoza.com.ar\/wp-content\/uploads\/2025\/11\/JALIL4.jpeg",2560,1811,false],"landscape":["https:\/\/elfederalmendoza.com.ar\/wp-content\/uploads\/2025\/11\/JALIL4.jpeg",2560,1811,false],"portraits":["https:\/\/elfederalmendoza.com.ar\/wp-content\/uploads\/2025\/11\/JALIL4.jpeg",2560,1811,false],"thumbnail":["https:\/\/elfederalmendoza.com.ar\/wp-content\/uploads\/2025\/11\/JALIL4-150x150.jpeg",150,150,true],"medium":["https:\/\/elfederalmendoza.com.ar\/wp-content\/uploads\/2025\/11\/JALIL4-300x212.jpeg",300,212,true],"large":["https:\/\/elfederalmendoza.com.ar\/wp-content\/uploads\/2025\/11\/JALIL4-1024x724.jpeg",640,453,true],"1536x1536":["https:\/\/elfederalmendoza.com.ar\/wp-content\/uploads\/2025\/11\/JALIL4-1536x1087.jpeg",1536,1087,true],"2048x2048":["https:\/\/elfederalmendoza.com.ar\/wp-content\/uploads\/2025\/11\/JALIL4-2048x1449.jpeg",2048,1449,true],"ultp_layout_landscape_large":["https:\/\/elfederalmendoza.com.ar\/wp-content\/uploads\/2025\/11\/JALIL4-1200x800.jpeg",1200,800,true],"ultp_layout_landscape":["https:\/\/elfederalmendoza.com.ar\/wp-content\/uploads\/2025\/11\/JALIL4-870x570.jpeg",870,570,true],"ultp_layout_portrait":["https:\/\/elfederalmendoza.com.ar\/wp-content\/uploads\/2025\/11\/JALIL4-600x900.jpeg",600,900,true],"ultp_layout_square":["https:\/\/elfederalmendoza.com.ar\/wp-content\/uploads\/2025\/11\/JALIL4-600x600.jpeg",600,600,true],"rpwe-thumbnail":["https:\/\/elfederalmendoza.com.ar\/wp-content\/uploads\/2025\/11\/JALIL4-45x45.jpeg",45,45,true],"advps-thumb-one":["https:\/\/elfederalmendoza.com.ar\/wp-content\/uploads\/2025\/11\/JALIL4-1200x420.jpeg",1200,420,true]},"rttpg_author":{"display_name":"Redacci\u00f3n El Federal","author_link":"https:\/\/elfederalmendoza.com.ar\/index.php\/author\/angelflores\/"},"rttpg_comment":0,"rttpg_category":"<a href=\"https:\/\/elfederalmendoza.com.ar\/index.php\/category\/arg\/\" rel=\"category tag\">Argentina<\/a>","rttpg_excerpt":"\u201cVamos a terminar armando por afuera\u201d. Esa fue la frase que utiliz\u00f3 el gobernador de Catamarca,\u00a0Ra\u00fal Jalil, para decirle a uno de sus hombres de confianza en la provincia, que va a inclinarse por irse del bloque de\u00a0Fuerza Patria\u00a0en la C\u00e1mara baja, sacar a los cuatro diputados que le responde, armar un bloque propio con&hellip;","_links":{"self":[{"href":"https:\/\/elfederalmendoza.com.ar\/index.php\/wp-json\/wp\/v2\/posts\/35225","targetHints":{"allow":["GET"]}}],"collection":[{"href":"https:\/\/elfederalmendoza.com.ar\/index.php\/wp-json\/wp\/v2\/posts"}],"about":[{"href":"https:\/\/elfederalmendoza.com.ar\/index.php\/wp-json\/wp\/v2\/types\/post"}],"author":[{"embeddable":true,"href":"https:\/\/elfederalmendoza.com.ar\/index.php\/wp-json\/wp\/v2\/users\/2"}],"replies":[{"embeddable":true,"href":"https:\/\/elfederalmendoza.com.ar\/index.php\/wp-json\/wp\/v2\/comments?post=35225"}],"version-history":[{"count":1,"href":"https:\/\/elfederalmendoza.com.ar\/index.php\/wp-json\/wp\/v2\/posts\/35225\/revisions"}],"predecessor-version":[{"id":35227,"href":"https:\/\/elfederalmendoza.com.ar\/index.php\/wp-json\/wp\/v2\/posts\/35225\/revisions\/35227"}],"wp:featuredmedia":[{"embeddable":true,"href":"https:\/\/elfederalmendoza.com.ar\/index.php\/wp-json\/wp\/v2\/media\/35226"}],"wp:attachment":[{"href":"https:\/\/elfederalmendoza.com.ar\/index.php\/wp-json\/wp\/v2\/media?parent=35225"}],"wp:term":[{"taxonomy":"category","embeddable":true,"href":"https:\/\/elfederalmendoza.com.ar\/index.php\/wp-json\/wp\/v2\/categories?post=35225"},{"taxonomy":"post_tag","embeddable":true,"href":"https:\/\/elfederalmendoza.com.ar\/index.php\/wp-json\/wp\/v2\/tags?post=35225"}],"curies":[{"name":"wp","href":"https:\/\/api.w.org\/{rel}","templated":true}]}}