{"id":35234,"date":"2025-11-26T06:04:00","date_gmt":"2025-11-26T09:04:00","guid":{"rendered":"https:\/\/elfederalmendoza.com.ar\/?p=35234"},"modified":"2025-11-26T11:08:50","modified_gmt":"2025-11-26T14:08:50","slug":"por-que-algunas-personas-usan-siempre-gorra-la-psicologia-lo-explica","status":"publish","type":"post","link":"https:\/\/elfederalmendoza.com.ar\/index.php\/2025\/11\/26\/por-que-algunas-personas-usan-siempre-gorra-la-psicologia-lo-explica\/","title":{"rendered":"Por qu\u00e9 algunas personas usan siempre gorra: la psicolog\u00eda lo explica"},"content":{"rendered":"\n<p>Usar gorra todo el tiempo va m\u00e1s all\u00e1 del estilo y seg\u00fan la psicolog\u00eda puede revelar rasgos de personalidad. Descubr\u00ed qu\u00e9 significa este h\u00e1bito.<\/p>\n\n\n\n<p>Por lo general,\u00a0<strong>muchas personas suelen usar gorra de manera habitual<\/strong>. M\u00e1s all\u00e1 de ser una cuesti\u00f3n de estilo, seg\u00fan la\u00a0<strong>psicolog\u00eda<\/strong>, este h\u00e1bito puede reflejar rasgos de personalidad espec\u00edficos. En esta nota, te contamos todo lo que deb\u00e9s saber.<\/p>\n\n\n\n<figure class=\"wp-block-image\" id=\"757037-Libre-313293896_wrap\"><img decoding=\"async\" src=\"https:\/\/media.sitioandino.com.ar\/p\/20958fea9d2406d35f05afb70cc6bbf9\/adjuntos\/335\/imagenes\/000\/823\/0000823403\/790x0\/smart\/gorra.jpg\" alt=\"Qu\u00e9 significa usar siempre gorra, seg\u00fan la psicolog\u00eda\" title=\"Qu\u00e9 significa usar siempre gorra, seg\u00fan la psicolog\u00eda\"\/><figcaption class=\"wp-element-caption\">Qu\u00e9 significa usar siempre gorra, seg\u00fan la psicolog\u00eda<\/figcaption><\/figure>\n\n\n\n<h2 class=\"wp-block-heading\">Lo que revela la psicolog\u00eda sobre las personas que siempre usan gorra<\/h2>\n\n\n\n<p>Expertos en psicolog\u00eda se\u00f1alan que el h\u00e1bito de usar gorra de forma constante puede estar vinculado a la\u00a0<strong>b\u00fasqueda de protecci\u00f3n emocional<\/strong>, el deseo de\u00a0<strong>mantener la privacidad o la intenci\u00f3n de proyectar una imagen consistente<\/strong>. En algunos casos, tambi\u00e9n puede reflejar<strong>\u00a0timidez o incomodidad\u00a0<\/strong>con la propia apariencia.<strong>Lee adem\u00e1s<\/strong><a href=\"https:\/\/www.sitioandino.com.ar\/lifestyle\/ni-amarillo-ni-rojo-los-3-colores-que-la-gente-inteligente-elige-su-ropa-segun-la-psicologia-n5712351\"><\/a><\/p>\n\n\n\n<p>Entre las&nbsp;<strong>razones&nbsp;<\/strong>m\u00e1s comunes que destacan los especialistas se encuentran la sensaci\u00f3n de seguridad que brinda, la construcci\u00f3n de un estilo personal, la incomodidad con el cuerpo, la simple costumbre o comodidad, y el uso de la gorra como estrategia para reducir la ansiedad en situaciones sociales.<\/p>\n\n\n\n<p>Sin embargo, cabe destacar que, en la mayor\u00eda de los casos, los j\u00f3venes la utilizan principalmente por&nbsp;<strong>moda y estilo personal<\/strong>, m\u00e1s que como un reflejo de alg\u00fan comportamiento negativo.<\/p>\n\n\n\n<p>La psicolog\u00eda intenta explicar diversos aspectos de nuestra vida cotidiana.&nbsp;<strong><a href=\"https:\/\/www.sitioandino.com.ar\/lifestyle\/que-significa-dormir-tu-mascota-explicacion-segun-la-psicologia-n5712195\" target=\"_blank\" rel=\"noreferrer noopener\">Haciendo clic aqu\u00ed, descubrir\u00e1s c\u00f3mo otras acciones tambi\u00e9n encuentran su explicaci\u00f3n desde esta disciplina<\/a><\/strong>.<\/p>\n\n\n\n<p>Sitio Andino<\/p>\n","protected":false},"excerpt":{"rendered":"<p>Usar gorra todo el tiempo va m\u00e1s all\u00e1 del estilo y seg\u00fan la psicolog\u00eda puede revelar rasgos de personalidad. Descubr\u00ed qu\u00e9 significa este h\u00e1bito. Por lo general,\u00a0muchas personas suelen usar gorra de manera habitual. M\u00e1s all\u00e1 de ser una cuesti\u00f3n de estilo, seg\u00fan la\u00a0psicolog\u00eda, este h\u00e1bito puede reflejar rasgos de personalidad espec\u00edficos. En esta nota,<a class=\"read-more\" href=\"https:\/\/elfederalmendoza.com.ar\/index.php\/2025\/11\/26\/por-que-algunas-personas-usan-siempre-gorra-la-psicologia-lo-explica\/\"> [&hellip;]<\/a><\/p>\n","protected":false},"author":2,"featured_media":35235,"comment_status":"open","ping_status":"open","sticky":false,"template":"","format":"standard","meta":{"footnotes":""},"categories":[1],"tags":[],"class_list":["post-35234","post","type-post","status-publish","format-standard","has-post-thumbnail","hentry","category-mza"],"rttpg_featured_image_url":{"full":["https:\/\/elfederalmendoza.com.ar\/wp-content\/uploads\/2025\/11\/gorra.jpg",1326,743,false],"landscape":["https:\/\/elfederalmendoza.com.ar\/wp-content\/uploads\/2025\/11\/gorra.jpg",1326,743,false],"portraits":["https:\/\/elfederalmendoza.com.ar\/wp-content\/uploads\/2025\/11\/gorra.jpg",1326,743,false],"thumbnail":["https:\/\/elfederalmendoza.com.ar\/wp-content\/uploads\/2025\/11\/gorra-150x150.jpg",150,150,true],"medium":["https:\/\/elfederalmendoza.com.ar\/wp-content\/uploads\/2025\/11\/gorra-300x168.jpg",300,168,true],"large":["https:\/\/elfederalmendoza.com.ar\/wp-content\/uploads\/2025\/11\/gorra-1024x574.jpg",640,359,true],"1536x1536":["https:\/\/elfederalmendoza.com.ar\/wp-content\/uploads\/2025\/11\/gorra.jpg",1326,743,false],"2048x2048":["https:\/\/elfederalmendoza.com.ar\/wp-content\/uploads\/2025\/11\/gorra.jpg",1326,743,false],"ultp_layout_landscape_large":["https:\/\/elfederalmendoza.com.ar\/wp-content\/uploads\/2025\/11\/gorra-1200x743.jpg",1200,743,true],"ultp_layout_landscape":["https:\/\/elfederalmendoza.com.ar\/wp-content\/uploads\/2025\/11\/gorra-870x570.jpg",870,570,true],"ultp_layout_portrait":["https:\/\/elfederalmendoza.com.ar\/wp-content\/uploads\/2025\/11\/gorra-600x743.jpg",600,743,true],"ultp_layout_square":["https:\/\/elfederalmendoza.com.ar\/wp-content\/uploads\/2025\/11\/gorra-600x600.jpg",600,600,true],"rpwe-thumbnail":["https:\/\/elfederalmendoza.com.ar\/wp-content\/uploads\/2025\/11\/gorra-45x45.jpg",45,45,true],"advps-thumb-one":["https:\/\/elfederalmendoza.com.ar\/wp-content\/uploads\/2025\/11\/gorra-1200x420.jpg",1200,420,true]},"rttpg_author":{"display_name":"Redacci\u00f3n El Federal","author_link":"https:\/\/elfederalmendoza.com.ar\/index.php\/author\/angelflores\/"},"rttpg_comment":0,"rttpg_category":"<a href=\"https:\/\/elfederalmendoza.com.ar\/index.php\/category\/mza\/\" rel=\"category tag\">Mendoza<\/a>","rttpg_excerpt":"Usar gorra todo el tiempo va m\u00e1s all\u00e1 del estilo y seg\u00fan la psicolog\u00eda puede revelar rasgos de personalidad. Descubr\u00ed qu\u00e9 significa este h\u00e1bito. Por lo general,\u00a0muchas personas suelen usar gorra de manera habitual. M\u00e1s all\u00e1 de ser una cuesti\u00f3n de estilo, seg\u00fan la\u00a0psicolog\u00eda, este h\u00e1bito puede reflejar rasgos de personalidad espec\u00edficos. En esta nota,&hellip;","_links":{"self":[{"href":"https:\/\/elfederalmendoza.com.ar\/index.php\/wp-json\/wp\/v2\/posts\/35234","targetHints":{"allow":["GET"]}}],"collection":[{"href":"https:\/\/elfederalmendoza.com.ar\/index.php\/wp-json\/wp\/v2\/posts"}],"about":[{"href":"https:\/\/elfederalmendoza.com.ar\/index.php\/wp-json\/wp\/v2\/types\/post"}],"author":[{"embeddable":true,"href":"https:\/\/elfederalmendoza.com.ar\/index.php\/wp-json\/wp\/v2\/users\/2"}],"replies":[{"embeddable":true,"href":"https:\/\/elfederalmendoza.com.ar\/index.php\/wp-json\/wp\/v2\/comments?post=35234"}],"version-history":[{"count":1,"href":"https:\/\/elfederalmendoza.com.ar\/index.php\/wp-json\/wp\/v2\/posts\/35234\/revisions"}],"predecessor-version":[{"id":35236,"href":"https:\/\/elfederalmendoza.com.ar\/index.php\/wp-json\/wp\/v2\/posts\/35234\/revisions\/35236"}],"wp:featuredmedia":[{"embeddable":true,"href":"https:\/\/elfederalmendoza.com.ar\/index.php\/wp-json\/wp\/v2\/media\/35235"}],"wp:attachment":[{"href":"https:\/\/elfederalmendoza.com.ar\/index.php\/wp-json\/wp\/v2\/media?parent=35234"}],"wp:term":[{"taxonomy":"category","embeddable":true,"href":"https:\/\/elfederalmendoza.com.ar\/index.php\/wp-json\/wp\/v2\/categories?post=35234"},{"taxonomy":"post_tag","embeddable":true,"href":"https:\/\/elfederalmendoza.com.ar\/index.php\/wp-json\/wp\/v2\/tags?post=35234"}],"curies":[{"name":"wp","href":"https:\/\/api.w.org\/{rel}","templated":true}]}}