{"id":35240,"date":"2025-11-27T08:57:53","date_gmt":"2025-11-27T11:57:53","guid":{"rendered":"https:\/\/elfederalmendoza.com.ar\/?p=35240"},"modified":"2025-11-27T08:57:55","modified_gmt":"2025-11-27T11:57:55","slug":"alerta-en-el-peronismo-perderian-14-diputados-de-cinco-gobernadores-que-analizan-armar-un-bloque-federal-en-el-congreso","status":"publish","type":"post","link":"https:\/\/elfederalmendoza.com.ar\/index.php\/2025\/11\/27\/alerta-en-el-peronismo-perderian-14-diputados-de-cinco-gobernadores-que-analizan-armar-un-bloque-federal-en-el-congreso\/","title":{"rendered":"Alerta en el peronismo: perder\u00edan 14 diputados de cinco gobernadores que analizan armar un bloque federal en el Congreso"},"content":{"rendered":"\n<p>Los mandatarios de <strong>Salta, Tucum\u00e1n, Catamarca, Neuqu\u00e9n y Misiones<\/strong> est\u00e1n dispuestos a crear una bancada federal. Y podr\u00eda haber una definici\u00f3n esta tarde. Qui\u00e9nes estar\u00e1n en el encuentro.<\/p>\n\n\n\n<p>La reuni\u00f3n ser\u00e1 a las 13 en la sede porte\u00f1a de la Casa de Salta y lo que ocurra all\u00ed puede tener un fuerte impacto pol\u00edtico y consecuencias inmediatas en el equilibrio de fuerzas en el Congreso Nacional, a horas de la renovaci\u00f3n en Diputados y el Senado. Los gobernadores\u00a0<strong>Gustavo S\u00e1enz<\/strong>\u00a0(Salta),\u00a0<strong>Osvaldo Jaldo<\/strong>\u00a0(Tucum\u00e1n),\u00a0<strong>Ra\u00fal Jalil\u00a0<\/strong>(Catamarca),<strong>\u00a0Hugo Passalacqua<\/strong>\u00a0(Misiones) y representantes de<strong>\u00a0Rolando \u201cRolo\u201d Figueroa<\/strong>\u00a0(Neuqu\u00e9n) compartir\u00e1n el evento donde podr\u00eda haber definiciones sobre la creaci\u00f3n de un bloque con impronta federal, que debilitar\u00eda al peronismo.<a href=\"https:\/\/www.infobae.com\/sociedad\/2025\/11\/27\/una-periodista-murio-en-mar-del-plata-al-caer-desde-25-metros-de-altura-cuando-se-sacaba-una-foto\/\" target=\"_blank\" rel=\"noreferrer noopener\"><\/a><\/p>\n\n\n\n<p>Como\u00a0hab\u00eda anticipado\u00a0<strong>Infobae\u00a0<\/strong>hace dos semanas, los mandatarios ven\u00edan manteniendo negociaciones reservadas para articular una bancada que represente sus intereses en el Parlamento ante el gobierno de Javier Milei. Es una decisi\u00f3n clave por la oportunidad, como por las derivaciones pol\u00edticas que tendr\u00e1 un eventual anuncio.<\/p>\n\n\n\n<p><img loading=\"lazy\" decoding=\"async\" height=\"1066\" width=\"1600\" src=\"https:\/\/www.infobae.com\/resizer\/v2\/YWAKFNYVSVBHBPXA4MORLIBIU4.jpg?auth=5d38a9f1fde1a443746eb52d60a3d5002b3dada460de7c439f74ab73a7a8acf0&amp;smart=true&amp;width=350&amp;height=233&amp;quality=85\" alt=\"El gobernador Passalacqua se reuni\u00f3\">El gobernador Passalacqua se reuni\u00f3 esta semana en Misiones con el ministro Santilli<\/p>\n\n\n\n<p>Todos esos mandatarios ya tuvieron contactos con el ministro del Interior, Diego Santilli, el interlocutor que puso el Presidente para establecer los acuerdos y apoyos que requieren el Presupuesto y el paquete de reformas que impulsar\u00e1 a partir del 10 de diciembre en sesiones extraordinarias. Incluso, algunos de ellos estuvieron en la Casa Rosada con el jefe de Gabinete, Manuel Adorni.<a href=\"https:\/\/www.infobae.com\/sociedad\/2025\/11\/27\/el-impactante-video-del-momento-en-el-que-un-colectivo-atropella-a-una-mujer-en-plena-avenida-corrientes\/\" target=\"_blank\" rel=\"noreferrer noopener\"><\/a><\/p>\n\n\n\n<p>La novedad, en caso de ocurrir, debilitar\u00e1 al peronismo de Uni\u00f3n por la Patria, que atraviesa una crisis de liderazgo derivada de la detenci\u00f3n en San Jos\u00e9 1111 de la presidente del PJ, Cristina Kirchner, de la derrota en las elecciones nacionales del 26 de octubre, y de loso cuestionamientos crecientes a la conducci\u00f3n de los bloques en la C\u00e1mara baja y el Senado.&nbsp;<strong>Sobre todo, con el titular de la bancada opositora en Diputados, Germ\u00e1n Mart\u00ednez.<\/strong><\/p>\n\n\n\n<p>El bloque de Uni\u00f3n por la Patria sufrir\u00eda la p\u00e9rdida de cuatro diputados que responden al catamarque\u00f1o Jalil, y quedar\u00eda con 92 diputados, uno menos que La Libertad Avanza. El Gobierno, as\u00ed, quedar\u00eda a un paso de arrebatarle al peronismo la primera minor\u00eda, el objetivo simb\u00f3lico que persigue el titular del cuerpo, Mart\u00edn Menem.<a href=\"https:\/\/www.infobae.com\/economia\/2025\/11\/27\/borrador-secreto-de-la-reforma-laboral-que-cambios-se-analizan-para-las-vacaciones-de-los-empleados\/\" target=\"_blank\" rel=\"noreferrer noopener\"><\/a><\/p>\n\n\n\n<p>Los representantes en ambas c\u00e1maras de los peronistas no K Osvaldo Jaldo y Gustavo S\u00e1enz, como Figueroa y Passlacqua ya revistaban en otras bancadas, por lo que el principal \u201cdamnificado\u201d de esa movida, en caso de concretarse, ser\u00eda el kirchnerismo. Ya Cristina Kirchner, en la carta que difundi\u00f3 despu\u00e9s de la categ\u00f3rica victoria de Milei en las elecciones de medio t\u00e9rmino, hab\u00eda anticipado que el principal riesgo estaba en la divisi\u00f3n del peronismo.<\/p>\n\n\n\n<blockquote class=\"wp-block-quote is-layout-flow wp-block-quote-is-layout-flow\">\n<p><strong>Si pasado este mediod\u00eda se concreta el anuncio -del que emerger\u00eda un nuevo bloque de 14 diputados- se confirmar\u00eda ese vaticinio<\/strong><\/p>\n<\/blockquote>\n\n\n\n<p><img loading=\"lazy\" decoding=\"async\" height=\"1280\" width=\"1920\" src=\"https:\/\/www.infobae.com\/resizer\/v2\/6QPTV4U7FFHL5MOKHKO4BSMBHQ.jpg?auth=4d08d8e464a7d436c7698e6f8d0c654aa1639da84b953cf20c59891961b037c2&amp;smart=true&amp;width=350&amp;height=233&amp;quality=85\" alt=\"Cristina Kirchner hab\u00eda advertido despu\u00e9s\">Cristina Kirchner hab\u00eda advertido despu\u00e9s de la derrota electoral que el peronismo se enfrentaba al riesgo de una fractura (foto EFE)<\/p>\n\n\n\n<h2 class=\"wp-block-heading\">Temporada alta de negociaciones<\/h2>\n\n\n\n<p>Como adelant\u00f3 <strong>Infobae\u00a0<\/strong>el martes pasado, hoy y ma\u00f1ana ser\u00e1n d\u00edas claves en la relaci\u00f3n de los gobernadores con la administraci\u00f3n de Javier Milei. Varios mandatarios estar\u00e1n en Buenos Aires por la realizaci\u00f3n de la noche de las casas de provincias y por la jura de los nuevos senadores nacionales, que ocurrir\u00e1 ma\u00f1ana.<\/p>\n\n\n\n<p>Este jueves, y por fuera del anuncio inminente del nuevo bloque federal, Santilli ten\u00eda agendado recibir a \u201cRolo\u201d Figueroa y al catamarque\u00f1o Jalil. \u201cEstaba previsto de antes. Si hay anuncio y foto con los diputados del nuevo bloque, no tiene nada que ver el Gobierno\u201d, advirtieron los informantes del encuentro de este mediod\u00eda en la sede de Diagonal Norte, a metros del Obelisco.<\/p>\n\n\n\n<p>El nuevo espacio federal no es el \u00fanico movimiento que se da en el Congreso. Ayer hubo un encuentro del bloque de Provincias Unidas, en el que participaron los gobernadores Maximiliano Pullaro (Santa Fe) y Nacho Torres (Chubut). Hubo tensiones internas por la definici\u00f3n de qui\u00e9n ocupar\u00e1 la presidencia de esa bancada de los mandatarios que participaron de las \u00faltimas elecciones con boleta propia en 17 provincias. La decisi\u00f3n de que la santafesina Gisela Scaglia presida el bloque releg\u00f3 a Miguel Pichetto e hizo crujir la unidad de ese sector, que tendr\u00e1 un piso de 15 diputados.<\/p>\n\n\n\n<p>Tanto Provincias Unidas como el nuevo espacio de los cinco gobernadores expresaron su voluntad de negociar con la Casa Rosada la aprobaci\u00f3n del Presupuesto y de la modernizaci\u00f3n laboral, la reforma tributaria y el endurecimiento del C\u00f3digo Penal. Son las prioridades que tendr\u00e1 para este verano el oficialismo y que vienen siendo resistidas por Uni\u00f3n por la Patria.<\/p>\n","protected":false},"excerpt":{"rendered":"<p>Los mandatarios de Salta, Tucum\u00e1n, Catamarca, Neuqu\u00e9n y Misiones est\u00e1n dispuestos a crear una bancada federal. Y podr\u00eda haber una definici\u00f3n esta tarde. Qui\u00e9nes estar\u00e1n en el encuentro. La reuni\u00f3n ser\u00e1 a las 13 en la sede porte\u00f1a de la Casa de Salta y lo que ocurra all\u00ed puede tener un fuerte impacto pol\u00edtico y<a class=\"read-more\" href=\"https:\/\/elfederalmendoza.com.ar\/index.php\/2025\/11\/27\/alerta-en-el-peronismo-perderian-14-diputados-de-cinco-gobernadores-que-analizan-armar-un-bloque-federal-en-el-congreso\/\"> [&hellip;]<\/a><\/p>\n","protected":false},"author":2,"featured_media":35241,"comment_status":"open","ping_status":"open","sticky":false,"template":"","format":"standard","meta":{"footnotes":""},"categories":[5618],"tags":[],"class_list":["post-35240","post","type-post","status-publish","format-standard","has-post-thumbnail","hentry","category-arg"],"rttpg_featured_image_url":{"full":["https:\/\/elfederalmendoza.com.ar\/wp-content\/uploads\/2025\/11\/cinco-gobernadores.jpg",851,474,false],"landscape":["https:\/\/elfederalmendoza.com.ar\/wp-content\/uploads\/2025\/11\/cinco-gobernadores.jpg",851,474,false],"portraits":["https:\/\/elfederalmendoza.com.ar\/wp-content\/uploads\/2025\/11\/cinco-gobernadores.jpg",851,474,false],"thumbnail":["https:\/\/elfederalmendoza.com.ar\/wp-content\/uploads\/2025\/11\/cinco-gobernadores-150x150.jpg",150,150,true],"medium":["https:\/\/elfederalmendoza.com.ar\/wp-content\/uploads\/2025\/11\/cinco-gobernadores-300x167.jpg",300,167,true],"large":["https:\/\/elfederalmendoza.com.ar\/wp-content\/uploads\/2025\/11\/cinco-gobernadores.jpg",640,356,false],"1536x1536":["https:\/\/elfederalmendoza.com.ar\/wp-content\/uploads\/2025\/11\/cinco-gobernadores.jpg",851,474,false],"2048x2048":["https:\/\/elfederalmendoza.com.ar\/wp-content\/uploads\/2025\/11\/cinco-gobernadores.jpg",851,474,false],"ultp_layout_landscape_large":["https:\/\/elfederalmendoza.com.ar\/wp-content\/uploads\/2025\/11\/cinco-gobernadores.jpg",851,474,false],"ultp_layout_landscape":["https:\/\/elfederalmendoza.com.ar\/wp-content\/uploads\/2025\/11\/cinco-gobernadores.jpg",851,474,false],"ultp_layout_portrait":["https:\/\/elfederalmendoza.com.ar\/wp-content\/uploads\/2025\/11\/cinco-gobernadores-600x474.jpg",600,474,true],"ultp_layout_square":["https:\/\/elfederalmendoza.com.ar\/wp-content\/uploads\/2025\/11\/cinco-gobernadores-600x474.jpg",600,474,true],"rpwe-thumbnail":["https:\/\/elfederalmendoza.com.ar\/wp-content\/uploads\/2025\/11\/cinco-gobernadores-45x45.jpg",45,45,true],"advps-thumb-one":["https:\/\/elfederalmendoza.com.ar\/wp-content\/uploads\/2025\/11\/cinco-gobernadores-851x420.jpg",851,420,true]},"rttpg_author":{"display_name":"Redacci\u00f3n El Federal","author_link":"https:\/\/elfederalmendoza.com.ar\/index.php\/author\/angelflores\/"},"rttpg_comment":0,"rttpg_category":"<a href=\"https:\/\/elfederalmendoza.com.ar\/index.php\/category\/arg\/\" rel=\"category tag\">Argentina<\/a>","rttpg_excerpt":"Los mandatarios de Salta, Tucum\u00e1n, Catamarca, Neuqu\u00e9n y Misiones est\u00e1n dispuestos a crear una bancada federal. Y podr\u00eda haber una definici\u00f3n esta tarde. Qui\u00e9nes estar\u00e1n en el encuentro. La reuni\u00f3n ser\u00e1 a las 13 en la sede porte\u00f1a de la Casa de Salta y lo que ocurra all\u00ed puede tener un fuerte impacto pol\u00edtico y&hellip;","_links":{"self":[{"href":"https:\/\/elfederalmendoza.com.ar\/index.php\/wp-json\/wp\/v2\/posts\/35240","targetHints":{"allow":["GET"]}}],"collection":[{"href":"https:\/\/elfederalmendoza.com.ar\/index.php\/wp-json\/wp\/v2\/posts"}],"about":[{"href":"https:\/\/elfederalmendoza.com.ar\/index.php\/wp-json\/wp\/v2\/types\/post"}],"author":[{"embeddable":true,"href":"https:\/\/elfederalmendoza.com.ar\/index.php\/wp-json\/wp\/v2\/users\/2"}],"replies":[{"embeddable":true,"href":"https:\/\/elfederalmendoza.com.ar\/index.php\/wp-json\/wp\/v2\/comments?post=35240"}],"version-history":[{"count":1,"href":"https:\/\/elfederalmendoza.com.ar\/index.php\/wp-json\/wp\/v2\/posts\/35240\/revisions"}],"predecessor-version":[{"id":35242,"href":"https:\/\/elfederalmendoza.com.ar\/index.php\/wp-json\/wp\/v2\/posts\/35240\/revisions\/35242"}],"wp:featuredmedia":[{"embeddable":true,"href":"https:\/\/elfederalmendoza.com.ar\/index.php\/wp-json\/wp\/v2\/media\/35241"}],"wp:attachment":[{"href":"https:\/\/elfederalmendoza.com.ar\/index.php\/wp-json\/wp\/v2\/media?parent=35240"}],"wp:term":[{"taxonomy":"category","embeddable":true,"href":"https:\/\/elfederalmendoza.com.ar\/index.php\/wp-json\/wp\/v2\/categories?post=35240"},{"taxonomy":"post_tag","embeddable":true,"href":"https:\/\/elfederalmendoza.com.ar\/index.php\/wp-json\/wp\/v2\/tags?post=35240"}],"curies":[{"name":"wp","href":"https:\/\/api.w.org\/{rel}","templated":true}]}}