{"id":35243,"date":"2025-11-27T09:57:32","date_gmt":"2025-11-27T12:57:32","guid":{"rendered":"https:\/\/elfederalmendoza.com.ar\/?p=35243"},"modified":"2025-11-27T09:57:33","modified_gmt":"2025-11-27T12:57:33","slug":"alberto-fernandez-respaldo-al-chiqui-tapia-y-defendio-el-titulo-de-rosario-central","status":"publish","type":"post","link":"https:\/\/elfederalmendoza.com.ar\/index.php\/2025\/11\/27\/alberto-fernandez-respaldo-al-chiqui-tapia-y-defendio-el-titulo-de-rosario-central\/","title":{"rendered":"Alberto Fern\u00e1ndez respald\u00f3 al \u00abChiqui\u00bb Tapia y defendi\u00f3 el t\u00edtulo de Rosario Central"},"content":{"rendered":"\n<p>En medio de cruces, pol\u00e9micas y tensiones en redes sociales, el<strong>\u00a0expresidente\u00a0Alberto Fern\u00e1ndez<\/strong>\u00a0se refiri\u00f3 a la pol\u00e9mica por el reconocimiento a\u00a0<strong>Rosario Central<\/strong>\u00a0en la previa del partido ante Estudiantes y asegur\u00f3 que valorar la campa\u00f1a del equipo rosarino\u00a0<strong>\u00abes un acto de honestidad intelectual\u00bb<\/strong>.<\/p>\n\n\n\n<p>Las declaraciones fueron realizadas al programa Cancha Embarrada, donde Fern\u00e1ndez destac\u00f3 que el conjunto rosarino \u00abest\u00e1 primero con varios puntos de diferencia\u00bb y \u00abha sido el mejor\u00bb. En tanto que se\u00f1al\u00f3 que \u00abadmito que es todo confuso\u00bb.<\/p>\n\n\n\n<p>Por otro lado, Fern\u00e1ndez tambi\u00e9n cuestion\u00f3 el gesto del \u00abpasillo de espaldas\u00bb que realiz\u00f3 Estudiantes y remarc\u00f3 que <strong>no comparte ese tipo de manifestaciones<\/strong>. \u00abNunca us\u00e9 al f\u00fatbol. No me parece que est\u00e9 bien lo que hicieron\u00bb, afirm\u00f3.<\/p>\n\n\n\n<p>En ese sentido, valor\u00f3 la gesti\u00f3n de Tapia y record\u00f3 los \u00e9xitos obtenidos por la Selecci\u00f3n Argentina durante su mandato:&nbsp;<strong>\u00abGanamos la Copa Am\u00e9rica, la Finalissima y el Mundial\u00bb<\/strong>.<\/p>\n\n\n\n<figure class=\"wp-block-image is-resized\"><img decoding=\"async\" src=\"https:\/\/www.mendozapost.com\/files\/image\/257\/257491\/5eb328184fb2b_570_280!.png?s=d13aa472e710e4622c0fa62a399457ab&amp;d=1762569876\" alt=\"\" style=\"width:840px;height:auto\"\/><figcaption class=\"wp-element-caption\">Alberto Fern\u00e1ndez, reconocido hincha de Argentinos Juniors.<\/figcaption><\/figure>\n\n\n\n<p>El exmandatario respald\u00f3 la gesti\u00f3n del presidente de la AFA,&nbsp;<strong>Claudio \u00abChiqui\u00bb Tapia<\/strong>. \u00abNos sac\u00f3 dos veces campeones de Am\u00e9rica y una vez del mundo\u00bb, sostuvo. Y agreg\u00f3: \u00abGanar la AFA no es una cosa f\u00e1cil. La verdad es que su gesti\u00f3n es bastante mejor de lo que pens\u00e9 que iba a ser\u00bb.<\/p>\n","protected":false},"excerpt":{"rendered":"<p>En medio de cruces, pol\u00e9micas y tensiones en redes sociales, el\u00a0expresidente\u00a0Alberto Fern\u00e1ndez\u00a0se refiri\u00f3 a la pol\u00e9mica por el reconocimiento a\u00a0Rosario Central\u00a0en la previa del partido ante Estudiantes y asegur\u00f3 que valorar la campa\u00f1a del equipo rosarino\u00a0\u00abes un acto de honestidad intelectual\u00bb. Las declaraciones fueron realizadas al programa Cancha Embarrada, donde Fern\u00e1ndez destac\u00f3 que el conjunto<a class=\"read-more\" href=\"https:\/\/elfederalmendoza.com.ar\/index.php\/2025\/11\/27\/alberto-fernandez-respaldo-al-chiqui-tapia-y-defendio-el-titulo-de-rosario-central\/\"> [&hellip;]<\/a><\/p>\n","protected":false},"author":2,"featured_media":35244,"comment_status":"open","ping_status":"open","sticky":false,"template":"","format":"standard","meta":{"footnotes":""},"categories":[5618],"tags":[],"class_list":["post-35243","post","type-post","status-publish","format-standard","has-post-thumbnail","hentry","category-arg"],"rttpg_featured_image_url":{"full":["https:\/\/elfederalmendoza.com.ar\/wp-content\/uploads\/2025\/11\/chiqui.jpg",1446,810,false],"landscape":["https:\/\/elfederalmendoza.com.ar\/wp-content\/uploads\/2025\/11\/chiqui.jpg",1446,810,false],"portraits":["https:\/\/elfederalmendoza.com.ar\/wp-content\/uploads\/2025\/11\/chiqui.jpg",1446,810,false],"thumbnail":["https:\/\/elfederalmendoza.com.ar\/wp-content\/uploads\/2025\/11\/chiqui-150x150.jpg",150,150,true],"medium":["https:\/\/elfederalmendoza.com.ar\/wp-content\/uploads\/2025\/11\/chiqui-300x168.jpg",300,168,true],"large":["https:\/\/elfederalmendoza.com.ar\/wp-content\/uploads\/2025\/11\/chiqui-1024x574.jpg",640,359,true],"1536x1536":["https:\/\/elfederalmendoza.com.ar\/wp-content\/uploads\/2025\/11\/chiqui.jpg",1446,810,false],"2048x2048":["https:\/\/elfederalmendoza.com.ar\/wp-content\/uploads\/2025\/11\/chiqui.jpg",1446,810,false],"ultp_layout_landscape_large":["https:\/\/elfederalmendoza.com.ar\/wp-content\/uploads\/2025\/11\/chiqui-1200x800.jpg",1200,800,true],"ultp_layout_landscape":["https:\/\/elfederalmendoza.com.ar\/wp-content\/uploads\/2025\/11\/chiqui-870x570.jpg",870,570,true],"ultp_layout_portrait":["https:\/\/elfederalmendoza.com.ar\/wp-content\/uploads\/2025\/11\/chiqui-600x810.jpg",600,810,true],"ultp_layout_square":["https:\/\/elfederalmendoza.com.ar\/wp-content\/uploads\/2025\/11\/chiqui-600x600.jpg",600,600,true],"rpwe-thumbnail":["https:\/\/elfederalmendoza.com.ar\/wp-content\/uploads\/2025\/11\/chiqui-45x45.jpg",45,45,true],"advps-thumb-one":["https:\/\/elfederalmendoza.com.ar\/wp-content\/uploads\/2025\/11\/chiqui-1200x420.jpg",1200,420,true]},"rttpg_author":{"display_name":"Redacci\u00f3n El Federal","author_link":"https:\/\/elfederalmendoza.com.ar\/index.php\/author\/angelflores\/"},"rttpg_comment":0,"rttpg_category":"<a href=\"https:\/\/elfederalmendoza.com.ar\/index.php\/category\/arg\/\" rel=\"category tag\">Argentina<\/a>","rttpg_excerpt":"En medio de cruces, pol\u00e9micas y tensiones en redes sociales, el\u00a0expresidente\u00a0Alberto Fern\u00e1ndez\u00a0se refiri\u00f3 a la pol\u00e9mica por el reconocimiento a\u00a0Rosario Central\u00a0en la previa del partido ante Estudiantes y asegur\u00f3 que valorar la campa\u00f1a del equipo rosarino\u00a0\u00abes un acto de honestidad intelectual\u00bb. Las declaraciones fueron realizadas al programa Cancha Embarrada, donde Fern\u00e1ndez destac\u00f3 que el conjunto&hellip;","_links":{"self":[{"href":"https:\/\/elfederalmendoza.com.ar\/index.php\/wp-json\/wp\/v2\/posts\/35243","targetHints":{"allow":["GET"]}}],"collection":[{"href":"https:\/\/elfederalmendoza.com.ar\/index.php\/wp-json\/wp\/v2\/posts"}],"about":[{"href":"https:\/\/elfederalmendoza.com.ar\/index.php\/wp-json\/wp\/v2\/types\/post"}],"author":[{"embeddable":true,"href":"https:\/\/elfederalmendoza.com.ar\/index.php\/wp-json\/wp\/v2\/users\/2"}],"replies":[{"embeddable":true,"href":"https:\/\/elfederalmendoza.com.ar\/index.php\/wp-json\/wp\/v2\/comments?post=35243"}],"version-history":[{"count":1,"href":"https:\/\/elfederalmendoza.com.ar\/index.php\/wp-json\/wp\/v2\/posts\/35243\/revisions"}],"predecessor-version":[{"id":35245,"href":"https:\/\/elfederalmendoza.com.ar\/index.php\/wp-json\/wp\/v2\/posts\/35243\/revisions\/35245"}],"wp:featuredmedia":[{"embeddable":true,"href":"https:\/\/elfederalmendoza.com.ar\/index.php\/wp-json\/wp\/v2\/media\/35244"}],"wp:attachment":[{"href":"https:\/\/elfederalmendoza.com.ar\/index.php\/wp-json\/wp\/v2\/media?parent=35243"}],"wp:term":[{"taxonomy":"category","embeddable":true,"href":"https:\/\/elfederalmendoza.com.ar\/index.php\/wp-json\/wp\/v2\/categories?post=35243"},{"taxonomy":"post_tag","embeddable":true,"href":"https:\/\/elfederalmendoza.com.ar\/index.php\/wp-json\/wp\/v2\/tags?post=35243"}],"curies":[{"name":"wp","href":"https:\/\/api.w.org\/{rel}","templated":true}]}}