{"id":35265,"date":"2025-11-29T10:02:08","date_gmt":"2025-11-29T13:02:08","guid":{"rendered":"https:\/\/elfederalmendoza.com.ar\/?p=35265"},"modified":"2025-11-29T10:02:10","modified_gmt":"2025-11-29T13:02:10","slug":"bombazo-river-pregunto-condiciones-por-sebastian-villa-cuanto-pide-independiente-rivadavia","status":"publish","type":"post","link":"https:\/\/elfederalmendoza.com.ar\/index.php\/2025\/11\/29\/bombazo-river-pregunto-condiciones-por-sebastian-villa-cuanto-pide-independiente-rivadavia\/","title":{"rendered":"\u00a1Bombazo! River pregunt\u00f3 condiciones por Sebasti\u00e1n Villa: cu\u00e1nto pide Independiente Rivadavia"},"content":{"rendered":"\n<p>Este viernes, una noticia bomba sacudi\u00f3 el mundo<strong>\u00a0River<\/strong>. En la semana en la que Marcelo Gallardo comenz\u00f3 con la limpieza del plantel y le comunic\u00f3 a varios jugadores -entre ellos, a cuatro h\u00e9roes de Madrid- que\u00a0no ser\u00e1n tenidos en cuenta de cara al pr\u00f3ximo a\u00f1o, en los pasillos del Monumental empez\u00f3 a sonar fuerte el nombre de un posible refuerzo que hizo temblar el piso:\u00a0<strong>Sebasti\u00e1n Villa<\/strong>, extremo con pasado muy marcado en Boca entre 2018 y 2023.<\/p>\n\n\n\n<h2 class=\"wp-block-heading\">Bombazo: River sonde\u00f3 la situaci\u00f3n a Sebasti\u00e1n Villa<\/h2>\n\n\n\n<p>Germ\u00e1n Balcarce, periodista que cubre el d\u00eda a d\u00eda del Millonario en DSports, sorprendi\u00f3 con la informaci\u00f3n: \u00abAunque cuesta imaginar que pueda llegar a concretarse una transferencia,\u00a0<strong>River\u00a0<\/strong>averigu\u00f3 condiciones por\u00a0<strong>Villa<\/strong>\u00ab, lanz\u00f3. Todo esto, luego de que el propio colombiano haya confirmado que no seguir\u00e1 en\u00a0<strong>Independiente Rivadavia<\/strong>\u00a0en 2026.<\/p>\n\n\n\n<p>Ante la firme decisi\u00f3n de&nbsp;<strong>Villa<\/strong>&nbsp;de ser transferido, donde viene de hacer historia levantando el t\u00edtulo de la Copa Argentina -la primera estrella de la instituci\u00f3n en la m\u00e1xima categor\u00eda-, a la dirigencia de la Lepra mendocina no le queda otra opci\u00f3n que negociarlo. Sin embargo, eso no quiere decir que no pretendan un n\u00famero alt\u00edsimo por su ficha: fue cotizado en U$S8.000.000.<\/p>\n\n\n\n<figure class=\"wp-block-image\" id=\"1842814-Libre-534906458_wrap\"><img decoding=\"async\" src=\"https:\/\/media.mdzol.com\/p\/ac640fd0db06d0a45a7a37f0479ade2f\/adjuntos\/373\/imagenes\/001\/837\/0001837153\/760x0\/smart\/sebastian-villa-independiente-rivadavia.jpeg\" alt=\"Villa no seguir\u00e1 en Mendoza y River pregunt\u00f3 condiciones por su pase.\" title=\"Villa no seguir\u00e1 en Mendoza y River pregunt\u00f3 condiciones por su pase.\"\/><figcaption class=\"wp-element-caption\">Villa no seguir\u00e1 en Mendoza y River pregunt\u00f3 condiciones por su pase.<\/figcaption><\/figure>\n\n\n\n<h2 class=\"wp-block-heading\">\u00bfHay chances de que el ex Boca juegue en el Millonario?<\/h2>\n\n\n\n<p>M\u00e1s all\u00e1 de eso, Balcarce aclar\u00f3 que se trat\u00f3 de un sondeo y que en el club descartan un posible arribo de&nbsp;<strong>Villa<\/strong>&nbsp;al equipo de Gallardo. \u00abEn&nbsp;<strong>River<\/strong>&nbsp;aseguran que no va a llegar al club, y pienso lo mismo. Dicho eso, sostengo que la situaci\u00f3n de \u00e9l se averigu\u00f3\u00bb, sentenci\u00f3 en el posteo publicado en su cuenta de X, que gener\u00f3 mucho revuelo y versiones cruzadas.<\/p>\n\n\n\n<p>Con contrato hasta junio de 2026, es un hecho que el colombiano dar\u00e1 un nuevo salto en su carrera, aunque, pese a las averiguaciones, todo indica que no ser\u00e1 al Millonario. No obstante, y por m\u00e1s ut\u00f3pica que parezca esta chance, el mercado ya demostr\u00f3 que siempre trae con sorpresas.<\/p>\n","protected":false},"excerpt":{"rendered":"<p>Este viernes, una noticia bomba sacudi\u00f3 el mundo\u00a0River. En la semana en la que Marcelo Gallardo comenz\u00f3 con la limpieza del plantel y le comunic\u00f3 a varios jugadores -entre ellos, a cuatro h\u00e9roes de Madrid- que\u00a0no ser\u00e1n tenidos en cuenta de cara al pr\u00f3ximo a\u00f1o, en los pasillos del Monumental empez\u00f3 a sonar fuerte el<a class=\"read-more\" href=\"https:\/\/elfederalmendoza.com.ar\/index.php\/2025\/11\/29\/bombazo-river-pregunto-condiciones-por-sebastian-villa-cuanto-pide-independiente-rivadavia\/\"> [&hellip;]<\/a><\/p>\n","protected":false},"author":2,"featured_media":33300,"comment_status":"open","ping_status":"open","sticky":false,"template":"","format":"standard","meta":{"footnotes":""},"categories":[5620],"tags":[],"class_list":["post-35265","post","type-post","status-publish","format-standard","has-post-thumbnail","hentry","category-deportes"],"rttpg_featured_image_url":{"full":["https:\/\/elfederalmendoza.com.ar\/wp-content\/uploads\/2024\/07\/villa1.jpg",1115,882,false],"landscape":["https:\/\/elfederalmendoza.com.ar\/wp-content\/uploads\/2024\/07\/villa1.jpg",1115,882,false],"portraits":["https:\/\/elfederalmendoza.com.ar\/wp-content\/uploads\/2024\/07\/villa1.jpg",1115,882,false],"thumbnail":["https:\/\/elfederalmendoza.com.ar\/wp-content\/uploads\/2024\/07\/villa1-150x150.jpg",150,150,true],"medium":["https:\/\/elfederalmendoza.com.ar\/wp-content\/uploads\/2024\/07\/villa1-300x237.jpg",300,237,true],"large":["https:\/\/elfederalmendoza.com.ar\/wp-content\/uploads\/2024\/07\/villa1-1024x810.jpg",640,506,true],"1536x1536":["https:\/\/elfederalmendoza.com.ar\/wp-content\/uploads\/2024\/07\/villa1.jpg",1115,882,false],"2048x2048":["https:\/\/elfederalmendoza.com.ar\/wp-content\/uploads\/2024\/07\/villa1.jpg",1115,882,false],"ultp_layout_landscape_large":["https:\/\/elfederalmendoza.com.ar\/wp-content\/uploads\/2024\/07\/villa1-1115x800.jpg",1115,800,true],"ultp_layout_landscape":["https:\/\/elfederalmendoza.com.ar\/wp-content\/uploads\/2024\/07\/villa1-870x570.jpg",870,570,true],"ultp_layout_portrait":["https:\/\/elfederalmendoza.com.ar\/wp-content\/uploads\/2024\/07\/villa1-600x882.jpg",600,882,true],"ultp_layout_square":["https:\/\/elfederalmendoza.com.ar\/wp-content\/uploads\/2024\/07\/villa1-600x600.jpg",600,600,true],"rpwe-thumbnail":["https:\/\/elfederalmendoza.com.ar\/wp-content\/uploads\/2024\/07\/villa1-45x45.jpg",45,45,true],"advps-thumb-one":["https:\/\/elfederalmendoza.com.ar\/wp-content\/uploads\/2024\/07\/villa1-1115x420.jpg",1115,420,true]},"rttpg_author":{"display_name":"Redacci\u00f3n El Federal","author_link":"https:\/\/elfederalmendoza.com.ar\/index.php\/author\/angelflores\/"},"rttpg_comment":0,"rttpg_category":"<a href=\"https:\/\/elfederalmendoza.com.ar\/index.php\/category\/deportes\/\" rel=\"category tag\">Deportes<\/a>","rttpg_excerpt":"Este viernes, una noticia bomba sacudi\u00f3 el mundo\u00a0River. En la semana en la que Marcelo Gallardo comenz\u00f3 con la limpieza del plantel y le comunic\u00f3 a varios jugadores -entre ellos, a cuatro h\u00e9roes de Madrid- que\u00a0no ser\u00e1n tenidos en cuenta de cara al pr\u00f3ximo a\u00f1o, en los pasillos del Monumental empez\u00f3 a sonar fuerte el&hellip;","_links":{"self":[{"href":"https:\/\/elfederalmendoza.com.ar\/index.php\/wp-json\/wp\/v2\/posts\/35265","targetHints":{"allow":["GET"]}}],"collection":[{"href":"https:\/\/elfederalmendoza.com.ar\/index.php\/wp-json\/wp\/v2\/posts"}],"about":[{"href":"https:\/\/elfederalmendoza.com.ar\/index.php\/wp-json\/wp\/v2\/types\/post"}],"author":[{"embeddable":true,"href":"https:\/\/elfederalmendoza.com.ar\/index.php\/wp-json\/wp\/v2\/users\/2"}],"replies":[{"embeddable":true,"href":"https:\/\/elfederalmendoza.com.ar\/index.php\/wp-json\/wp\/v2\/comments?post=35265"}],"version-history":[{"count":1,"href":"https:\/\/elfederalmendoza.com.ar\/index.php\/wp-json\/wp\/v2\/posts\/35265\/revisions"}],"predecessor-version":[{"id":35266,"href":"https:\/\/elfederalmendoza.com.ar\/index.php\/wp-json\/wp\/v2\/posts\/35265\/revisions\/35266"}],"wp:featuredmedia":[{"embeddable":true,"href":"https:\/\/elfederalmendoza.com.ar\/index.php\/wp-json\/wp\/v2\/media\/33300"}],"wp:attachment":[{"href":"https:\/\/elfederalmendoza.com.ar\/index.php\/wp-json\/wp\/v2\/media?parent=35265"}],"wp:term":[{"taxonomy":"category","embeddable":true,"href":"https:\/\/elfederalmendoza.com.ar\/index.php\/wp-json\/wp\/v2\/categories?post=35265"},{"taxonomy":"post_tag","embeddable":true,"href":"https:\/\/elfederalmendoza.com.ar\/index.php\/wp-json\/wp\/v2\/tags?post=35265"}],"curies":[{"name":"wp","href":"https:\/\/api.w.org\/{rel}","templated":true}]}}