{"id":35270,"date":"2025-12-01T07:23:19","date_gmt":"2025-12-01T10:23:19","guid":{"rendered":"https:\/\/elfederalmendoza.com.ar\/?p=35270"},"modified":"2025-12-01T07:23:20","modified_gmt":"2025-12-01T10:23:20","slug":"furor-por-los-fardos-de-ropa-importada-indumentaria-seminueva-por-kilo-a-8-000-por-prenda","status":"publish","type":"post","link":"https:\/\/elfederalmendoza.com.ar\/index.php\/2025\/12\/01\/furor-por-los-fardos-de-ropa-importada-indumentaria-seminueva-por-kilo-a-8-000-por-prenda\/","title":{"rendered":"Furor por los fardos de ropa importada: indumentaria seminueva por kilo a $8.000 por prenda"},"content":{"rendered":"\n<p>La pol\u00edtica de importaciones a bajo costo dispar\u00f3 un boom comercial en ferias y redes sociales. Los precios.<\/p>\n\n\n\n<p>La pol\u00edtica de apertura a las importaciones con aranceles reducidos, impulsada por el Gobierno, gener\u00f3 en los \u00faltimos meses un fen\u00f3meno comercial in\u00e9dito. Se trata del auge de los fardos de\u00a0ropa\u00a0importada, abastecidos principalmente por plataformas chinas como<strong>\u00a0Shein, Temu y AliExpress<\/strong>.<\/p>\n\n\n\n<p>El negocio de los fardos se basa en<strong> indumentaria seminueva o con fallas menores<\/strong> que se vende por peso y se comercializa, en su mayor\u00eda, en ferias. Adem\u00e1s estos productos circulan masivamente por redes sociales y transmisiones en vivo en TikTok.<\/p>\n\n\n\n<p><strong>Los precios explican el furor<\/strong>:<\/p>\n\n\n\n<ul class=\"wp-block-list\">\n<li><strong>Fardo de 20 kg (80-100 prendas):<\/strong>\u00a0alrededor de $800.000.<\/li>\n\n\n\n<li><strong>Fardo Shein:<\/strong>\u00a050 prendas por $400.000, con un costo por unidad cercano a los $8.000, muy por debajo de cualquier\u00a0producci\u00f3n nacional.<\/li>\n<\/ul>\n\n\n\n<p><\/p>\n\n\n\n<p>La expansi\u00f3n del mercado de fardos se aceler\u00f3 tras la decisi\u00f3n del Gobierno, en marzo de 2025, de reducir los aranceles: del&nbsp;<strong>35% al 20%<\/strong>&nbsp;para indumentaria y calzado, y del&nbsp;<strong>26% al 18%<\/strong>&nbsp;para telas. La medida apuntaba a fomentar la competencia y combatir los altos precios locales.<\/p>\n\n\n\n<p>Estudios previos hab\u00edan evidenciado un marcado atraso competitivo: una remera de una marca internacional pod\u00eda costar en Argentina hasta&nbsp;<strong>310% m\u00e1s que en Espa\u00f1a<\/strong>&nbsp;y&nbsp;<strong>95% m\u00e1s que en Brasil<\/strong>. Con esa brecha, la llegada de productos importados a valores mucho m\u00e1s accesibles encontr\u00f3 terreno f\u00e9rtil.<\/p>\n","protected":false},"excerpt":{"rendered":"<p>La pol\u00edtica de importaciones a bajo costo dispar\u00f3 un boom comercial en ferias y redes sociales. Los precios. La pol\u00edtica de apertura a las importaciones con aranceles reducidos, impulsada por el Gobierno, gener\u00f3 en los \u00faltimos meses un fen\u00f3meno comercial in\u00e9dito. Se trata del auge de los fardos de\u00a0ropa\u00a0importada, abastecidos principalmente por plataformas chinas como\u00a0Shein,<a class=\"read-more\" href=\"https:\/\/elfederalmendoza.com.ar\/index.php\/2025\/12\/01\/furor-por-los-fardos-de-ropa-importada-indumentaria-seminueva-por-kilo-a-8-000-por-prenda\/\"> [&hellip;]<\/a><\/p>\n","protected":false},"author":2,"featured_media":35271,"comment_status":"open","ping_status":"open","sticky":false,"template":"","format":"standard","meta":{"footnotes":""},"categories":[5618],"tags":[],"class_list":["post-35270","post","type-post","status-publish","format-standard","has-post-thumbnail","hentry","category-arg"],"rttpg_featured_image_url":{"full":["https:\/\/elfederalmendoza.com.ar\/wp-content\/uploads\/2025\/12\/fardo.jpg",1427,785,false],"landscape":["https:\/\/elfederalmendoza.com.ar\/wp-content\/uploads\/2025\/12\/fardo.jpg",1427,785,false],"portraits":["https:\/\/elfederalmendoza.com.ar\/wp-content\/uploads\/2025\/12\/fardo.jpg",1427,785,false],"thumbnail":["https:\/\/elfederalmendoza.com.ar\/wp-content\/uploads\/2025\/12\/fardo-150x150.jpg",150,150,true],"medium":["https:\/\/elfederalmendoza.com.ar\/wp-content\/uploads\/2025\/12\/fardo-300x165.jpg",300,165,true],"large":["https:\/\/elfederalmendoza.com.ar\/wp-content\/uploads\/2025\/12\/fardo-1024x563.jpg",640,352,true],"1536x1536":["https:\/\/elfederalmendoza.com.ar\/wp-content\/uploads\/2025\/12\/fardo.jpg",1427,785,false],"2048x2048":["https:\/\/elfederalmendoza.com.ar\/wp-content\/uploads\/2025\/12\/fardo.jpg",1427,785,false],"ultp_layout_landscape_large":["https:\/\/elfederalmendoza.com.ar\/wp-content\/uploads\/2025\/12\/fardo-1200x785.jpg",1200,785,true],"ultp_layout_landscape":["https:\/\/elfederalmendoza.com.ar\/wp-content\/uploads\/2025\/12\/fardo-870x570.jpg",870,570,true],"ultp_layout_portrait":["https:\/\/elfederalmendoza.com.ar\/wp-content\/uploads\/2025\/12\/fardo-600x785.jpg",600,785,true],"ultp_layout_square":["https:\/\/elfederalmendoza.com.ar\/wp-content\/uploads\/2025\/12\/fardo-600x600.jpg",600,600,true],"rpwe-thumbnail":["https:\/\/elfederalmendoza.com.ar\/wp-content\/uploads\/2025\/12\/fardo-45x45.jpg",45,45,true],"advps-thumb-one":["https:\/\/elfederalmendoza.com.ar\/wp-content\/uploads\/2025\/12\/fardo-1200x420.jpg",1200,420,true]},"rttpg_author":{"display_name":"Redacci\u00f3n El Federal","author_link":"https:\/\/elfederalmendoza.com.ar\/index.php\/author\/angelflores\/"},"rttpg_comment":1,"rttpg_category":"<a href=\"https:\/\/elfederalmendoza.com.ar\/index.php\/category\/arg\/\" rel=\"category tag\">Argentina<\/a>","rttpg_excerpt":"La pol\u00edtica de importaciones a bajo costo dispar\u00f3 un boom comercial en ferias y redes sociales. Los precios. La pol\u00edtica de apertura a las importaciones con aranceles reducidos, impulsada por el Gobierno, gener\u00f3 en los \u00faltimos meses un fen\u00f3meno comercial in\u00e9dito. Se trata del auge de los fardos de\u00a0ropa\u00a0importada, abastecidos principalmente por plataformas chinas como\u00a0Shein,&hellip;","_links":{"self":[{"href":"https:\/\/elfederalmendoza.com.ar\/index.php\/wp-json\/wp\/v2\/posts\/35270","targetHints":{"allow":["GET"]}}],"collection":[{"href":"https:\/\/elfederalmendoza.com.ar\/index.php\/wp-json\/wp\/v2\/posts"}],"about":[{"href":"https:\/\/elfederalmendoza.com.ar\/index.php\/wp-json\/wp\/v2\/types\/post"}],"author":[{"embeddable":true,"href":"https:\/\/elfederalmendoza.com.ar\/index.php\/wp-json\/wp\/v2\/users\/2"}],"replies":[{"embeddable":true,"href":"https:\/\/elfederalmendoza.com.ar\/index.php\/wp-json\/wp\/v2\/comments?post=35270"}],"version-history":[{"count":1,"href":"https:\/\/elfederalmendoza.com.ar\/index.php\/wp-json\/wp\/v2\/posts\/35270\/revisions"}],"predecessor-version":[{"id":35272,"href":"https:\/\/elfederalmendoza.com.ar\/index.php\/wp-json\/wp\/v2\/posts\/35270\/revisions\/35272"}],"wp:featuredmedia":[{"embeddable":true,"href":"https:\/\/elfederalmendoza.com.ar\/index.php\/wp-json\/wp\/v2\/media\/35271"}],"wp:attachment":[{"href":"https:\/\/elfederalmendoza.com.ar\/index.php\/wp-json\/wp\/v2\/media?parent=35270"}],"wp:term":[{"taxonomy":"category","embeddable":true,"href":"https:\/\/elfederalmendoza.com.ar\/index.php\/wp-json\/wp\/v2\/categories?post=35270"},{"taxonomy":"post_tag","embeddable":true,"href":"https:\/\/elfederalmendoza.com.ar\/index.php\/wp-json\/wp\/v2\/tags?post=35270"}],"curies":[{"name":"wp","href":"https:\/\/api.w.org\/{rel}","templated":true}]}}