{"id":35276,"date":"2025-12-02T05:59:43","date_gmt":"2025-12-02T08:59:43","guid":{"rendered":"https:\/\/elfederalmendoza.com.ar\/?p=35276"},"modified":"2025-12-02T05:59:44","modified_gmt":"2025-12-02T08:59:44","slug":"nuevo-codigo-penal-el-82-de-las-condenas-por-delitos-seran-con-prision-efectiva","status":"publish","type":"post","link":"https:\/\/elfederalmendoza.com.ar\/index.php\/2025\/12\/02\/nuevo-codigo-penal-el-82-de-las-condenas-por-delitos-seran-con-prision-efectiva\/","title":{"rendered":"Nuevo C\u00f3digo Penal: el 82% de las condenas por delitos ser\u00e1n con prisi\u00f3n efectiva"},"content":{"rendered":"\n<p>Este lunes, en una\u00a0conferencia de prensa en la Casa Rosada,<strong>\u00a0Patricia Bullrich\u00a0y Manuel Adorni\u00a0<\/strong>dieron a conocer\u00a0los detalles de la\u00a0<strong>nueva reforma del C\u00f3digo Penal\u00a0<\/strong>que enviar\u00e1n al Congreso para que se trate en sesiones extraordinarias.<\/p>\n\n\n\n<h2 class=\"wp-block-heading\"><strong>El nuevo C\u00f3digo Penal que enviar\u00e1n al Congreso: los detalles<\/strong><\/h2>\n\n\n\n<p>Las&nbsp;<strong>condenas a perpetua no tendr\u00e1n un l\u00edmite temporal. De esta forma, la sentencia perpetua ser\u00e1 \u201cpara toda la vida\u201d.&nbsp;<\/strong>Adem\u00e1s, la senadora anunci\u00f3 que,entre los cambios propuestos, los delitos graves como&nbsp;<strong>homicidio agravado, abuso sexual ser\u00e1n imprescriptibles y de cumplimiento efectivo<\/strong>.<\/p>\n\n\n\n<figure class=\"wp-block-image\"><img decoding=\"async\" src=\"https:\/\/radiomitre.cienradios.com\/resizer\/v2\/OXYOUKXQUNFD5EDLJN2KB7FA7Q.jpg?auth=a73d0d0dd7b3575a590c796de4011081ad777692c29f39a56ee1095c44dd0722&amp;width=800&amp;height=400\" alt=\"Uno por uno, cu\u00e1les son los cambios que impulsa el Gobierno con el nuevo C\u00f3digo Penal\"\/><figcaption class=\"wp-element-caption\"><strong>Uno por uno, cu\u00e1les son los cambios que impulsa el Gobierno con el nuevo C\u00f3digo Penal<\/strong><\/figcaption><\/figure>\n\n\n\n<p>Luego, el vocero presidencial afirm\u00f3 que \u201cla reforma del C\u00f3digo Penal prev\u00e9 un&nbsp;<strong>castigo mayor para los pol\u00edticos que delinquen en la funci\u00f3n p\u00fablica<\/strong>.\u00bb Y sigui\u00f3: \u201cSu condena contemplar\u00e1 la p\u00e9rdida de su jubilaci\u00f3n de privilegio. Si reciben una condena como De Vido o Cristina Kirchner,&nbsp;<strong>no podr\u00e1n percibir su pensi\u00f3n de privilegio\u201d<\/strong>.<\/p>\n\n\n\n<p>La iniciativa busca endurecer las penas y asegurar la&nbsp;<strong>efectividad del cumplimiento en un 82%&nbsp;<\/strong>con prisi\u00f3n efectiva. Este nuevo C\u00f3digo Penal implementar\u00e1 el&nbsp;<strong>Sistema Acusatorio<\/strong>&nbsp;y la&nbsp;<strong>baja de la edad de imputabilidad.&nbsp;<\/strong>Por otro lado, en caso de leg\u00edtima defensa, la nueva reforma busca que la presunci\u00f3n est\u00e9 del lado de quien la ejerci\u00f3. Otro de los cambios&nbsp;<strong>cuenta con aumentar las penas de hasta 6 a\u00f1os de prisi\u00f3n por \u201cconducta imprudente\u201d.<\/strong><\/p>\n\n\n\n<h2 class=\"wp-block-heading\"><strong>Patricia Bullrich asegur\u00f3 que avanzan las negociaciones para que Nahuel Gallo vuelva a Argentina<\/strong><\/h2>\n\n\n\n<p>A casi un a\u00f1o de la detenci\u00f3n del gendarme argentino en Venezuela bajo el r\u00e9gimen de Nicol\u00e1s Maduro, Patricia Bullrich brind\u00f3 un mensaje de esperanza sobre su situaci\u00f3n procesal:&nbsp;<strong>\u201cNo podemos dar detalles, pero lo vamos a traer\u201d<\/strong>, afirm\u00f3 la saliente ministra de Seguridad, quien asumir\u00e1 como senadora nacional el pr\u00f3ximo 10 de diciembre.<\/p>\n\n\n\n<p>La funcionaria realiz\u00f3 estas declaraciones en el marco de una pregunta sobre si las negociaciones encabezadas por el presidente de Estados Unidos y Nicol\u00e1s Maduro podr\u00edan beneficiar la liberaci\u00f3n de Nahuel Gallo.<strong>&nbsp;\u201cSe va a cumplir un a\u00f1o ahora el 8 y nosotros no hemos dejado un solo d\u00eda de trabajar para ver c\u00f3mo podemos traer a Nahuel\u201d<\/strong>, asegur\u00f3 Patricia Bullrich.<\/p>\n\n\n\n<p>La debutante senadora nacional realiz\u00f3 una conferencia de presentaci\u00f3n de la reforma del C\u00f3digo Penal impulsada por el Gobierno, que&nbsp;<strong>prev\u00e9 penas m\u00e1s duras para los criminales, que las condenas de prisi\u00f3n perpetua se cumplan de por vida de forma efectiva<\/strong>&nbsp;y que los delitos graves no prescriban, entre algunas de sus medidas.<\/p>\n","protected":false},"excerpt":{"rendered":"<p>Este lunes, en una\u00a0conferencia de prensa en la Casa Rosada,\u00a0Patricia Bullrich\u00a0y Manuel Adorni\u00a0dieron a conocer\u00a0los detalles de la\u00a0nueva reforma del C\u00f3digo Penal\u00a0que enviar\u00e1n al Congreso para que se trate en sesiones extraordinarias. El nuevo C\u00f3digo Penal que enviar\u00e1n al Congreso: los detalles Las&nbsp;condenas a perpetua no tendr\u00e1n un l\u00edmite temporal. De esta forma, la sentencia<a class=\"read-more\" href=\"https:\/\/elfederalmendoza.com.ar\/index.php\/2025\/12\/02\/nuevo-codigo-penal-el-82-de-las-condenas-por-delitos-seran-con-prision-efectiva\/\"> [&hellip;]<\/a><\/p>\n","protected":false},"author":2,"featured_media":28782,"comment_status":"open","ping_status":"open","sticky":false,"template":"","format":"standard","meta":{"footnotes":""},"categories":[5618],"tags":[],"class_list":["post-35276","post","type-post","status-publish","format-standard","has-post-thumbnail","hentry","category-arg"],"rttpg_featured_image_url":{"full":["https:\/\/elfederalmendoza.com.ar\/wp-content\/uploads\/2023\/10\/MILEI-BULLRICH1.jpg",962,587,false],"landscape":["https:\/\/elfederalmendoza.com.ar\/wp-content\/uploads\/2023\/10\/MILEI-BULLRICH1.jpg",962,587,false],"portraits":["https:\/\/elfederalmendoza.com.ar\/wp-content\/uploads\/2023\/10\/MILEI-BULLRICH1.jpg",962,587,false],"thumbnail":["https:\/\/elfederalmendoza.com.ar\/wp-content\/uploads\/2023\/10\/MILEI-BULLRICH1-150x150.jpg",150,150,true],"medium":["https:\/\/elfederalmendoza.com.ar\/wp-content\/uploads\/2023\/10\/MILEI-BULLRICH1-300x183.jpg",300,183,true],"large":["https:\/\/elfederalmendoza.com.ar\/wp-content\/uploads\/2023\/10\/MILEI-BULLRICH1.jpg",640,391,false],"1536x1536":["https:\/\/elfederalmendoza.com.ar\/wp-content\/uploads\/2023\/10\/MILEI-BULLRICH1.jpg",962,587,false],"2048x2048":["https:\/\/elfederalmendoza.com.ar\/wp-content\/uploads\/2023\/10\/MILEI-BULLRICH1.jpg",962,587,false],"ultp_layout_landscape_large":["https:\/\/elfederalmendoza.com.ar\/wp-content\/uploads\/2023\/10\/MILEI-BULLRICH1.jpg",962,587,false],"ultp_layout_landscape":["https:\/\/elfederalmendoza.com.ar\/wp-content\/uploads\/2023\/10\/MILEI-BULLRICH1-870x570.jpg",870,570,true],"ultp_layout_portrait":["https:\/\/elfederalmendoza.com.ar\/wp-content\/uploads\/2023\/10\/MILEI-BULLRICH1-600x587.jpg",600,587,true],"ultp_layout_square":["https:\/\/elfederalmendoza.com.ar\/wp-content\/uploads\/2023\/10\/MILEI-BULLRICH1-600x587.jpg",600,587,true],"rpwe-thumbnail":["https:\/\/elfederalmendoza.com.ar\/wp-content\/uploads\/2023\/10\/MILEI-BULLRICH1-45x45.jpg",45,45,true],"advps-thumb-one":["https:\/\/elfederalmendoza.com.ar\/wp-content\/uploads\/2023\/10\/MILEI-BULLRICH1-962x420.jpg",962,420,true]},"rttpg_author":{"display_name":"Redacci\u00f3n El Federal","author_link":"https:\/\/elfederalmendoza.com.ar\/index.php\/author\/angelflores\/"},"rttpg_comment":0,"rttpg_category":"<a href=\"https:\/\/elfederalmendoza.com.ar\/index.php\/category\/arg\/\" rel=\"category tag\">Argentina<\/a>","rttpg_excerpt":"Este lunes, en una\u00a0conferencia de prensa en la Casa Rosada,\u00a0Patricia Bullrich\u00a0y Manuel Adorni\u00a0dieron a conocer\u00a0los detalles de la\u00a0nueva reforma del C\u00f3digo Penal\u00a0que enviar\u00e1n al Congreso para que se trate en sesiones extraordinarias. El nuevo C\u00f3digo Penal que enviar\u00e1n al Congreso: los detalles Las&nbsp;condenas a perpetua no tendr\u00e1n un l\u00edmite temporal. De esta forma, la sentencia&hellip;","_links":{"self":[{"href":"https:\/\/elfederalmendoza.com.ar\/index.php\/wp-json\/wp\/v2\/posts\/35276","targetHints":{"allow":["GET"]}}],"collection":[{"href":"https:\/\/elfederalmendoza.com.ar\/index.php\/wp-json\/wp\/v2\/posts"}],"about":[{"href":"https:\/\/elfederalmendoza.com.ar\/index.php\/wp-json\/wp\/v2\/types\/post"}],"author":[{"embeddable":true,"href":"https:\/\/elfederalmendoza.com.ar\/index.php\/wp-json\/wp\/v2\/users\/2"}],"replies":[{"embeddable":true,"href":"https:\/\/elfederalmendoza.com.ar\/index.php\/wp-json\/wp\/v2\/comments?post=35276"}],"version-history":[{"count":1,"href":"https:\/\/elfederalmendoza.com.ar\/index.php\/wp-json\/wp\/v2\/posts\/35276\/revisions"}],"predecessor-version":[{"id":35277,"href":"https:\/\/elfederalmendoza.com.ar\/index.php\/wp-json\/wp\/v2\/posts\/35276\/revisions\/35277"}],"wp:featuredmedia":[{"embeddable":true,"href":"https:\/\/elfederalmendoza.com.ar\/index.php\/wp-json\/wp\/v2\/media\/28782"}],"wp:attachment":[{"href":"https:\/\/elfederalmendoza.com.ar\/index.php\/wp-json\/wp\/v2\/media?parent=35276"}],"wp:term":[{"taxonomy":"category","embeddable":true,"href":"https:\/\/elfederalmendoza.com.ar\/index.php\/wp-json\/wp\/v2\/categories?post=35276"},{"taxonomy":"post_tag","embeddable":true,"href":"https:\/\/elfederalmendoza.com.ar\/index.php\/wp-json\/wp\/v2\/tags?post=35276"}],"curies":[{"name":"wp","href":"https:\/\/api.w.org\/{rel}","templated":true}]}}