{"id":35278,"date":"2025-12-02T08:00:46","date_gmt":"2025-12-02T11:00:46","guid":{"rendered":"https:\/\/elfederalmendoza.com.ar\/?p=35278"},"modified":"2025-12-02T08:00:48","modified_gmt":"2025-12-02T11:00:48","slug":"gracias-al-superavit-aerolineas-argentinas-anuncio-la-incorporacion-de-18-aeronaves-con-fondos-propios","status":"publish","type":"post","link":"https:\/\/elfederalmendoza.com.ar\/index.php\/2025\/12\/02\/gracias-al-superavit-aerolineas-argentinas-anuncio-la-incorporacion-de-18-aeronaves-con-fondos-propios\/","title":{"rendered":"Gracias al super\u00e1vit, Aerol\u00edneas Argentinas anunci\u00f3 la incorporaci\u00f3n de 18 aeronaves con fondos propios"},"content":{"rendered":"\n<p>Por primera vez desde su reestatizaci\u00f3n, la empresa podr\u00e1 financiar \u00edntegramente estas mejoras sin aportes del Estado.<\/p>\n\n\n\n<p>Gracias al super\u00e1vit generado por el Gobierno de\u00a0<strong>Javier Milei<\/strong>,\u00a0<strong>Aerol\u00edneas Argentinas<\/strong>\u00a0confirm\u00f3 un ambicioso plan de incorporaci\u00f3n de\u00a0<strong>18 nuevas aeronaves<\/strong>\u00a0junto con una inversi\u00f3n de\u00a0<strong>65 millones de d\u00f3lares<\/strong>\u00a0destinada a modernizar cabinas, interiores y servicios a bordo.<\/p>\n\n\n\n<p>El dato m\u00e1s relevante del anuncio es que,\u00a0<strong>por primera vez desde su reestatizaci\u00f3n<\/strong>, la empresa estatal podr\u00e1\u00a0<strong>financiar \u00edntegramente estas mejoras con recursos propios<\/strong>, sin recurrir a\u00a0<strong>aportes del Estado<\/strong>. Esta situaci\u00f3n es posible gracias al equilibrio financiero alcanzado durante la gesti\u00f3n del\u00a0presidente Milei, que resolvi\u00f3 los problemas financieros de la compa\u00f1\u00eda\u00a0luego de d\u00e9cadas de\u00a0<strong>d\u00e9ficit<\/strong>.<\/p>\n\n\n\n<p>La ampliaci\u00f3n de la flota no se realizar\u00e1 mediante compras directas, sino a trav\u00e9s del modelo de leasing operativo con empresas internacionales (Lessors), que proveen aeronaves bajo contratos de alquiler de entre 10 y 20 a\u00f1os.<\/p>\n\n\n\n<p>Esta modalidad permite acelerar los plazos y evitar el enorme desembolso inicial que supone la compra de un avi\u00f3n, cuyo costo base puede rondar los USD\u00a0250 millones. Seg\u00fan valores de mercado, cada aeronave implica entre USD\u00a0800.000 y USD\u00a01,5 millones mensuales en alquiler, seg\u00fan el modelo elegido.<\/p>\n\n\n\n<p>El plan de expansi\u00f3n contempla la llegada de cuatro Airbus A330neo destinados a las rutas de largo alcance y catorce Boeing MAX en sus variantes 8, 9 y 10. El Directorio de la aerol\u00ednea ya inici\u00f3 el proceso de aprobaci\u00f3n para los cuatro Airbus y dos Boeing MAX8, mientras que la gesti\u00f3n del resto de las aeronaves se desarrollar\u00e1 en una segunda etapa. El cronograma proyecta que los primeros aviones lleguen a fines de 2026 y que la modernizaci\u00f3n completa se concrete entre 2027 y 2029.<\/p>\n\n\n\n<p>La inversi\u00f3n de\u00a0<strong>USD\u00a065 millones<\/strong>\u00a0incluye, adem\u00e1s, la remodelaci\u00f3n de interiores de aviones actuales, la actualizaci\u00f3n de asientos y la instalaci\u00f3n de sistemas de conectividad a bordo de \u00faltima generaci\u00f3n, con el objetivo de mejorar la experiencia de los pasajeros y alinear a la compa\u00f1\u00eda con est\u00e1ndares internacionales.<\/p>\n\n\n\n<p><img decoding=\"async\" src=\"https:\/\/derechadiario.com.ar\/filesedc\/uploads\/image\/post\/2025\/11\/539231_1200_800.webp\" alt=\"Avi\u00f3n de Aerol\u00edneas Argentinas volando sobre las nubes en un cielo despejado\"><\/p>\n\n\n\n<p>El presidente y CEO de Aerol\u00edneas,&nbsp;<strong>Fabi\u00e1n Lombardo<\/strong>, destac\u00f3 la importancia del momento que atraviesa la empresa. Seg\u00fan afirm\u00f3, este proceso confirma la transformaci\u00f3n de Aerol\u00edneas Argentinas en \u201c<strong>una compa\u00f1\u00eda con capacidad de inversi\u00f3n y proyecci\u00f3n con recursos propios<\/strong>\u201d.<\/p>\n\n\n\n<p>En 2024, la empresa logr\u00f3 un resultado operativo positivo de&nbsp;<strong>USD&nbsp;56,6 millones<\/strong>&nbsp;y espera&nbsp;<strong>duplicarlo en 2025<\/strong>, a\u00f1o en el que prev\u00e9 no requerir ning\u00fan aporte del Estado por&nbsp;<strong>primera vez desde su reestatizaci\u00f3n<\/strong>.<\/p>\n\n\n\n<p>La mejora financiera no es un hecho aislado: forma parte de una pol\u00edtica m\u00e1s amplia implementada por el gobierno de Javier Milei para&nbsp;<strong>reducir el d\u00e9ficit del sector p\u00fablico<\/strong>&nbsp;y exigir equilibrio fiscal en todas las empresas estatales.<\/p>\n","protected":false},"excerpt":{"rendered":"<p>Por primera vez desde su reestatizaci\u00f3n, la empresa podr\u00e1 financiar \u00edntegramente estas mejoras sin aportes del Estado. Gracias al super\u00e1vit generado por el Gobierno de\u00a0Javier Milei,\u00a0Aerol\u00edneas Argentinas\u00a0confirm\u00f3 un ambicioso plan de incorporaci\u00f3n de\u00a018 nuevas aeronaves\u00a0junto con una inversi\u00f3n de\u00a065 millones de d\u00f3lares\u00a0destinada a modernizar cabinas, interiores y servicios a bordo. El dato m\u00e1s relevante del<a class=\"read-more\" href=\"https:\/\/elfederalmendoza.com.ar\/index.php\/2025\/12\/02\/gracias-al-superavit-aerolineas-argentinas-anuncio-la-incorporacion-de-18-aeronaves-con-fondos-propios\/\"> [&hellip;]<\/a><\/p>\n","protected":false},"author":2,"featured_media":35279,"comment_status":"open","ping_status":"open","sticky":false,"template":"","format":"standard","meta":{"footnotes":""},"categories":[5618],"tags":[],"class_list":["post-35278","post","type-post","status-publish","format-standard","has-post-thumbnail","hentry","category-arg"],"rttpg_featured_image_url":{"full":["https:\/\/elfederalmendoza.com.ar\/wp-content\/uploads\/2025\/12\/Aerolineas-argentinas.jpeg",1080,600,false],"landscape":["https:\/\/elfederalmendoza.com.ar\/wp-content\/uploads\/2025\/12\/Aerolineas-argentinas.jpeg",1080,600,false],"portraits":["https:\/\/elfederalmendoza.com.ar\/wp-content\/uploads\/2025\/12\/Aerolineas-argentinas.jpeg",1080,600,false],"thumbnail":["https:\/\/elfederalmendoza.com.ar\/wp-content\/uploads\/2025\/12\/Aerolineas-argentinas-150x150.jpeg",150,150,true],"medium":["https:\/\/elfederalmendoza.com.ar\/wp-content\/uploads\/2025\/12\/Aerolineas-argentinas-300x167.jpeg",300,167,true],"large":["https:\/\/elfederalmendoza.com.ar\/wp-content\/uploads\/2025\/12\/Aerolineas-argentinas-1024x569.jpeg",640,356,true],"1536x1536":["https:\/\/elfederalmendoza.com.ar\/wp-content\/uploads\/2025\/12\/Aerolineas-argentinas.jpeg",1080,600,false],"2048x2048":["https:\/\/elfederalmendoza.com.ar\/wp-content\/uploads\/2025\/12\/Aerolineas-argentinas.jpeg",1080,600,false],"ultp_layout_landscape_large":["https:\/\/elfederalmendoza.com.ar\/wp-content\/uploads\/2025\/12\/Aerolineas-argentinas.jpeg",1080,600,false],"ultp_layout_landscape":["https:\/\/elfederalmendoza.com.ar\/wp-content\/uploads\/2025\/12\/Aerolineas-argentinas-870x570.jpeg",870,570,true],"ultp_layout_portrait":["https:\/\/elfederalmendoza.com.ar\/wp-content\/uploads\/2025\/12\/Aerolineas-argentinas-600x600.jpeg",600,600,true],"ultp_layout_square":["https:\/\/elfederalmendoza.com.ar\/wp-content\/uploads\/2025\/12\/Aerolineas-argentinas-600x600.jpeg",600,600,true],"rpwe-thumbnail":["https:\/\/elfederalmendoza.com.ar\/wp-content\/uploads\/2025\/12\/Aerolineas-argentinas-45x45.jpeg",45,45,true],"advps-thumb-one":["https:\/\/elfederalmendoza.com.ar\/wp-content\/uploads\/2025\/12\/Aerolineas-argentinas-1080x420.jpeg",1080,420,true]},"rttpg_author":{"display_name":"Redacci\u00f3n El Federal","author_link":"https:\/\/elfederalmendoza.com.ar\/index.php\/author\/angelflores\/"},"rttpg_comment":0,"rttpg_category":"<a href=\"https:\/\/elfederalmendoza.com.ar\/index.php\/category\/arg\/\" rel=\"category tag\">Argentina<\/a>","rttpg_excerpt":"Por primera vez desde su reestatizaci\u00f3n, la empresa podr\u00e1 financiar \u00edntegramente estas mejoras sin aportes del Estado. Gracias al super\u00e1vit generado por el Gobierno de\u00a0Javier Milei,\u00a0Aerol\u00edneas Argentinas\u00a0confirm\u00f3 un ambicioso plan de incorporaci\u00f3n de\u00a018 nuevas aeronaves\u00a0junto con una inversi\u00f3n de\u00a065 millones de d\u00f3lares\u00a0destinada a modernizar cabinas, interiores y servicios a bordo. El dato m\u00e1s relevante del&hellip;","_links":{"self":[{"href":"https:\/\/elfederalmendoza.com.ar\/index.php\/wp-json\/wp\/v2\/posts\/35278","targetHints":{"allow":["GET"]}}],"collection":[{"href":"https:\/\/elfederalmendoza.com.ar\/index.php\/wp-json\/wp\/v2\/posts"}],"about":[{"href":"https:\/\/elfederalmendoza.com.ar\/index.php\/wp-json\/wp\/v2\/types\/post"}],"author":[{"embeddable":true,"href":"https:\/\/elfederalmendoza.com.ar\/index.php\/wp-json\/wp\/v2\/users\/2"}],"replies":[{"embeddable":true,"href":"https:\/\/elfederalmendoza.com.ar\/index.php\/wp-json\/wp\/v2\/comments?post=35278"}],"version-history":[{"count":1,"href":"https:\/\/elfederalmendoza.com.ar\/index.php\/wp-json\/wp\/v2\/posts\/35278\/revisions"}],"predecessor-version":[{"id":35280,"href":"https:\/\/elfederalmendoza.com.ar\/index.php\/wp-json\/wp\/v2\/posts\/35278\/revisions\/35280"}],"wp:featuredmedia":[{"embeddable":true,"href":"https:\/\/elfederalmendoza.com.ar\/index.php\/wp-json\/wp\/v2\/media\/35279"}],"wp:attachment":[{"href":"https:\/\/elfederalmendoza.com.ar\/index.php\/wp-json\/wp\/v2\/media?parent=35278"}],"wp:term":[{"taxonomy":"category","embeddable":true,"href":"https:\/\/elfederalmendoza.com.ar\/index.php\/wp-json\/wp\/v2\/categories?post=35278"},{"taxonomy":"post_tag","embeddable":true,"href":"https:\/\/elfederalmendoza.com.ar\/index.php\/wp-json\/wp\/v2\/tags?post=35278"}],"curies":[{"name":"wp","href":"https:\/\/api.w.org\/{rel}","templated":true}]}}