{"id":35281,"date":"2025-12-02T09:33:18","date_gmt":"2025-12-02T12:33:18","guid":{"rendered":"https:\/\/elfederalmendoza.com.ar\/?p=35281"},"modified":"2025-12-02T09:33:19","modified_gmt":"2025-12-02T12:33:19","slug":"otro-colegio-de-mendoza-prohibe-el-uso-de-celulares-para-el-2026-las-chicas-usan-redes-los-chicos-apuestas","status":"publish","type":"post","link":"https:\/\/elfederalmendoza.com.ar\/index.php\/2025\/12\/02\/otro-colegio-de-mendoza-prohibe-el-uso-de-celulares-para-el-2026-las-chicas-usan-redes-los-chicos-apuestas\/","title":{"rendered":"Otro colegio de Mendoza prohibe el uso de celulares para el 2026: \u00abLas chicas usan redes, los chicos apuestas\u00bb"},"content":{"rendered":"\n<p>El\u00a0Colegio San Nicol\u00e1s, ubicado en Chacras de Coria (Luj\u00e1n de Cuyo), anunci\u00f3 que desde el ciclo lectivo 2026\u00a0<strong>quedar\u00e1 prohibido el uso de tel\u00e9fonos celulares<\/strong>\u00a0durante toda la permanencia de los estudiantes en el establecimiento.<\/p>\n\n\n\n<p>La decisi\u00f3n se formaliz\u00f3 tras un a\u00f1o de prueba y ante la preocupaci\u00f3n por el impacto del uso excesivo de dispositivos en el aprendizaje y la vida social. \u00ab<strong>Las chicas usan mucho las redes sociales y los chicos por su parte, los juegos y apuestas<\/strong>\u00ab, resumi\u00f3 el director\u00a0<strong>Ramiro Pontis\u00a0<\/strong>en el m\u00f3vil del periodista Juli\u00e1n Chabert para<a href=\"https:\/\/www.radiopost.fm\/\" target=\"_blank\" rel=\"noreferrer noopener\">\u00a0Radio Post<\/a>\u00a0<\/p>\n\n\n\n<p>Hasta ahora, el colegio aplicaba un sistema en el que los alumnos dejaban el celular en una caja durante las clases y lo \u00abrecuperaban\u00bb en los recreos. Seg\u00fan Pontis, ese mecanismo alivi\u00f3 la ansiedad, pero no solucion\u00f3 el problema de fondo: \u00ab<strong>El celular sigue provocando mucha ansiedad en los chicos. En el recreo buscan los celulares y reduce la sociabilidad positiva que se puede generar; los ves a todos sentados con el celular<\/strong>\u00ab. Por eso, desde 2026 podr\u00e1n llevarlo, pero \u00abno lo pueden prender dentro de la escuela hasta cuando salgan\u00bb.<\/p>\n\n\n\n<figure class=\"wp-block-image is-resized\"><img decoding=\"async\" src=\"https:\/\/www.mendozapost.com\/files\/image\/687\/687355\/6929b3f3ce57d.png\" alt=\"\" style=\"width:840px;height:auto\"\/><\/figure>\n\n\n\n<p>La decisi\u00f3n surgi\u00f3 despu\u00e9s de diversas charlas con\u00a0<strong>Adri\u00e1n Dall&#8217;Asta<\/strong>, especialista de la Fundaci\u00f3n Padres, quien fue convocado por la instituci\u00f3n para trabajar con familias de alumnos de 11 a 15 a\u00f1os. \u00ab<strong>Esas charlas nos dieron el puntapi\u00e9 definitivo para tomar esta decisi\u00f3n; incluso los adultos nos dimos cuenta del abuso en el uso del celular. No es recomendable pasar m\u00e1s de 3 horas, y en los reportes del d\u00eda todos casi pasamos las 4 horas y media<\/strong>\u00ab, advirti\u00f3 el director.<\/p>\n\n\n\n<p>Pontis sostuvo que la mayor\u00eda de los padres acompa\u00f1\u00f3 la medida al reconocer cambios en la din\u00e1mica familiar y comportamientos cada vez m\u00e1s aislados. \u00ab<strong>Los padres se han dado cuenta de que los chicos interact\u00faan cada vez menos con ellos. Tienen tiempos excesivos pasivos en la casa, sentados en un sill\u00f3n jugando con un tel\u00e9fono. La mayor\u00eda est\u00e1 a favor porque tambi\u00e9n les cuesta enfrentar a los chicos y ponerles l\u00edmites<\/strong>\u00ab, afirm\u00f3.<\/p>\n\n\n\n<p>El directivo remarc\u00f3 adem\u00e1s que muchos conflictos no se originan en la escuela, sino en los \u00e1mbitos digitales: \u00ab<strong>La mayor cantidad de problemas se generan fuera del colegio, a trav\u00e9s de las redes sociales o de grupos de WhatsApp<\/strong>\u00ab. El Colegio San Nicol\u00e1s se suma as\u00ed a otras instituciones de Mendoza, como el San Luis Gonzaga, que ya adoptaron medidas similares frente al avance del uso problem\u00e1tico de pantallas entre adolescentes.<\/p>\n","protected":false},"excerpt":{"rendered":"<p>El\u00a0Colegio San Nicol\u00e1s, ubicado en Chacras de Coria (Luj\u00e1n de Cuyo), anunci\u00f3 que desde el ciclo lectivo 2026\u00a0quedar\u00e1 prohibido el uso de tel\u00e9fonos celulares\u00a0durante toda la permanencia de los estudiantes en el establecimiento. La decisi\u00f3n se formaliz\u00f3 tras un a\u00f1o de prueba y ante la preocupaci\u00f3n por el impacto del uso excesivo de dispositivos en<a class=\"read-more\" href=\"https:\/\/elfederalmendoza.com.ar\/index.php\/2025\/12\/02\/otro-colegio-de-mendoza-prohibe-el-uso-de-celulares-para-el-2026-las-chicas-usan-redes-los-chicos-apuestas\/\"> [&hellip;]<\/a><\/p>\n","protected":false},"author":2,"featured_media":35282,"comment_status":"open","ping_status":"open","sticky":false,"template":"","format":"standard","meta":{"footnotes":""},"categories":[1],"tags":[],"class_list":["post-35281","post","type-post","status-publish","format-standard","has-post-thumbnail","hentry","category-mza"],"rttpg_featured_image_url":{"full":["https:\/\/elfederalmendoza.com.ar\/wp-content\/uploads\/2025\/12\/celus.png",1080,675,false],"landscape":["https:\/\/elfederalmendoza.com.ar\/wp-content\/uploads\/2025\/12\/celus.png",1080,675,false],"portraits":["https:\/\/elfederalmendoza.com.ar\/wp-content\/uploads\/2025\/12\/celus.png",1080,675,false],"thumbnail":["https:\/\/elfederalmendoza.com.ar\/wp-content\/uploads\/2025\/12\/celus-150x150.png",150,150,true],"medium":["https:\/\/elfederalmendoza.com.ar\/wp-content\/uploads\/2025\/12\/celus-300x188.png",300,188,true],"large":["https:\/\/elfederalmendoza.com.ar\/wp-content\/uploads\/2025\/12\/celus-1024x640.png",640,400,true],"1536x1536":["https:\/\/elfederalmendoza.com.ar\/wp-content\/uploads\/2025\/12\/celus.png",1080,675,false],"2048x2048":["https:\/\/elfederalmendoza.com.ar\/wp-content\/uploads\/2025\/12\/celus.png",1080,675,false],"ultp_layout_landscape_large":["https:\/\/elfederalmendoza.com.ar\/wp-content\/uploads\/2025\/12\/celus.png",1080,675,false],"ultp_layout_landscape":["https:\/\/elfederalmendoza.com.ar\/wp-content\/uploads\/2025\/12\/celus-870x570.png",870,570,true],"ultp_layout_portrait":["https:\/\/elfederalmendoza.com.ar\/wp-content\/uploads\/2025\/12\/celus-600x675.png",600,675,true],"ultp_layout_square":["https:\/\/elfederalmendoza.com.ar\/wp-content\/uploads\/2025\/12\/celus-600x600.png",600,600,true],"rpwe-thumbnail":["https:\/\/elfederalmendoza.com.ar\/wp-content\/uploads\/2025\/12\/celus-45x45.png",45,45,true],"advps-thumb-one":["https:\/\/elfederalmendoza.com.ar\/wp-content\/uploads\/2025\/12\/celus-1080x420.png",1080,420,true]},"rttpg_author":{"display_name":"Redacci\u00f3n El Federal","author_link":"https:\/\/elfederalmendoza.com.ar\/index.php\/author\/angelflores\/"},"rttpg_comment":0,"rttpg_category":"<a href=\"https:\/\/elfederalmendoza.com.ar\/index.php\/category\/mza\/\" rel=\"category tag\">Mendoza<\/a>","rttpg_excerpt":"El\u00a0Colegio San Nicol\u00e1s, ubicado en Chacras de Coria (Luj\u00e1n de Cuyo), anunci\u00f3 que desde el ciclo lectivo 2026\u00a0quedar\u00e1 prohibido el uso de tel\u00e9fonos celulares\u00a0durante toda la permanencia de los estudiantes en el establecimiento. La decisi\u00f3n se formaliz\u00f3 tras un a\u00f1o de prueba y ante la preocupaci\u00f3n por el impacto del uso excesivo de dispositivos en&hellip;","_links":{"self":[{"href":"https:\/\/elfederalmendoza.com.ar\/index.php\/wp-json\/wp\/v2\/posts\/35281","targetHints":{"allow":["GET"]}}],"collection":[{"href":"https:\/\/elfederalmendoza.com.ar\/index.php\/wp-json\/wp\/v2\/posts"}],"about":[{"href":"https:\/\/elfederalmendoza.com.ar\/index.php\/wp-json\/wp\/v2\/types\/post"}],"author":[{"embeddable":true,"href":"https:\/\/elfederalmendoza.com.ar\/index.php\/wp-json\/wp\/v2\/users\/2"}],"replies":[{"embeddable":true,"href":"https:\/\/elfederalmendoza.com.ar\/index.php\/wp-json\/wp\/v2\/comments?post=35281"}],"version-history":[{"count":1,"href":"https:\/\/elfederalmendoza.com.ar\/index.php\/wp-json\/wp\/v2\/posts\/35281\/revisions"}],"predecessor-version":[{"id":35283,"href":"https:\/\/elfederalmendoza.com.ar\/index.php\/wp-json\/wp\/v2\/posts\/35281\/revisions\/35283"}],"wp:featuredmedia":[{"embeddable":true,"href":"https:\/\/elfederalmendoza.com.ar\/index.php\/wp-json\/wp\/v2\/media\/35282"}],"wp:attachment":[{"href":"https:\/\/elfederalmendoza.com.ar\/index.php\/wp-json\/wp\/v2\/media?parent=35281"}],"wp:term":[{"taxonomy":"category","embeddable":true,"href":"https:\/\/elfederalmendoza.com.ar\/index.php\/wp-json\/wp\/v2\/categories?post=35281"},{"taxonomy":"post_tag","embeddable":true,"href":"https:\/\/elfederalmendoza.com.ar\/index.php\/wp-json\/wp\/v2\/tags?post=35281"}],"curies":[{"name":"wp","href":"https:\/\/api.w.org\/{rel}","templated":true}]}}