{"id":35284,"date":"2025-12-03T07:31:33","date_gmt":"2025-12-03T10:31:33","guid":{"rendered":"https:\/\/elfederalmendoza.com.ar\/?p=35284"},"modified":"2025-12-03T07:31:38","modified_gmt":"2025-12-03T10:31:38","slug":"este-es-el-diputado-que-se-paso-al-bloque-libertario-y-le-aseguro-a-la-lla-mayoria-en-el-congreso","status":"publish","type":"post","link":"https:\/\/elfederalmendoza.com.ar\/index.php\/2025\/12\/03\/este-es-el-diputado-que-se-paso-al-bloque-libertario-y-le-aseguro-a-la-lla-mayoria-en-el-congreso\/","title":{"rendered":"Este es el diputado que se pas\u00f3 al bloque libertario y le asegur\u00f3 a la LLA mayor\u00eda en el Congreso"},"content":{"rendered":"\n<p><strong>Francisco Morchio<\/strong>, quien hasta hoy se ubicaba en Encuentro Federal, pasar\u00e1 a integrar las filas de La Libertad Avanza en la C\u00e1mara baja, que evit\u00f3 as\u00ed que el kirchnerismo sea el sector mayoritario en el recinto.<\/p>\n\n\n\n<figure class=\"wp-block-image size-large\"><img loading=\"lazy\" decoding=\"async\" width=\"1024\" height=\"733\" src=\"https:\/\/elfederalmendoza.com.ar\/wp-content\/uploads\/2025\/12\/pancho-dip1-1024x733.jpg\" alt=\"\" class=\"wp-image-35285\" srcset=\"https:\/\/elfederalmendoza.com.ar\/wp-content\/uploads\/2025\/12\/pancho-dip1-1024x733.jpg 1024w, https:\/\/elfederalmendoza.com.ar\/wp-content\/uploads\/2025\/12\/pancho-dip1-300x215.jpg 300w, https:\/\/elfederalmendoza.com.ar\/wp-content\/uploads\/2025\/12\/pancho-dip1-768x550.jpg 768w, https:\/\/elfederalmendoza.com.ar\/wp-content\/uploads\/2025\/12\/pancho-dip1-1536x1100.jpg 1536w, https:\/\/elfederalmendoza.com.ar\/wp-content\/uploads\/2025\/12\/pancho-dip1.jpg 1600w\" sizes=\"auto, (max-width: 1024px) 100vw, 1024px\" \/><figcaption class=\"wp-element-caption\"><strong>Francisco Morchio<\/strong>, quien hasta hoy se ubicaba en Encuentro Federal<\/figcaption><\/figure>\n\n\n\n<p>El equilibrio de fuerzas en la C\u00e1mara de Diputados experiment\u00f3 un giro inesperado este lunes con la llegada de nuevos integrantes a\u00a0<strong>La Libertad Avanza,<\/strong>\u00a0en paralelo a la fractura de otros espacios, lo que dej\u00f3 al oficialismo en condiciones de ser la\u00a0<strong>primera minor\u00eda<\/strong>\u00a0en la C\u00e1mara baja.<a href=\"https:\/\/www.infobae.com\/politica\/2025\/12\/03\/quien-es-cristian-auguadra-el-nuevo-titular-de-la-side-tras-la-salida-de-neiffert\/\" target=\"_blank\" rel=\"noreferrer noopener\"><\/a><\/p>\n\n\n\n<p>Tras el movimiento de&nbsp;<strong>tres legisladores de Catamarca<\/strong>&nbsp;que abandonaron el bloque de&nbsp;<strong>Uni\u00f3n por la Patria<\/strong>&nbsp;para conformar una bancada propia, se conoci\u00f3 horas despu\u00e9s la decisi\u00f3n de&nbsp;<strong>Francisco Morchio<\/strong>, legislador entrerriano que responde al gobernador&nbsp;<strong>Rogelio Frigerio<\/strong>, quien pasar\u00e1 a legislar desde el bloque que oficialista.<\/p>\n\n\n\n<p>Todos estos movimientos dejan a\u00a0<strong>La Libertad Avanza<\/strong>\u00a0en condiciones de asegurarse la primera minor\u00eda parlamentaria, con 95 diputados, representaci\u00f3n que hasta el momento ostentaba\u00a0<strong>el kirchnerismo, que pierde terreno en el parlamento nacional<\/strong>\u00a0luego de las elecciones del 26 de octubre.<a href=\"https:\/\/www.infobae.com\/politica\/2025\/12\/02\/lorena-villaverde-no-tengo-vinculos-con-el-narcotrafico-ni-con-fred-machado\/\" target=\"_blank\" rel=\"noreferrer noopener\"><\/a><\/p>\n\n\n\n<p>Morchio es un hombre que responde al gobernador Frigerio. El mandatario entrerriano, a su vez, tiene ascendencia sobre dos diputados m\u00e1s, que integrar\u00e1n el PRO y la UCR, en funci\u00f3n de la alianza electoral que consigui\u00f3 en su provincia. Su incorporaci\u00f3n fue celebrada por el presidente&nbsp;<strong>Javier Milei<\/strong>, quien reposte\u00f3 en la red social X un mensaje de bienvenida escrito por Gabriel Bornoroni, jefe del bloque libertario en Diputados.<\/p>\n\n\n\n<p>\u201cCon tu aporte valioso, estar\u00edamos alcanzando la primera minor\u00eda, lo que nos permitir\u00e1 seguir impulsando con fuerza las ideas de la libertad, dejando atr\u00e1s el populismo kirchnerista que tanto da\u00f1o le ha hecho a nuestro pa\u00eds\u201d, escribi\u00f3 Bornoroni. \u201cPrimera minor\u00eda, confirmado\u201d, celebr\u00f3 Milei.<a href=\"https:\/\/www.infobae.com\/politica\/2025\/12\/03\/entre-el-enojo-y-la-resignacion-en-el-pj-relativizan-la-salida-del-gobernador-jalil-del-bloque-de-diputados\/\" target=\"_blank\" rel=\"noreferrer noopener\"><\/a><\/p>\n\n\n\n<figure class=\"wp-block-image is-resized\"><img decoding=\"async\" src=\"https:\/\/www.infobae.com\/resizer\/v2\/XXHXSC5JV5DKPMRA5KXMXKYRQQ.jpg?auth=6b9e21a85edaafa497c3953551a55f4435ee2506aa6e41686c0ca64a6afa5d5d&amp;smart=true&amp;width=350&amp;height=197&amp;quality=85\" alt=\"\" style=\"width:840px;height:auto\"\/><\/figure>\n\n\n\n<p>As\u00ed, la C\u00e1mara de Diputados se mantiene activa en materia de realineamietos y alianzas pol\u00edticas, pese a que las sesiones del periodo ordinaria han finalizado y el llamado a extraordinarias por ahora no ocurri\u00f3. Adem\u00e1s, las novedades ocurren en la antesala de la jura de los nuevos diputados electos, que se concretar\u00e1 este mi\u00e9rcoles 3 de diciembre a las 10 de la ma\u00f1ana.<\/p>\n\n\n\n<p>La salida de Morchio del bloque que comand\u00f3 hasta ac\u00e1 el diputado Miguel \u00c1ngel Pichetto se produjo horas despu\u00e9s de otra de las novedades de la tarde en el parlamento nacional, la escisi\u00f3n de tres diputados que integraban Uni\u00f3n por la Patria para conformar un espacio propio.<\/p>\n\n\n\n<p><img loading=\"lazy\" decoding=\"async\" height=\"4128\" width=\"6192\" src=\"https:\/\/www.infobae.com\/resizer\/v2\/2MRA6EIC7BDMNJ6VDUMYMAHFWY.jpg?auth=500940be7cdf6bb7704d1da41efb7ad30ef7ed197e0602f91e37137c7034727d&amp;smart=true&amp;width=350&amp;height=233&amp;quality=85\" alt=\"La Libertad Avanza superar\u00e1 a\">La Libertad Avanza superar\u00e1 a Uni\u00f3n por la Patria en bancas (Jaime Olivos)<\/p>\n\n\n\n<p>La confirmaci\u00f3n de la ruptura se formaliz\u00f3 durante la tarde, cuando Fernanda \u00c1vila, Sebasti\u00e1n N\u00f3blega y el diputado electo Fernando Monguillot, todos alineados con el gobernador peronista Ra\u00fal Jalil, comunicaron su decisi\u00f3n al presidente de la C\u00e1mara baja, Mart\u00edn Menem. En la carta enviada, los legisladores notificaron la creaci\u00f3n del bloque \u201cElijo Catamarca\u201d y designaron a Monguillot como presidente de la flamante bancada. Seg\u00fan la misiva, se expresa: \u201cDe mi mayor consideraci\u00f3n: Por medio de la presente, tengo el agrado de dirigirme a Usted con el objeto de informarle la constituci\u00f3n de un nuevo Bloque Parlamentario que llevar\u00e1 la denominaci\u00f3n de \u2018Elijo Catamarca\u2019\u201d.<\/p>\n\n\n\n<p>El avance de\u00a0<strong>La Libertad Avanza<\/strong>\u00a0en la C\u00e1mara de Diputados va transformado el escenario, impulsando una reorganizaci\u00f3n interna y consolidando su posici\u00f3n como primera minor\u00eda. El bloque, que recientemente hab\u00eda sumado a once ex aliados, ven\u00eda observando con atenci\u00f3n los movimientos del peronismo, esperando quiebres en el peronismo para asegurarse la mayor\u00eda en la C\u00e1mara.<\/p>\n\n\n\n<p><img loading=\"lazy\" decoding=\"async\" height=\"684\" width=\"1024\" src=\"https:\/\/www.infobae.com\/resizer\/v2\/34IAWUUNQJAWRGM2C7AYXCEPGM.jpg?auth=8e59f960ee7803569e551cfab9dd38d012b1c0090aaed0e25c20e5fc3197ca30&amp;smart=true&amp;width=350&amp;height=234&amp;quality=85\" alt=\"Francisco Morchio (izquierda) durante la\">Francisco Morchio (izquierda) durante la jura para asumir su banca como diputado. Integrar\u00e1 el bloque libertario<\/p>\n\n\n\n<p>La reciente incorporaci\u00f3n de ocho legisladores provenientes del PRO, alineados con&nbsp;<strong>Patricia Bullrich<\/strong>, y de tres radicales disidentes, conocidos anteriormente como \u201cradicales con peluca\u201d, elev\u00f3 el n\u00famero de diputados libertarios. La posibilidad de que Jalil rompiera con el kirchnerismo representaba una oportunidad clave para los libertarios. Eso finalmente se concret\u00f3 esta tarde y convirti\u00f3 a La Libertad Avanza en el bloque m\u00e1s numeroso.<\/p>\n\n\n\n<p>Mientras tanto, el oficialismo se prepara para afrontar un ambicioso cronograma de sesiones extraordinarias impulsado por el Poder Ejecutivo, con la expectativa de aprobar el Presupuesto 2026, la reforma laboral y el nuevo C\u00f3digo Penal durante el verano.<\/p>\n\n\n\n<p>En efecto, la agenda legislativa continuar\u00e1 a mediados de enero con la reforma laboral como prioridad, seguida por la reforma del C\u00f3digo Penal, que contempla el endurecimiento de penas, y la reforma tributaria. La actual conformaci\u00f3n de los bloques resulta favorable para el oficialismo adem\u00e1s porque en el centro del escenario se consolidan dos grandes espacios dominados por gobernadores:&nbsp;<strong>Provincias Unidas<\/strong>, liderado por el cordob\u00e9s&nbsp;<strong>Mart\u00edn Llaryora<\/strong>&nbsp;y el santafesino&nbsp;<strong>Maximiliano Pullaro<\/strong>, y una versi\u00f3n ampliada de&nbsp;<strong>Innovaci\u00f3n Federal<\/strong>, que agrupa a los gobernadores de Salta, Misiones, Neuqu\u00e9n, Catamarca y Tucum\u00e1n. Hasta ahora, ninguno de estos espacios muestra intenci\u00f3n de confrontar con&nbsp;<strong>Javier Milei<\/strong>.<\/p>\n","protected":false},"excerpt":{"rendered":"<p>Francisco Morchio, quien hasta hoy se ubicaba en Encuentro Federal, pasar\u00e1 a integrar las filas de La Libertad Avanza en la C\u00e1mara baja, que evit\u00f3 as\u00ed que el kirchnerismo sea el sector mayoritario en el recinto. El equilibrio de fuerzas en la C\u00e1mara de Diputados experiment\u00f3 un giro inesperado este lunes con la llegada de<a class=\"read-more\" href=\"https:\/\/elfederalmendoza.com.ar\/index.php\/2025\/12\/03\/este-es-el-diputado-que-se-paso-al-bloque-libertario-y-le-aseguro-a-la-lla-mayoria-en-el-congreso\/\"> [&hellip;]<\/a><\/p>\n","protected":false},"author":2,"featured_media":33457,"comment_status":"open","ping_status":"open","sticky":false,"template":"","format":"standard","meta":{"footnotes":""},"categories":[1],"tags":[],"class_list":["post-35284","post","type-post","status-publish","format-standard","has-post-thumbnail","hentry","category-mza"],"rttpg_featured_image_url":{"full":["https:\/\/elfederalmendoza.com.ar\/wp-content\/uploads\/2024\/08\/congreso5.jpg",1440,961,false],"landscape":["https:\/\/elfederalmendoza.com.ar\/wp-content\/uploads\/2024\/08\/congreso5.jpg",1440,961,false],"portraits":["https:\/\/elfederalmendoza.com.ar\/wp-content\/uploads\/2024\/08\/congreso5.jpg",1440,961,false],"thumbnail":["https:\/\/elfederalmendoza.com.ar\/wp-content\/uploads\/2024\/08\/congreso5-150x150.jpg",150,150,true],"medium":["https:\/\/elfederalmendoza.com.ar\/wp-content\/uploads\/2024\/08\/congreso5-300x200.jpg",300,200,true],"large":["https:\/\/elfederalmendoza.com.ar\/wp-content\/uploads\/2024\/08\/congreso5-1024x683.jpg",640,427,true],"1536x1536":["https:\/\/elfederalmendoza.com.ar\/wp-content\/uploads\/2024\/08\/congreso5.jpg",1440,961,false],"2048x2048":["https:\/\/elfederalmendoza.com.ar\/wp-content\/uploads\/2024\/08\/congreso5.jpg",1440,961,false],"ultp_layout_landscape_large":["https:\/\/elfederalmendoza.com.ar\/wp-content\/uploads\/2024\/08\/congreso5-1200x800.jpg",1200,800,true],"ultp_layout_landscape":["https:\/\/elfederalmendoza.com.ar\/wp-content\/uploads\/2024\/08\/congreso5-870x570.jpg",870,570,true],"ultp_layout_portrait":["https:\/\/elfederalmendoza.com.ar\/wp-content\/uploads\/2024\/08\/congreso5-600x900.jpg",600,900,true],"ultp_layout_square":["https:\/\/elfederalmendoza.com.ar\/wp-content\/uploads\/2024\/08\/congreso5-600x600.jpg",600,600,true],"rpwe-thumbnail":["https:\/\/elfederalmendoza.com.ar\/wp-content\/uploads\/2024\/08\/congreso5-45x45.jpg",45,45,true],"advps-thumb-one":["https:\/\/elfederalmendoza.com.ar\/wp-content\/uploads\/2024\/08\/congreso5-1200x420.jpg",1200,420,true]},"rttpg_author":{"display_name":"Redacci\u00f3n El Federal","author_link":"https:\/\/elfederalmendoza.com.ar\/index.php\/author\/angelflores\/"},"rttpg_comment":0,"rttpg_category":"<a href=\"https:\/\/elfederalmendoza.com.ar\/index.php\/category\/mza\/\" rel=\"category tag\">Mendoza<\/a>","rttpg_excerpt":"Francisco Morchio, quien hasta hoy se ubicaba en Encuentro Federal, pasar\u00e1 a integrar las filas de La Libertad Avanza en la C\u00e1mara baja, que evit\u00f3 as\u00ed que el kirchnerismo sea el sector mayoritario en el recinto. El equilibrio de fuerzas en la C\u00e1mara de Diputados experiment\u00f3 un giro inesperado este lunes con la llegada de&hellip;","_links":{"self":[{"href":"https:\/\/elfederalmendoza.com.ar\/index.php\/wp-json\/wp\/v2\/posts\/35284","targetHints":{"allow":["GET"]}}],"collection":[{"href":"https:\/\/elfederalmendoza.com.ar\/index.php\/wp-json\/wp\/v2\/posts"}],"about":[{"href":"https:\/\/elfederalmendoza.com.ar\/index.php\/wp-json\/wp\/v2\/types\/post"}],"author":[{"embeddable":true,"href":"https:\/\/elfederalmendoza.com.ar\/index.php\/wp-json\/wp\/v2\/users\/2"}],"replies":[{"embeddable":true,"href":"https:\/\/elfederalmendoza.com.ar\/index.php\/wp-json\/wp\/v2\/comments?post=35284"}],"version-history":[{"count":1,"href":"https:\/\/elfederalmendoza.com.ar\/index.php\/wp-json\/wp\/v2\/posts\/35284\/revisions"}],"predecessor-version":[{"id":35286,"href":"https:\/\/elfederalmendoza.com.ar\/index.php\/wp-json\/wp\/v2\/posts\/35284\/revisions\/35286"}],"wp:featuredmedia":[{"embeddable":true,"href":"https:\/\/elfederalmendoza.com.ar\/index.php\/wp-json\/wp\/v2\/media\/33457"}],"wp:attachment":[{"href":"https:\/\/elfederalmendoza.com.ar\/index.php\/wp-json\/wp\/v2\/media?parent=35284"}],"wp:term":[{"taxonomy":"category","embeddable":true,"href":"https:\/\/elfederalmendoza.com.ar\/index.php\/wp-json\/wp\/v2\/categories?post=35284"},{"taxonomy":"post_tag","embeddable":true,"href":"https:\/\/elfederalmendoza.com.ar\/index.php\/wp-json\/wp\/v2\/tags?post=35284"}],"curies":[{"name":"wp","href":"https:\/\/api.w.org\/{rel}","templated":true}]}}