{"id":35294,"date":"2025-12-03T09:21:26","date_gmt":"2025-12-03T12:21:26","guid":{"rendered":"https:\/\/elfederalmendoza.com.ar\/?p=35294"},"modified":"2025-12-03T09:21:26","modified_gmt":"2025-12-03T12:21:26","slug":"grave-deterioro-en-la-salud-de-cacho-garay-sufrio-la-amputacion-total-de-los-dedos-de-un-pie","status":"publish","type":"post","link":"https:\/\/elfederalmendoza.com.ar\/index.php\/2025\/12\/03\/grave-deterioro-en-la-salud-de-cacho-garay-sufrio-la-amputacion-total-de-los-dedos-de-un-pie\/","title":{"rendered":"Grave deterioro en la salud de Cacho Garay: sufri\u00f3 la amputaci\u00f3n total de los dedos de un pie"},"content":{"rendered":"\n<p>Su abogado confirm\u00f3 que<strong> le amputaron todos los dedos de un pie<\/strong> y describi\u00f3 un deterioro f\u00edsico y emocional severo. El humorista vive bajo restricciones.<\/p>\n\n\n\n<p>El abogado\u00a0<strong>Leonardo Pasccon<\/strong>\u00a0confirm\u00f3 que el humorista\u00a0<strong>Cacho Garay<\/strong>\u00a0sufri\u00f3 la\u00a0<strong>amputaci\u00f3n de todos los dedos de un pie<\/strong>\u00a0como consecuencia de una\u00a0<strong>diabetes avanzada<\/strong>, una situaci\u00f3n que profundiz\u00f3 el deterioro de su salud. Seg\u00fan inform\u00f3, el cuadro se ha ido agravando en los \u00faltimos meses.<\/p>\n\n\n\n<figure class=\"wp-block-image\"><img decoding=\"async\" src=\"https:\/\/media.sitioandino.com.ar\/p\/cee3707443a7b163cdd4132849a1d7be\/adjuntos\/335\/imagenes\/000\/640\/0000640300\/790x0\/smart\/cacho-garay-audiencia-abogados-defensores-defensa.jpg\" alt=\"Cacho Garay enfrenta un complicado cuadro de salud.\"\/><\/figure>\n\n\n\n<h2 class=\"wp-block-heading\"><strong>\u201cMuy delicado\u201d: describen el complejo cuadro m\u00e9dico que atraviesa Cacho Garay<\/strong><\/h2>\n\n\n\n<p>Pasccon explic\u00f3 que las cirug\u00edas dejaron secuelas significativas.&nbsp;<strong>\u201cLa enfermedad le ha generado la amputaci\u00f3n de los dedos de uno de sus pies y esto le ha afectado much\u00edsimo a su estado de \u00e1nimo\u201d<\/strong>, se\u00f1al\u00f3, al describir el impacto emocional del proceso. A\u00f1adi\u00f3 que Garay atraviesa&nbsp;<strong>altibajos<\/strong>, episodios de&nbsp;<strong>ansiedad<\/strong>,&nbsp;<strong>angustia<\/strong>&nbsp;y dolores recurrentes:&nbsp;<strong>\u201cTodo esto lo va destruyendo de a poco\u201d<\/strong>, sostuvo.<\/p>\n\n\n\n<p>El abogado indic\u00f3 que visita con frecuencia al humorista debido a las dificultades que enfrenta en su vida cotidiana. La movilidad reducida constituye uno de los mayores obst\u00e1culos.\u00a0<strong>\u201c\u00c9l no puede vivir en su casa hist\u00f3rica porque para llegar tiene que subir escaleras y no lo puede hacer\u201d<\/strong>, explic\u00f3. Por esa raz\u00f3n, Garay permanece en una\u00a0<strong>casa alquilada en Mendoza<\/strong>, donde cumple\u00a0<strong>arresto domiciliario<\/strong>.<\/p>\n\n\n\n<p>Adem\u00e1s del deterioro cl\u00ednico, Pasccon cuestion\u00f3 algunas de las medidas restrictivas vigentes.\u00a0<strong>\u201cTiene que ir a firmar una vez por mes a la Fiscal\u00eda y tiene una prohibici\u00f3n de acercarse a su casa hist\u00f3rica. La denunciante vive en C\u00f3rdoba, no tiene sentido\u201d<\/strong>, expres\u00f3, aludiendo a la causa en la que fue\u00a0denunciado por\u00a0<strong>abuso sexual\u00a0<\/strong>y<strong>\u00a0violencia de g\u00e9nero<\/strong>,\u00a0proceso por el que estuvo detenido dos a\u00f1os.<\/p>\n\n\n\n<p>El representante legal tambi\u00e9n destac\u00f3 la decisi\u00f3n del humorista de avanzar hacia una instancia p\u00fablica.\u00a0<strong>\u201c\u00c9l\u00a0quiere un juicio oral y p\u00fablico\u00a0y demostrar su verdad\u201d<\/strong>, afirm\u00f3. Seg\u00fan indic\u00f3, Garay considera que existe una campa\u00f1a en su contra y busca confrontar en audiencia con todas las partes.<\/p>\n\n\n\n<p>Pasccon concluy\u00f3 que la salud y la situaci\u00f3n judicial del humorista constituyen hoy&nbsp;<strong>dos frentes simult\u00e1neos<\/strong>, dif\u00edciles de sostener en medio de un estado de salud que&nbsp;<strong>\u201cse va degradando\u201d<\/strong>.<\/p>\n","protected":false},"excerpt":{"rendered":"<p>Su abogado confirm\u00f3 que le amputaron todos los dedos de un pie y describi\u00f3 un deterioro f\u00edsico y emocional severo. El humorista vive bajo restricciones. El abogado\u00a0Leonardo Pasccon\u00a0confirm\u00f3 que el humorista\u00a0Cacho Garay\u00a0sufri\u00f3 la\u00a0amputaci\u00f3n de todos los dedos de un pie\u00a0como consecuencia de una\u00a0diabetes avanzada, una situaci\u00f3n que profundiz\u00f3 el deterioro de su salud. Seg\u00fan inform\u00f3,<a class=\"read-more\" href=\"https:\/\/elfederalmendoza.com.ar\/index.php\/2025\/12\/03\/grave-deterioro-en-la-salud-de-cacho-garay-sufrio-la-amputacion-total-de-los-dedos-de-un-pie\/\"> [&hellip;]<\/a><\/p>\n","protected":false},"author":2,"featured_media":35295,"comment_status":"open","ping_status":"open","sticky":false,"template":"","format":"standard","meta":{"footnotes":""},"categories":[1],"tags":[],"class_list":["post-35294","post","type-post","status-publish","format-standard","has-post-thumbnail","hentry","category-mza"],"rttpg_featured_image_url":{"full":["https:\/\/elfederalmendoza.com.ar\/wp-content\/uploads\/2025\/12\/cacho-dedos.jpg",2244,1832,false],"landscape":["https:\/\/elfederalmendoza.com.ar\/wp-content\/uploads\/2025\/12\/cacho-dedos.jpg",2244,1832,false],"portraits":["https:\/\/elfederalmendoza.com.ar\/wp-content\/uploads\/2025\/12\/cacho-dedos.jpg",2244,1832,false],"thumbnail":["https:\/\/elfederalmendoza.com.ar\/wp-content\/uploads\/2025\/12\/cacho-dedos-150x150.jpg",150,150,true],"medium":["https:\/\/elfederalmendoza.com.ar\/wp-content\/uploads\/2025\/12\/cacho-dedos-300x245.jpg",300,245,true],"large":["https:\/\/elfederalmendoza.com.ar\/wp-content\/uploads\/2025\/12\/cacho-dedos-1024x836.jpg",640,523,true],"1536x1536":["https:\/\/elfederalmendoza.com.ar\/wp-content\/uploads\/2025\/12\/cacho-dedos-1536x1254.jpg",1536,1254,true],"2048x2048":["https:\/\/elfederalmendoza.com.ar\/wp-content\/uploads\/2025\/12\/cacho-dedos-2048x1672.jpg",2048,1672,true],"ultp_layout_landscape_large":["https:\/\/elfederalmendoza.com.ar\/wp-content\/uploads\/2025\/12\/cacho-dedos-1200x800.jpg",1200,800,true],"ultp_layout_landscape":["https:\/\/elfederalmendoza.com.ar\/wp-content\/uploads\/2025\/12\/cacho-dedos-870x570.jpg",870,570,true],"ultp_layout_portrait":["https:\/\/elfederalmendoza.com.ar\/wp-content\/uploads\/2025\/12\/cacho-dedos-600x900.jpg",600,900,true],"ultp_layout_square":["https:\/\/elfederalmendoza.com.ar\/wp-content\/uploads\/2025\/12\/cacho-dedos-600x600.jpg",600,600,true],"rpwe-thumbnail":["https:\/\/elfederalmendoza.com.ar\/wp-content\/uploads\/2025\/12\/cacho-dedos-45x45.jpg",45,45,true],"advps-thumb-one":["https:\/\/elfederalmendoza.com.ar\/wp-content\/uploads\/2025\/12\/cacho-dedos-1200x420.jpg",1200,420,true]},"rttpg_author":{"display_name":"Redacci\u00f3n El Federal","author_link":"https:\/\/elfederalmendoza.com.ar\/index.php\/author\/angelflores\/"},"rttpg_comment":0,"rttpg_category":"<a href=\"https:\/\/elfederalmendoza.com.ar\/index.php\/category\/mza\/\" rel=\"category tag\">Mendoza<\/a>","rttpg_excerpt":"Su abogado confirm\u00f3 que le amputaron todos los dedos de un pie y describi\u00f3 un deterioro f\u00edsico y emocional severo. El humorista vive bajo restricciones. El abogado\u00a0Leonardo Pasccon\u00a0confirm\u00f3 que el humorista\u00a0Cacho Garay\u00a0sufri\u00f3 la\u00a0amputaci\u00f3n de todos los dedos de un pie\u00a0como consecuencia de una\u00a0diabetes avanzada, una situaci\u00f3n que profundiz\u00f3 el deterioro de su salud. Seg\u00fan inform\u00f3,&hellip;","_links":{"self":[{"href":"https:\/\/elfederalmendoza.com.ar\/index.php\/wp-json\/wp\/v2\/posts\/35294","targetHints":{"allow":["GET"]}}],"collection":[{"href":"https:\/\/elfederalmendoza.com.ar\/index.php\/wp-json\/wp\/v2\/posts"}],"about":[{"href":"https:\/\/elfederalmendoza.com.ar\/index.php\/wp-json\/wp\/v2\/types\/post"}],"author":[{"embeddable":true,"href":"https:\/\/elfederalmendoza.com.ar\/index.php\/wp-json\/wp\/v2\/users\/2"}],"replies":[{"embeddable":true,"href":"https:\/\/elfederalmendoza.com.ar\/index.php\/wp-json\/wp\/v2\/comments?post=35294"}],"version-history":[{"count":1,"href":"https:\/\/elfederalmendoza.com.ar\/index.php\/wp-json\/wp\/v2\/posts\/35294\/revisions"}],"predecessor-version":[{"id":35296,"href":"https:\/\/elfederalmendoza.com.ar\/index.php\/wp-json\/wp\/v2\/posts\/35294\/revisions\/35296"}],"wp:featuredmedia":[{"embeddable":true,"href":"https:\/\/elfederalmendoza.com.ar\/index.php\/wp-json\/wp\/v2\/media\/35295"}],"wp:attachment":[{"href":"https:\/\/elfederalmendoza.com.ar\/index.php\/wp-json\/wp\/v2\/media?parent=35294"}],"wp:term":[{"taxonomy":"category","embeddable":true,"href":"https:\/\/elfederalmendoza.com.ar\/index.php\/wp-json\/wp\/v2\/categories?post=35294"},{"taxonomy":"post_tag","embeddable":true,"href":"https:\/\/elfederalmendoza.com.ar\/index.php\/wp-json\/wp\/v2\/tags?post=35294"}],"curies":[{"name":"wp","href":"https:\/\/api.w.org\/{rel}","templated":true}]}}