{"id":35297,"date":"2025-12-04T07:40:53","date_gmt":"2025-12-04T10:40:53","guid":{"rendered":"https:\/\/elfederalmendoza.com.ar\/?p=35297"},"modified":"2025-12-04T07:40:55","modified_gmt":"2025-12-04T10:40:55","slug":"un-ovni-en-mendoza-el-video-de-la-extrana-luz-visto-por-muchos-testigos-en-guaymallen","status":"publish","type":"post","link":"https:\/\/elfederalmendoza.com.ar\/index.php\/2025\/12\/04\/un-ovni-en-mendoza-el-video-de-la-extrana-luz-visto-por-muchos-testigos-en-guaymallen\/","title":{"rendered":"\u00bfUn ovni en Mendoza?: el video de la extra\u00f1a luz visto por muchos testigos en Guaymall\u00e9n"},"content":{"rendered":"\n<p>La extra\u00f1a luz fue vista el martes 2 de diciembre, sobre las torres del barrio Unimev en Guaymall\u00e9n. Fue vista por varios testigos que lograron filmar una luz a gran velocidad a las 21:10 horas.<\/p>\n\n\n\n<p>Enzo Flores y Natalia se encontraban en la zona, cuando pudieron filmar el fen\u00f3meno, con el enigma de saber que fue lo visto. \u00bfUn ovni o un dron?.<\/p>\n\n\n\n<p>El video muestra una luz a gran altura y velocidad, con movimientos anormales para un avi\u00f3n. En su trayectoria desaparece y vuelve aparecer cambiando su movimiento hacia arriba.<\/p>\n\n\n\n<figure class=\"wp-block-video\"><video controls src=\"https:\/\/elfederalmendoza.com.ar\/wp-content\/uploads\/2025\/12\/WhatsApp-Video-2025-12-02-at-9.25.38-PM.mp4\"><\/video><\/figure>\n\n\n\n<h2 class=\"wp-block-heading\"><strong>An\u00e1lisis<\/strong><\/h2>\n\n\n\n<p>El grupo de investigadores del fen\u00f3meno ovni, <strong>Entes Lum\u00ednicos<\/strong>, y en un primer an\u00e1lisis sobre las im\u00e1genes, sostienen que \u00aben una primera vista, se descarta que sea un avi\u00f3n, y tiene, por sus movimientos err\u00e1ticos, caracter\u00edsticas de un dron\u00bb, dijeron a este medio.<\/p>\n\n\n\n<p>Sin embargo aclararon que el video ya est\u00e1 estudiado con la aplicaci\u00f3n de distintos filtros, para determinar distancia, velocidad y ediciones de contorno <strong>para tener un diagn\u00f3stico final.<\/strong><\/p>\n","protected":false},"excerpt":{"rendered":"<p>La extra\u00f1a luz fue vista el martes 2 de diciembre, sobre las torres del barrio Unimev en Guaymall\u00e9n. Fue vista por varios testigos que lograron filmar una luz a gran velocidad a las 21:10 horas. Enzo Flores y Natalia se encontraban en la zona, cuando pudieron filmar el fen\u00f3meno, con el enigma de saber que<a class=\"read-more\" href=\"https:\/\/elfederalmendoza.com.ar\/index.php\/2025\/12\/04\/un-ovni-en-mendoza-el-video-de-la-extrana-luz-visto-por-muchos-testigos-en-guaymallen\/\"> [&hellip;]<\/a><\/p>\n","protected":false},"author":2,"featured_media":35299,"comment_status":"open","ping_status":"open","sticky":false,"template":"","format":"standard","meta":{"footnotes":""},"categories":[1],"tags":[],"class_list":["post-35297","post","type-post","status-publish","format-standard","has-post-thumbnail","hentry","category-mza"],"rttpg_featured_image_url":{"full":["https:\/\/elfederalmendoza.com.ar\/wp-content\/uploads\/2025\/12\/ovni-unimev1.jpg",1219,854,false],"landscape":["https:\/\/elfederalmendoza.com.ar\/wp-content\/uploads\/2025\/12\/ovni-unimev1.jpg",1219,854,false],"portraits":["https:\/\/elfederalmendoza.com.ar\/wp-content\/uploads\/2025\/12\/ovni-unimev1.jpg",1219,854,false],"thumbnail":["https:\/\/elfederalmendoza.com.ar\/wp-content\/uploads\/2025\/12\/ovni-unimev1-150x150.jpg",150,150,true],"medium":["https:\/\/elfederalmendoza.com.ar\/wp-content\/uploads\/2025\/12\/ovni-unimev1-300x210.jpg",300,210,true],"large":["https:\/\/elfederalmendoza.com.ar\/wp-content\/uploads\/2025\/12\/ovni-unimev1-1024x717.jpg",640,448,true],"1536x1536":["https:\/\/elfederalmendoza.com.ar\/wp-content\/uploads\/2025\/12\/ovni-unimev1.jpg",1219,854,false],"2048x2048":["https:\/\/elfederalmendoza.com.ar\/wp-content\/uploads\/2025\/12\/ovni-unimev1.jpg",1219,854,false],"ultp_layout_landscape_large":["https:\/\/elfederalmendoza.com.ar\/wp-content\/uploads\/2025\/12\/ovni-unimev1-1200x800.jpg",1200,800,true],"ultp_layout_landscape":["https:\/\/elfederalmendoza.com.ar\/wp-content\/uploads\/2025\/12\/ovni-unimev1-870x570.jpg",870,570,true],"ultp_layout_portrait":["https:\/\/elfederalmendoza.com.ar\/wp-content\/uploads\/2025\/12\/ovni-unimev1-600x854.jpg",600,854,true],"ultp_layout_square":["https:\/\/elfederalmendoza.com.ar\/wp-content\/uploads\/2025\/12\/ovni-unimev1-600x600.jpg",600,600,true],"rpwe-thumbnail":["https:\/\/elfederalmendoza.com.ar\/wp-content\/uploads\/2025\/12\/ovni-unimev1-45x45.jpg",45,45,true],"advps-thumb-one":["https:\/\/elfederalmendoza.com.ar\/wp-content\/uploads\/2025\/12\/ovni-unimev1-1200x420.jpg",1200,420,true]},"rttpg_author":{"display_name":"Redacci\u00f3n El Federal","author_link":"https:\/\/elfederalmendoza.com.ar\/index.php\/author\/angelflores\/"},"rttpg_comment":0,"rttpg_category":"<a href=\"https:\/\/elfederalmendoza.com.ar\/index.php\/category\/mza\/\" rel=\"category tag\">Mendoza<\/a>","rttpg_excerpt":"La extra\u00f1a luz fue vista el martes 2 de diciembre, sobre las torres del barrio Unimev en Guaymall\u00e9n. Fue vista por varios testigos que lograron filmar una luz a gran velocidad a las 21:10 horas. Enzo Flores y Natalia se encontraban en la zona, cuando pudieron filmar el fen\u00f3meno, con el enigma de saber que&hellip;","_links":{"self":[{"href":"https:\/\/elfederalmendoza.com.ar\/index.php\/wp-json\/wp\/v2\/posts\/35297","targetHints":{"allow":["GET"]}}],"collection":[{"href":"https:\/\/elfederalmendoza.com.ar\/index.php\/wp-json\/wp\/v2\/posts"}],"about":[{"href":"https:\/\/elfederalmendoza.com.ar\/index.php\/wp-json\/wp\/v2\/types\/post"}],"author":[{"embeddable":true,"href":"https:\/\/elfederalmendoza.com.ar\/index.php\/wp-json\/wp\/v2\/users\/2"}],"replies":[{"embeddable":true,"href":"https:\/\/elfederalmendoza.com.ar\/index.php\/wp-json\/wp\/v2\/comments?post=35297"}],"version-history":[{"count":1,"href":"https:\/\/elfederalmendoza.com.ar\/index.php\/wp-json\/wp\/v2\/posts\/35297\/revisions"}],"predecessor-version":[{"id":35300,"href":"https:\/\/elfederalmendoza.com.ar\/index.php\/wp-json\/wp\/v2\/posts\/35297\/revisions\/35300"}],"wp:featuredmedia":[{"embeddable":true,"href":"https:\/\/elfederalmendoza.com.ar\/index.php\/wp-json\/wp\/v2\/media\/35299"}],"wp:attachment":[{"href":"https:\/\/elfederalmendoza.com.ar\/index.php\/wp-json\/wp\/v2\/media?parent=35297"}],"wp:term":[{"taxonomy":"category","embeddable":true,"href":"https:\/\/elfederalmendoza.com.ar\/index.php\/wp-json\/wp\/v2\/categories?post=35297"},{"taxonomy":"post_tag","embeddable":true,"href":"https:\/\/elfederalmendoza.com.ar\/index.php\/wp-json\/wp\/v2\/tags?post=35297"}],"curies":[{"name":"wp","href":"https:\/\/api.w.org\/{rel}","templated":true}]}}