{"id":35301,"date":"2025-12-05T08:12:24","date_gmt":"2025-12-05T11:12:24","guid":{"rendered":"https:\/\/elfederalmendoza.com.ar\/?p=35301"},"modified":"2025-12-05T08:12:25","modified_gmt":"2025-12-05T11:12:25","slug":"el-gobierno-porteno-cerro-40-comedores-fantasmas-y-detecto-un-desvio-de-5-000-raciones-diarias-por-20-millones","status":"publish","type":"post","link":"https:\/\/elfederalmendoza.com.ar\/index.php\/2025\/12\/05\/el-gobierno-porteno-cerro-40-comedores-fantasmas-y-detecto-un-desvio-de-5-000-raciones-diarias-por-20-millones\/","title":{"rendered":"El gobierno porte\u00f1o cerr\u00f3 40 \u201ccomedores fantasmas\u201d y detect\u00f3 un desv\u00edo de 5.000 raciones diarias por $20 millones"},"content":{"rendered":"\n<p>\u201cNadie va a usar el hambre para hacer negocios\u201d, expres\u00f3 el jefe de Gobierno Jorge Macri. La mayor\u00eda de los espacios inexistentes <strong>pertenec\u00eda a la organizaci\u00f3n de izquierda La Dignidad y al Movimiento Evita.<\/strong><\/p>\n\n\n\n<p>La\u00a0<strong>Ciudad de Buenos Aires<\/strong>\u00a0consolid\u00f3 en 2025 una pol\u00edtica alimentaria\u00a0<strong>sin intermediarios<\/strong>\u00a0y basada en la trazabilidad total: un sistema que, por primera vez, permiti\u00f3 fiscalizar m\u00e1s de 500 comedores y detectar\u00a0<strong>irregularidades en 40 de ellos<\/strong>, que fueron cerrados de inmediato.<a href=\"https:\/\/www.infobae.com\/politica\/2025\/12\/03\/fuerte-cruce-entre-agustin-rossi-y-luis-petri-por-el-ministerio-de-defensa\/\" target=\"_blank\" rel=\"noreferrer noopener\"><\/a><\/p>\n\n\n\n<p>Las inspecciones revelaron que la mayor\u00eda de esos espacios inexistentes<strong>&nbsp;estaban vinculados a la organizaci\u00f3n La Dignidad, y alguno de ellos al Movimiento Evita, ambos enrolados en la Uni\u00f3n Trabajadores de la Econom\u00eda Popular (UTEP);<\/strong>&nbsp;y que&nbsp;<strong>m\u00e1s de 5.000 raciones diarias se enviaban a lugares que no funcionaban, lo que significaba un desv\u00edo de 20 millones de pesos por d\u00eda<\/strong>, seg\u00fan los datos oficiales del&nbsp;<strong>Ministerio de Desarrollo Humano y H\u00e1bitat<\/strong>&nbsp;de&nbsp;<strong>CABA&nbsp;<\/strong>a cargo de&nbsp;<strong>Gabriel Mraida<\/strong>.<\/p>\n\n\n\n<p>La fiscalizaci\u00f3n integral \u2014apoyada en tecnolog\u00eda, controles diarios y una app de registro nominal de beneficiarios\u2014 confirm\u00f3 la existencia de comedores que no entregaban comida, no permit\u00edan el ingreso de inspectores o directamente no exist\u00edan en la direcci\u00f3n declarada.<a href=\"https:\/\/www.infobae.com\/politica\/2025\/12\/03\/tension-y-gritos-diputados-la-casta-tiene-miedo-cristina-kirchner-libre-y-dos-gestos-repudiables-en-la-jura-de-legisladores\/\" target=\"_blank\" rel=\"noreferrer noopener\"><\/a><\/p>\n\n\n\n<p>Los documentos de la auditor\u00eda y fotos a las que accedi\u00f3\u00a0<strong>Infobae\u00a0<\/strong>detallan casos como \u201cLos Amigos\u201d en White 21, \u201cPekes\u201d en Bonorino 1851 o \u201cBajo Flores\u201d en Av. Varela, donde los vecinos confirmaron que jam\u00e1s funcion\u00f3 un comedor comunitario.<\/p>\n\n\n\n<p><img loading=\"lazy\" decoding=\"async\" height=\"1080\" width=\"1920\" src=\"https:\/\/www.infobae.com\/resizer\/v2\/US6MPWUTGJBLNBSHCIUE662YP4.jpg?auth=e30436b19c0d918caf190daa1c4a7e9df01d91ae1798579cad62333367c5642f&amp;smart=true&amp;width=350&amp;height=197&amp;quality=85\" alt=\"Dos de los comedores fantasmas\">Dos de los comedores fantasmas que cerraron en la Ciudad de Buenos Aires<\/p>\n\n\n\n<p>Para el gobierno porte\u00f1o, en cabeza de\u00a0<strong>Jorge Macri<\/strong>, \u201ceste modelo, que combina control, digitalizaci\u00f3n y condicionalidades claras, permiti\u00f3 por primera vez una fiscalizaci\u00f3n completa de m\u00e1s de 500 comedores de la Ciudad, con controles diarios tanto a los espacios como a las empresas proveedoras. La implementaci\u00f3n de una nueva App para registrar beneficiarios, identificar necesidades espec\u00edficas y reportar irregularidades en tiempo real marc\u00f3 un cambio profundo: cada raci\u00f3n queda trazada, cada persona queda identificada y cada peso puede seguirse en todo el proceso\u201d, explic\u00f3.<a href=\"https:\/\/www.infobae.com\/sociedad\/2025\/12\/03\/vilma-ripoll-espero-llorando-a-javier-milei-en-la-puerta-del-congreso-el-motivo-de-su-llanto\/\" target=\"_blank\" rel=\"noreferrer noopener\"><\/a><\/p>\n\n\n\n<h2 class=\"wp-block-heading\">\u201cNadie sin su plato de comida\u201d<\/h2>\n\n\n\n<p>Consultado por este medio,&nbsp;<strong>Jorge Macri<\/strong>, opin\u00f3 que \u201cque el objetivo central es garantizar asistencia real sin permitir el retorno de mecanismos de intermediaci\u00f3n pol\u00edtica\u201d. En sus palabras esto es:<\/p>\n\n\n\n<p>&#8211; \u201cMejoramos el sistema porque nadie que lo necesite se va a quedar sin su plato de comida\u201d.<\/p>\n\n\n\n<p>&#8211; \u201cTrabajamos para que nadie viva en la calle y para que todos est\u00e9n atendidos, acompa\u00f1amos a cada uno que lo necesite\u201d.<\/p>\n\n\n\n<p>&#8211; \u201cNing\u00fan movimiento social volver\u00e1 a usar esa necesidad para hacer sus negocios\u201d.<\/p>\n\n\n\n<p>-La gran mayor\u00eda de los comedores, m\u00e1s de cien, siguen adelante junto a las familias y los apoyamos porque su trabajo es muy valioso\u201d.<\/p>\n\n\n\n<figure class=\"wp-block-image\"><img decoding=\"async\" src=\"https:\/\/www.infobae.com\/resizer\/v2\/6GXMDY7L2NAX7B4JKA4XHMG54Y.jpg?auth=33a7809b811c8172c57099aed6e4ee6388f1eeaa13cc554617b53d07d9080b8e&amp;smart=true&amp;width=350&amp;height=666&amp;quality=85\" alt=\"\"\/><\/figure>\n\n\n\n<p>Seg\u00fan la evaluaci\u00f3n oficial, esos m\u00e1s de 100 comedores comunitarios siguen asistiendo a sus comunidades con normalidad, incorporando el sistema digital de registro diario que ser\u00e1 obligatorio desde enero de 2026.<\/p>\n\n\n\n<p>La Ciudad asiste todos los d\u00edas a m\u00e1s de&nbsp;<strong>250.000 personas<\/strong>, entre comedores comunitarios, centros de primera infancia, centros de jubilados, paradores para personas en situaci\u00f3n de calle y el programa Ciudadan\u00eda Porte\u00f1a.<\/p>\n\n\n\n<p>De ese total,&nbsp;<strong>130.000 reciben su comida a trav\u00e9s de comedores, y 100.000 son beneficiarios de la transferencia directa Ciudadan\u00eda Porte\u00f1a<\/strong>.<\/p>\n\n\n\n<p>Desde el<strong>\u00a0Ministerio de Desarrollo Humano y H\u00e1bitat\u00a0<\/strong>se explic\u00f3 que, en el sistema de ayuda a los sectores m\u00e1s vulnerables de la sociedad, pas\u00f3 a ser mucho m\u00e1s eficiente porque se moderniz\u00f3 la operatoria. Esto es: una modernizaci\u00f3n que combina inscripci\u00f3n 100% digital, billetera virtual Buepp, ampliaci\u00f3n de rubros de compra, una app para nominalizar beneficiarios y un tablero de gesti\u00f3n para monitorear raciones en tiempo real.<\/p>\n\n\n\n<p><img loading=\"lazy\" decoding=\"async\" height=\"1080\" width=\"1920\" src=\"https:\/\/www.infobae.com\/resizer\/v2\/7GIMOI4SHVBHNPKIRXM2C5ESIU.jpg?auth=896d304e8bbb0273b6255ff137f58025559c4c94031c405a8fb5624f4d523ed0&amp;smart=true&amp;width=350&amp;height=197&amp;quality=85\" alt=\"El gobierno de Jorge Macri\">El gobierno de Jorge Macri revela irregularidades en comedores a cargo de movimientos sociales<\/p>\n\n\n\n<p>Seg\u00fan el informe, el programa Buepp ya super\u00f3 las 5.000 descargas, BOTI recibi\u00f3 m\u00e1s de 20.000 consultas desde julio y la red de comercios habilitados ya supera los 2.100 puntos de venta.<\/p>\n\n\n\n<p>En di\u00e1logo con<strong>\u00a0Infobae<\/strong>, el ministro Mraida, remarc\u00f3 la dimensi\u00f3n social del cambio. \u201cEn a\u00f1os de fragilidad social y econ\u00f3mica no solo sostuvimos, sino que ampliamos la cobertura alimentaria manteniendo la calidad nutricional. Todos los d\u00edas acceden m\u00e1s de 250.000 personas\u201d.<\/p>\n\n\n\n<p><img loading=\"lazy\" decoding=\"async\" height=\"3534\" width=\"5301\" src=\"https:\/\/www.infobae.com\/resizer\/v2\/QG7VIMN77JB6BB4TRF6IIY7HSM.jpg?auth=de7bc5f33a18a3cf367bc7dd8bce44f4f6ee8e53e5fef179e584cc0c6a5475c1&amp;smart=true&amp;width=350&amp;height=233&amp;quality=85\" alt=\"Una investigaci\u00f3n del ministro de\">Una investigaci\u00f3n del ministro de Desarrollo Humano y H\u00e1bitat, Gabriel Mraida revel\u00f3 irregularidades en comedores comunitarios<\/p>\n\n\n\n<p>Adem\u00e1s, subray\u00f3 la importancia de un modelo que ponga a la persona en el centro. \u201cLos problemas que atraviesan los vecinos y vecinas de la Ciudad son multidimensionales: nadie en situaci\u00f3n vulnerable tiene solo un d\u00e9ficit alimentario. Conocer a las personas y conectarlas con lo que necesitan es acompa\u00f1arlas en serio\u201d.<\/p>\n\n\n\n<p>El funcionario de&nbsp;<strong>Jorge Macri<\/strong>&nbsp;tambi\u00e9n reforz\u00f3 el mensaje de la desintermediaci\u00f3n: \u201cEn la Ciudad, la comida dej\u00f3 de ser un factor de negociaci\u00f3n pol\u00edtica. Hay un control estricto y riguroso, apoyado en tecnolog\u00eda. Ning\u00fan plato de comida puede terminar en un destinatario que no corresponde, y mucho menos en la pol\u00edtica. Una Ciudad m\u00e1s justa es la que sabe exactamente a qui\u00e9n est\u00e1 ayudando\u201d.<\/p>\n\n\n\n<h2 class=\"wp-block-heading\">C\u00f3mo operaban los \u201ccomedores fantasmas\u201d<\/h2>\n\n\n\n<p>El operativo de validaci\u00f3n de comedores comunitarios y populares incluy\u00f3 inspecciones reiteradas, entrevistas con vecinos y seguimiento presencial durante varios d\u00edas. Los equipos constataron diferentes situaciones:<\/p>\n\n\n\n<p>-Espacios totalmente inexistentes, como \u201cPekes\u201d, \u201cBajo Flores\u201d o \u201cLa 29\u201d;<\/p>\n\n\n\n<p>-Domicilios donde nadie conoc\u00eda actividad vinculada a un comedor.<\/p>\n\n\n\n<p>-Espacios que imped\u00edan el ingreso del personal de la Ciudad.<\/p>\n\n\n\n<p>-Comedores declarados que no registraban retiro de viandas en ning\u00fan momento de la semana.<\/p>\n\n\n\n<p>El cierre de estos espacios, que alcanz\u00f3 a 40 \u201ccomedores fantasmas\u201d estaban distribuidos principalmente en los barrios porte\u00f1os de\u00a0<strong>Flores, Soldati, Mataderos y Lugano,<\/strong>\u00a0muchos de ellos ligados a estructuras barriales identificadas con el movimiento\u00a0<strong>La Dignidad.<\/strong><\/p>\n\n\n\n<p><img loading=\"lazy\" decoding=\"async\" height=\"736\" width=\"593\" src=\"https:\/\/www.infobae.com\/resizer\/v2\/LZDZTFVLDZFD3PXRQKP6FWH2SI.jpg?auth=6910c3d68bbf87fc3afa9e3e0463292cbd9fea35216929776df749d24f08d0e0&amp;smart=true&amp;width=350&amp;height=434&amp;quality=85\" alt=\"Varios de los comedores cerrados\"><\/p>\n\n\n\n<p>Varios de los comedores cerrados pertenec\u00edan a La Dignidad y al Movimiento Evita MINISTERIO DE DESARROLLO URBANO Y H\u00c1BITAT CABA<\/p>\n\n\n\n<p>La suspensi\u00f3n inmediata de 5.000 raciones no justificadas permiti\u00f3 redireccionar recursos hacia los beneficiarios reales.<\/p>\n\n\n\n<p>Seg\u00fan explicaron desde la calle Bol\u00edvar, la digitalizaci\u00f3n del sistema gener\u00f3:<\/p>\n\n\n\n<p>-Trazabilidad completa de cada raci\u00f3n.<\/p>\n\n\n\n<p>-Registro nominal de cada beneficiario.<\/p>\n\n\n\n<p>-Eliminaci\u00f3n de la intermediaci\u00f3n pol\u00edtica.<\/p>\n\n\n\n<p>-Planificaci\u00f3n m\u00e1s precisa de compras y distribuci\u00f3n.<\/p>\n\n\n\n<p>-Fiscalizaci\u00f3n diaria tanto de comedores como de proveedores.<\/p>\n\n\n\n<p>Al ser consultado para esta nota, el ministro del \u00e1rea explic\u00f3 que \u201cel 2026 es tener un sistema cien por cien digital, justo y verificable\u201d. Esto se lograr\u00e1, seg\u00fan su visi\u00f3n: \u201cCon el uso obligatorio de la app de registro diario desde enero de 2026.\u201d Este hecho apunta a un modelo donde \u201ccada plato est\u00e9 auditado, cada beneficiario identificado y cada peso p\u00fablico rastreado\u201d.<\/p>\n\n\n\n<p>Desde el Ministerio resume el objetivo de estas medidas como \u201c<strong>una pol\u00edtica alimentaria justa, directa y seria<\/strong>, que cuide los recursos de todos y acompa\u00f1e de verdad a cada familia\u201d.<\/p>\n","protected":false},"excerpt":{"rendered":"<p>\u201cNadie va a usar el hambre para hacer negocios\u201d, expres\u00f3 el jefe de Gobierno Jorge Macri. La mayor\u00eda de los espacios inexistentes pertenec\u00eda a la organizaci\u00f3n de izquierda La Dignidad y al Movimiento Evita. La\u00a0Ciudad de Buenos Aires\u00a0consolid\u00f3 en 2025 una pol\u00edtica alimentaria\u00a0sin intermediarios\u00a0y basada en la trazabilidad total: un sistema que, por primera vez,<a class=\"read-more\" href=\"https:\/\/elfederalmendoza.com.ar\/index.php\/2025\/12\/05\/el-gobierno-porteno-cerro-40-comedores-fantasmas-y-detecto-un-desvio-de-5-000-raciones-diarias-por-20-millones\/\"> [&hellip;]<\/a><\/p>\n","protected":false},"author":2,"featured_media":35303,"comment_status":"open","ping_status":"open","sticky":false,"template":"","format":"standard","meta":{"footnotes":""},"categories":[5618],"tags":[],"class_list":["post-35301","post","type-post","status-publish","format-standard","has-post-thumbnail","hentry","category-arg"],"rttpg_featured_image_url":{"full":["https:\/\/elfederalmendoza.com.ar\/wp-content\/uploads\/2025\/12\/COMEDORES1.jpg",1374,758,false],"landscape":["https:\/\/elfederalmendoza.com.ar\/wp-content\/uploads\/2025\/12\/COMEDORES1.jpg",1374,758,false],"portraits":["https:\/\/elfederalmendoza.com.ar\/wp-content\/uploads\/2025\/12\/COMEDORES1.jpg",1374,758,false],"thumbnail":["https:\/\/elfederalmendoza.com.ar\/wp-content\/uploads\/2025\/12\/COMEDORES1-150x150.jpg",150,150,true],"medium":["https:\/\/elfederalmendoza.com.ar\/wp-content\/uploads\/2025\/12\/COMEDORES1-300x166.jpg",300,166,true],"large":["https:\/\/elfederalmendoza.com.ar\/wp-content\/uploads\/2025\/12\/COMEDORES1-1024x565.jpg",640,353,true],"1536x1536":["https:\/\/elfederalmendoza.com.ar\/wp-content\/uploads\/2025\/12\/COMEDORES1.jpg",1374,758,false],"2048x2048":["https:\/\/elfederalmendoza.com.ar\/wp-content\/uploads\/2025\/12\/COMEDORES1.jpg",1374,758,false],"ultp_layout_landscape_large":["https:\/\/elfederalmendoza.com.ar\/wp-content\/uploads\/2025\/12\/COMEDORES1-1200x758.jpg",1200,758,true],"ultp_layout_landscape":["https:\/\/elfederalmendoza.com.ar\/wp-content\/uploads\/2025\/12\/COMEDORES1-870x570.jpg",870,570,true],"ultp_layout_portrait":["https:\/\/elfederalmendoza.com.ar\/wp-content\/uploads\/2025\/12\/COMEDORES1-600x758.jpg",600,758,true],"ultp_layout_square":["https:\/\/elfederalmendoza.com.ar\/wp-content\/uploads\/2025\/12\/COMEDORES1-600x600.jpg",600,600,true],"rpwe-thumbnail":["https:\/\/elfederalmendoza.com.ar\/wp-content\/uploads\/2025\/12\/COMEDORES1-45x45.jpg",45,45,true],"advps-thumb-one":["https:\/\/elfederalmendoza.com.ar\/wp-content\/uploads\/2025\/12\/COMEDORES1-1200x420.jpg",1200,420,true]},"rttpg_author":{"display_name":"Redacci\u00f3n El Federal","author_link":"https:\/\/elfederalmendoza.com.ar\/index.php\/author\/angelflores\/"},"rttpg_comment":0,"rttpg_category":"<a href=\"https:\/\/elfederalmendoza.com.ar\/index.php\/category\/arg\/\" rel=\"category tag\">Argentina<\/a>","rttpg_excerpt":"\u201cNadie va a usar el hambre para hacer negocios\u201d, expres\u00f3 el jefe de Gobierno Jorge Macri. La mayor\u00eda de los espacios inexistentes pertenec\u00eda a la organizaci\u00f3n de izquierda La Dignidad y al Movimiento Evita. La\u00a0Ciudad de Buenos Aires\u00a0consolid\u00f3 en 2025 una pol\u00edtica alimentaria\u00a0sin intermediarios\u00a0y basada en la trazabilidad total: un sistema que, por primera vez,&hellip;","_links":{"self":[{"href":"https:\/\/elfederalmendoza.com.ar\/index.php\/wp-json\/wp\/v2\/posts\/35301","targetHints":{"allow":["GET"]}}],"collection":[{"href":"https:\/\/elfederalmendoza.com.ar\/index.php\/wp-json\/wp\/v2\/posts"}],"about":[{"href":"https:\/\/elfederalmendoza.com.ar\/index.php\/wp-json\/wp\/v2\/types\/post"}],"author":[{"embeddable":true,"href":"https:\/\/elfederalmendoza.com.ar\/index.php\/wp-json\/wp\/v2\/users\/2"}],"replies":[{"embeddable":true,"href":"https:\/\/elfederalmendoza.com.ar\/index.php\/wp-json\/wp\/v2\/comments?post=35301"}],"version-history":[{"count":1,"href":"https:\/\/elfederalmendoza.com.ar\/index.php\/wp-json\/wp\/v2\/posts\/35301\/revisions"}],"predecessor-version":[{"id":35304,"href":"https:\/\/elfederalmendoza.com.ar\/index.php\/wp-json\/wp\/v2\/posts\/35301\/revisions\/35304"}],"wp:featuredmedia":[{"embeddable":true,"href":"https:\/\/elfederalmendoza.com.ar\/index.php\/wp-json\/wp\/v2\/media\/35303"}],"wp:attachment":[{"href":"https:\/\/elfederalmendoza.com.ar\/index.php\/wp-json\/wp\/v2\/media?parent=35301"}],"wp:term":[{"taxonomy":"category","embeddable":true,"href":"https:\/\/elfederalmendoza.com.ar\/index.php\/wp-json\/wp\/v2\/categories?post=35301"},{"taxonomy":"post_tag","embeddable":true,"href":"https:\/\/elfederalmendoza.com.ar\/index.php\/wp-json\/wp\/v2\/tags?post=35301"}],"curies":[{"name":"wp","href":"https:\/\/api.w.org\/{rel}","templated":true}]}}