{"id":35305,"date":"2025-12-05T08:38:53","date_gmt":"2025-12-05T11:38:53","guid":{"rendered":"https:\/\/elfederalmendoza.com.ar\/?p=35305"},"modified":"2025-12-05T13:05:50","modified_gmt":"2025-12-05T16:05:50","slug":"estas-son-las-tres-propiedades-en-san-juan-que-declaro-el-chiqui-tapia-en-su-declaracion-jurada","status":"publish","type":"post","link":"https:\/\/elfederalmendoza.com.ar\/index.php\/2025\/12\/05\/estas-son-las-tres-propiedades-en-san-juan-que-declaro-el-chiqui-tapia-en-su-declaracion-jurada\/","title":{"rendered":"Estas son las tres propiedades en San Juan que declar\u00f3 el \u00abChiqui\u00bb Tapia en su declaraci\u00f3n jurada"},"content":{"rendered":"\n<p><em><strong>Por Natalia Caballero<\/strong><\/em><\/p>\n\n\n\n<p>Una es la vivienda familiar ubicada sobre calle Falucho; la otra es una finca sobre calle Necochea, de 5.195 metros cuadrados. En Catastro aparece un tercer inmueble, de seis hect\u00e1reas en el que se est\u00e1n haciendo trabajos de construcci\u00f3n.<\/p>\n\n\n\n<p>En el medio de un enfrentamiento pol\u00edtico entre el mile\u00edsmo y el sanjuanino y presidente de la AFA, Claudio \u201cChiqui\u201d Tapia, se conoci\u00f3 la declaraci\u00f3n jurada del hombre m\u00e1s poderoso del f\u00fatbol argentino. Los datos sobre el patrimonio del dirigente son p\u00fablicos porque es presidente del Ceamse (Coordinaci\u00f3n Ecol\u00f3gica \u00c1rea Metropolitana Sociedad del Estado), que se encarga del procesamiento de la basura de la Ciudad de Buenos Aires y del conurbano bonaerense. El documento revela que Tapia recibe 818 millones de pesos al a\u00f1o en concepto de ingresos, incluyendo su labor en el Ceamse y en la vicepresidencia segunda de la Conmebol. El patrimonio inmobiliario del \u201cChiqui\u201d est\u00e1 integrado por siete propiedades, entre ellas dos en San Juan. En la declaraci\u00f3n, no se detalla d\u00f3nde est\u00e1n los inmuebles ni c\u00f3mo son pero Tiempo de San Juan te los muestra por primera vez: se trata de una casa sobre Falucho y una finca de 5.195 metros cuadrados sobre calle Necochea, valuada en $153.708. En Catastro aparece un tercer inmueble a su nombre, pero no est\u00e1 claro si ese predio le pertenece a Tapia.<\/p>\n\n\n\n<p>Entre las propiedades que figuran en la declaraci\u00f3n jurada de Tapia se detalla una casa en Beccar (valuada en US$15.740.190,05), una vivienda en R\u00edo Luj\u00e1n (cotizada en $3.265.421), un departamento en la Ciudad de Buenos Aires (tasado en $1.084.787), una casa en Ca\u00f1ada, provincia de Buenos Aires, (valorizada en $387.650), una segunda propiedad en R\u00edo Luj\u00e1n adquirida por un pr\u00e9stamo y cuyo aval\u00fao fiscal es de $1.450.377.<\/p>\n\n\n\n<figure class=\"wp-block-image size-full\"><img loading=\"lazy\" decoding=\"async\" width=\"1003\" height=\"618\" src=\"https:\/\/elfederalmendoza.com.ar\/wp-content\/uploads\/2025\/12\/WhatsApp-Image-2025-12-05-at-12.57.24-PM-1.jpeg\" alt=\"\" class=\"wp-image-35308\" srcset=\"https:\/\/elfederalmendoza.com.ar\/wp-content\/uploads\/2025\/12\/WhatsApp-Image-2025-12-05-at-12.57.24-PM-1.jpeg 1003w, https:\/\/elfederalmendoza.com.ar\/wp-content\/uploads\/2025\/12\/WhatsApp-Image-2025-12-05-at-12.57.24-PM-1-300x185.jpeg 300w, https:\/\/elfederalmendoza.com.ar\/wp-content\/uploads\/2025\/12\/WhatsApp-Image-2025-12-05-at-12.57.24-PM-1-768x473.jpeg 768w\" sizes=\"auto, (max-width: 1003px) 100vw, 1003px\" \/><\/figure>\n\n\n\n<p>Los bienes en San Juan que declar\u00f3 el dirigente deportivo son dos. Por un lado, una casa ubicada en calle Falucho, en Concepci\u00f3n, cuyo aval\u00fao fiscal es de $250.673. Esa vivienda es la residencia familiar, en la que habit\u00f3 el Chiqui hasta que decidi\u00f3 irse a Buenos Aires a probar suerte a muy corta edad. La casa tiene una fachada humilde, de color amarillo claro y en los laterales se pueden ver unas c\u00e1maras de seguridad. Cada vez que viene Tapia a San Juan, visita esa casa. Son pocos los vecinos que conoc\u00edan que el Chiqui vivi\u00f3 en su tierna juventud en ese lugar, que ahora es uno de los bienes declarados por el presidente de la AFA.<\/p>\n\n\n\n<figure class=\"wp-block-image\" id=\"838809-Libre-376721016_wrap\"><img decoding=\"async\" src=\"https:\/\/media.tiempodesanjuan.com\/p\/3f61c4999c3db8f39d06f4eed29bcae9\/adjuntos\/331\/imagenes\/000\/842\/0000842988\/790x0\/smart\/casafinca.jpg\" alt=\"\" title=\"\"\/><\/figure>\n\n\n\n<p>El otro inmueble declarado por Tapia es un terreno ubicado en calle Necochea, al norte de calle Rodr\u00edguez, Chimbas. Se trata de una de un lote de 5.195 metros cuadrados, en el que se puede ver una construcci\u00f3n antigua, una m\u00e1s nueva, una pileta y tambi\u00e9n espacios verdes con parrales cuidados y en buen estado. En el documento patrimonial el predio tiene un aval\u00fao fiscal de $153.708. En octubre del 2024, ingresaron a robar al lugar y fue la familia del Presidente de la AFA la que denunci\u00f3 el delito en la sede de la comisar\u00eda 17\u00b0. Se llevaron materiales de construcci\u00f3n y herramientas.<\/p>\n\n\n\n<figure class=\"wp-block-image\" id=\"838810-Libre-194735654_wrap\"><img decoding=\"async\" src=\"https:\/\/media.tiempodesanjuan.com\/p\/527e8f3b661b2181e4f153a017583cac\/adjuntos\/331\/imagenes\/000\/842\/0000842989\/790x0\/smart\/fincados.jpg\" alt=\"\" title=\"\"\/><\/figure>\n\n\n\n<p>En Catastro figura a nombre de Tapia un terreno colindante a la finca de calle Necochea. Tiene seis hect\u00e1reas: gran parte de ese lote est\u00e1 vac\u00edo, en otro sector se est\u00e1 construyendo una pileta, tambi\u00e9n se visualiza un galp\u00f3n y una serie de construcciones en mal estado.<\/p>\n\n\n\n<h2 class=\"wp-block-heading\"><strong>La trama pol\u00edtica<\/strong><\/h2>\n\n\n\n<figure class=\"wp-block-image\" id=\"838221-Libre-99752228_wrap\"><img decoding=\"async\" src=\"https:\/\/media.tiempodesanjuan.com\/p\/dfe5910caa016409f11030a9ce203474\/adjuntos\/331\/imagenes\/000\/842\/0000842405\/790x0\/smart\/javier-milei-no-oculta-su-enemistad-chiqui-tapia.png\" alt=\"Javier Milei no oculta su enemistad con Chiqui Tapia.\" title=\"Javier Milei no oculta su enemistad con Chiqui Tapia.\"\/><figcaption class=\"wp-element-caption\">Javier Milei no oculta su enemistad con Chiqui Tapia.<\/figcaption><\/figure>\n\n\n\n<p>La tensi\u00f3n entre Claudio \u201cChiqui\u201d Tapia y el presidente Javier Milei, escal\u00f3 fuerte en las \u00faltimas semanas. A la disputa en torno a las SAD (Sociedades An\u00f3nimas Deportivas) se le sum\u00f3 un cap\u00edtulo por el t\u00edtulo de \u201cCampe\u00f3n Anual\u201d otorgado a Rosario Central. El trasfondo pol\u00edtico incluye tambi\u00e9n otros episodios: el Chiqui se meti\u00f3 fuerte en pol\u00edtica, apoyando en campa\u00f1a al gobernador de Buenos Aires Axel Kicillof. A eso se le suma que el tesorero de la AFA, Pablo Ariel Toviggino, es uno de los due\u00f1os del canal de streaming Carnaval, en donde se revel\u00f3 por primera vez el esc\u00e1ndalo por supuestas coimas en ANDIS, que salpican a Karina, alias \u201cEl Jefe\u201d.<\/p>\n\n\n\n<p>Milei intervino en la pol\u00e9mica por el t\u00edtulo de \u201cCampe\u00f3n Anual\u201d otorgado a Rosario Central -distinci\u00f3n que deriv\u00f3 en un expediente disciplinario contra Estudiantes\u2014 al publicar en X fotos de la camiseta del club presidido por Juan Sebasti\u00e1n Ver\u00f3n, en se\u00f1al de apoyo. El conflicto se enmarca en la disputa entre el Gobierno nacional y la AFA por la implementaci\u00f3n de las Sociedades An\u00f3nimas Deportivas (SAD), cuya reglamentaci\u00f3n contin\u00faa frenada por una cautelar judicial.<\/p>\n\n\n\n<p>La AFA proh\u00edbe la afiliaci\u00f3n y la participaci\u00f3n en los torneos a los clubes que sean una SAD. Para que la AFA admita a un club como tal debe organizarse como asociaci\u00f3n civil sin fines de lucro. Por decreto, Milei intent\u00f3 cambiar esta norma, pero la Justicia le puso un freno. El 30 de enero de 2024, el Juzgado Federal de Mercedes, ante una demanda iniciada por la Liga de F\u00fatbol de Salto, entidad afiliada a la AFA, dict\u00f3 una medida cautelar que suspendi\u00f3 el efecto de los art\u00edculos del DNU publicado por el Gobierno. El 14 de marzo, la C\u00e1mara Federal de San Mart\u00edn confirm\u00f3 la resoluci\u00f3n de primera instancia. El Estado apel\u00f3 nuevamente y el caso est\u00e1 en la Corte Suprema de Justicia de la Naci\u00f3n. Ver\u00f3n es uno de los que apoya al gobierno de La Libertad Avanza en esta cruzada.<\/p>\n\n\n\n<p>El Chiqui estuvo casado con la hija del ex secretario General de la CGT, Hugo Moyano. Teji\u00f3 lazos con la pol\u00edtica y lleg\u00f3 al Ceamse por una decisi\u00f3n del ex presidente y jefe de gobierno porte\u00f1o, Mauricio Macri. Fue otro Macri, en este caso Jorge, el que lo termin\u00f3 desplazando del organismo este a\u00f1o. Pero Kicillof lo rescat\u00f3 y puso a disposici\u00f3n de la AFA el Estadio \u00danico de La Plata.<\/p>\n\n\n\n<p>Tapia no solo apoy\u00f3 a Kicillof en las elecciones, con publicaciones en sus redes sociales, sino que tambi\u00e9n les dio su bendici\u00f3n a los candidatos del peronismo sanjuanino en las legislativas del pasado 26 de octubre. Tiene una relaci\u00f3n con el senador Sergio U\u00f1ac, con quien no solo comparte un trato cercano, sino que tambi\u00e9n dentro de la AFA, donde el ex gobernador es parte del Comit\u00e9 Ejecutivo como representante del poder Legislativo.<\/p>\n\n\n\n<p>Durante las gestiones de U\u00f1ac era frecuente que San Juan sea elegida sede para distintos partidos de la AFA, pero desde la asunci\u00f3n del gobernador Marcelo Orrego, no hubo m\u00e1s encuentros oficiales. El ministro de Turismo, Deporte y Cultura, Guido Romero, dijo en Paren las Rotativas que la organizaci\u00f3n ha sido esquiva con la Provincia.<\/p>\n\n\n\n<p><strong>Tiempo de San Juan<\/strong><\/p>\n","protected":false},"excerpt":{"rendered":"<p>Por Natalia Caballero Una es la vivienda familiar ubicada sobre calle Falucho; la otra es una finca sobre calle Necochea, de 5.195 metros cuadrados. En Catastro aparece un tercer inmueble, de seis hect\u00e1reas en el que se est\u00e1n haciendo trabajos de construcci\u00f3n. En el medio de un enfrentamiento pol\u00edtico entre el mile\u00edsmo y el sanjuanino<a class=\"read-more\" href=\"https:\/\/elfederalmendoza.com.ar\/index.php\/2025\/12\/05\/estas-son-las-tres-propiedades-en-san-juan-que-declaro-el-chiqui-tapia-en-su-declaracion-jurada\/\"> [&hellip;]<\/a><\/p>\n","protected":false},"author":2,"featured_media":35306,"comment_status":"open","ping_status":"open","sticky":false,"template":"","format":"standard","meta":{"footnotes":""},"categories":[5618],"tags":[],"class_list":["post-35305","post","type-post","status-publish","format-standard","has-post-thumbnail","hentry","category-arg"],"rttpg_featured_image_url":{"full":["https:\/\/elfederalmendoza.com.ar\/wp-content\/uploads\/2025\/12\/chiqui-tapia.jpg",1573,876,false],"landscape":["https:\/\/elfederalmendoza.com.ar\/wp-content\/uploads\/2025\/12\/chiqui-tapia.jpg",1573,876,false],"portraits":["https:\/\/elfederalmendoza.com.ar\/wp-content\/uploads\/2025\/12\/chiqui-tapia.jpg",1573,876,false],"thumbnail":["https:\/\/elfederalmendoza.com.ar\/wp-content\/uploads\/2025\/12\/chiqui-tapia-150x150.jpg",150,150,true],"medium":["https:\/\/elfederalmendoza.com.ar\/wp-content\/uploads\/2025\/12\/chiqui-tapia-300x167.jpg",300,167,true],"large":["https:\/\/elfederalmendoza.com.ar\/wp-content\/uploads\/2025\/12\/chiqui-tapia-1024x570.jpg",640,356,true],"1536x1536":["https:\/\/elfederalmendoza.com.ar\/wp-content\/uploads\/2025\/12\/chiqui-tapia-1536x855.jpg",1536,855,true],"2048x2048":["https:\/\/elfederalmendoza.com.ar\/wp-content\/uploads\/2025\/12\/chiqui-tapia.jpg",1573,876,false],"ultp_layout_landscape_large":["https:\/\/elfederalmendoza.com.ar\/wp-content\/uploads\/2025\/12\/chiqui-tapia-1200x800.jpg",1200,800,true],"ultp_layout_landscape":["https:\/\/elfederalmendoza.com.ar\/wp-content\/uploads\/2025\/12\/chiqui-tapia-870x570.jpg",870,570,true],"ultp_layout_portrait":["https:\/\/elfederalmendoza.com.ar\/wp-content\/uploads\/2025\/12\/chiqui-tapia-600x876.jpg",600,876,true],"ultp_layout_square":["https:\/\/elfederalmendoza.com.ar\/wp-content\/uploads\/2025\/12\/chiqui-tapia-600x600.jpg",600,600,true],"rpwe-thumbnail":["https:\/\/elfederalmendoza.com.ar\/wp-content\/uploads\/2025\/12\/chiqui-tapia-45x45.jpg",45,45,true],"advps-thumb-one":["https:\/\/elfederalmendoza.com.ar\/wp-content\/uploads\/2025\/12\/chiqui-tapia-1200x420.jpg",1200,420,true]},"rttpg_author":{"display_name":"Redacci\u00f3n El Federal","author_link":"https:\/\/elfederalmendoza.com.ar\/index.php\/author\/angelflores\/"},"rttpg_comment":0,"rttpg_category":"<a href=\"https:\/\/elfederalmendoza.com.ar\/index.php\/category\/arg\/\" rel=\"category tag\">Argentina<\/a>","rttpg_excerpt":"Por Natalia Caballero Una es la vivienda familiar ubicada sobre calle Falucho; la otra es una finca sobre calle Necochea, de 5.195 metros cuadrados. En Catastro aparece un tercer inmueble, de seis hect\u00e1reas en el que se est\u00e1n haciendo trabajos de construcci\u00f3n. En el medio de un enfrentamiento pol\u00edtico entre el mile\u00edsmo y el sanjuanino&hellip;","_links":{"self":[{"href":"https:\/\/elfederalmendoza.com.ar\/index.php\/wp-json\/wp\/v2\/posts\/35305","targetHints":{"allow":["GET"]}}],"collection":[{"href":"https:\/\/elfederalmendoza.com.ar\/index.php\/wp-json\/wp\/v2\/posts"}],"about":[{"href":"https:\/\/elfederalmendoza.com.ar\/index.php\/wp-json\/wp\/v2\/types\/post"}],"author":[{"embeddable":true,"href":"https:\/\/elfederalmendoza.com.ar\/index.php\/wp-json\/wp\/v2\/users\/2"}],"replies":[{"embeddable":true,"href":"https:\/\/elfederalmendoza.com.ar\/index.php\/wp-json\/wp\/v2\/comments?post=35305"}],"version-history":[{"count":2,"href":"https:\/\/elfederalmendoza.com.ar\/index.php\/wp-json\/wp\/v2\/posts\/35305\/revisions"}],"predecessor-version":[{"id":35310,"href":"https:\/\/elfederalmendoza.com.ar\/index.php\/wp-json\/wp\/v2\/posts\/35305\/revisions\/35310"}],"wp:featuredmedia":[{"embeddable":true,"href":"https:\/\/elfederalmendoza.com.ar\/index.php\/wp-json\/wp\/v2\/media\/35306"}],"wp:attachment":[{"href":"https:\/\/elfederalmendoza.com.ar\/index.php\/wp-json\/wp\/v2\/media?parent=35305"}],"wp:term":[{"taxonomy":"category","embeddable":true,"href":"https:\/\/elfederalmendoza.com.ar\/index.php\/wp-json\/wp\/v2\/categories?post=35305"},{"taxonomy":"post_tag","embeddable":true,"href":"https:\/\/elfederalmendoza.com.ar\/index.php\/wp-json\/wp\/v2\/tags?post=35305"}],"curies":[{"name":"wp","href":"https:\/\/api.w.org\/{rel}","templated":true}]}}