{"id":35312,"date":"2025-12-07T09:40:13","date_gmt":"2025-12-07T12:40:13","guid":{"rendered":"https:\/\/elfederalmendoza.com.ar\/?p=35312"},"modified":"2025-12-07T09:40:14","modified_gmt":"2025-12-07T12:40:14","slug":"mineria-cornejo-prepara-un-martes-con-25-votos-asegurados-para-extraer-cobre-en-uspallata-y-una-super-marcha-en-contra","status":"publish","type":"post","link":"https:\/\/elfederalmendoza.com.ar\/index.php\/2025\/12\/07\/mineria-cornejo-prepara-un-martes-con-25-votos-asegurados-para-extraer-cobre-en-uspallata-y-una-super-marcha-en-contra\/","title":{"rendered":"Miner\u00eda: Cornejo prepara un martes con 25 votos asegurados para extraer cobre en Uspallata y una super marcha en contra"},"content":{"rendered":"\n<p>\u201cVa a haber quilombo, obviamente\u201d, dicen en Casa de\u00a0<strong>Gobierno<\/strong>. Esperan que no demasiado, no excesivo; pero s\u00ed con movilizaci\u00f3n fuerte, s\u00ed mucha gente (no se animan a pronosticar cu\u00e1nta) y s\u00ed con algo de dudas en torno a si la\u00a0<strong>sesi\u00f3n legislativa<\/strong>\u00a0podr\u00e1 hacerse normalmente o no. Con todo lo que significar\u00eda eso. Adem\u00e1s, hubo fren\u00e9ticos intentos para desactivar una contramarcha \u201ca favor\u201d que temen termine mal.<\/p>\n\n\n\n<p>En el Ejecutivo tienen mucha informaci\u00f3n de lo que pasa en las redes. La cantidad de comentarios es una advertencia. \u201cAvisan que van a ser violentos y avisan tambi\u00e9n que no se van a quedar en la plaza\u201d, seg\u00fan lo que fue cayendo en los despachos de los funcionarios. De verdad que no saben cu\u00e1nta gente puede venir; y la intenci\u00f3n, contraria al \u00e1nimo de los manifestantes, es que todos queden adentro de la Plaza Independencia. Que no se acerquen a la vereda del&nbsp;<strong>Senado<\/strong>. \u00bfPodr\u00e1n?<\/p>\n\n\n\n<figure class=\"wp-block-image\" id=\"1739781-Libre-607772774_wrap\"><img decoding=\"async\" src=\"https:\/\/media.diariouno.com.ar\/p\/8f2eeaa8be8893142502d6dcc6447690\/adjuntos\/298\/imagenes\/009\/667\/0009667712\/1200x0\/smart\/mercedes-rus-calipo-seguridad-mineria.jpg\" alt=\"Rus y el jefe de la Polic\u00eda, Marcelo Calipo, \" title=\"Rus y el jefe de la Polic\u00eda, Marcelo Calipo, \"\/><figcaption class=\"wp-element-caption\">Rus y el jefe de la Polic\u00eda, Marcelo Calipo, \u00abmarcaron la cancha\u00bb con una conferencia a mediados de semana.<\/figcaption><\/figure>\n\n\n\n<p>Lo tienen contado: en la plaza entran 20.000 personas. Dato obtenido de la gran movilizaci\u00f3n por los fondos de la universidad p\u00fablica del a\u00f1o pasado. No esperan ese n\u00famero, desde luego. Pero es la respuesta a algo que se plante\u00f3 en los pasillos oficiales entre semana, antes de hacer el anuncio. \u00bfEs posible contenerlos a todos ah\u00ed? En teor\u00eda s\u00ed. Aunque preocupa c\u00f3mo quede de&nbsp;<strong>operativo<\/strong>&nbsp;calle Chile, que tiene la entrada y salida del hotel. Tanto para autos como para personas.<\/p>\n\n\n\n<p>A esa primera marcha universitaria contra el gobierno de Milei la comparan constantemente con esto que viene, pero en el oficialismo saben que ser\u00e1 muy diferente: aquella expresi\u00f3n estaba llena de aliados de Cambia Mendoza&#8230; y hasta de sus propios funcionarios, alegremente caminando entre los estudiantes. De hecho, la c\u00fapula de la UNCuyo hab\u00eda coordinado buena parte de lo que ocurri\u00f3 y el di\u00e1logo entre gremios y el Ejecutivo fue amplio. Lo que asoma para el martes es pr\u00e1cticamente lo contrario.<\/p>\n\n\n\n<p>Hoy no est\u00e1 claro si hubo vasos comunicantes con los&nbsp;<strong>antimineros<\/strong>. Los indicios indican que el nexo fue cero y a algunos los preocupa. El equipo de Ulpiano Suarez sugiri\u00f3 entablar una instancia de charla con algunos referentes para saber, m\u00e1s o menos, qu\u00e9 se viene y poder pactar acuerdos b\u00e1sicos. Tambi\u00e9n, desde la c\u00fapula del Cuarto Piso les pidieron a los \u201cpromineros\u201d que no se les ocurra ir a marchar. Lo mismo a la UOCRA, seg\u00fan dicen. A Jimena Latorre, que tiene m\u00e1s contacto, le solicitaron que hiciera de mediadora para fortalecer el mensaje.<\/p>\n\n\n\n<p>\u201cSi se cruzaran, puede ser una batalla campal\u201d, dijo con pesadumbre una fuente.<\/p>\n\n\n\n<p>\u00bfQu\u00e9 ser\u00eda el \u00e9xito del&nbsp;<strong>operativo<\/strong>? Que los senadores lleguen, voten y se vayan a sus casas intactos. Sin agravios desde la otra vereda ser\u00eda mucho pedir. Y que, en la plaza, los manifestantes lleguen, canten, griten, se expresen como quieran y se vayan sin romper nada.<\/p>\n\n\n\n<h2 class=\"wp-block-heading\">El Gobierno tiene 25 votos y le sobran para ganar en la sesi\u00f3n<\/h2>\n\n\n\n<p>Con solo un opositor votando por&nbsp;<strong>PSJ<\/strong>, el oficialismo ya podr\u00eda reactivar San Jorge. El&nbsp;<strong>Senado<\/strong>&nbsp;est\u00e1 desde hace dos a\u00f1os 19 a 19 entre Cambia Mendoza y la vereda de enfrente y, esta vez, se especula con seis senadores de La Uni\u00f3n Mendocina que dar\u00edan el permiso para explotar el&nbsp;<strong>cobre<\/strong>&nbsp;de la estancia Yalguaraz, en Uspallata.<\/p>\n\n\n\n<p>Son Gabriel Pradines, Valent\u00edn Gonz\u00e1lez, Mart\u00edn Rostand (hay una leve duda), Marcos Quattrini y Ariel Pringles. De hecho, algunos se reunieron el s\u00e1bado a la ma\u00f1ana para terminar de delinear la&nbsp;<strong>sesi\u00f3n<\/strong>. En pocos d\u00edas van a presentar otro proyecto, para elevar las&nbsp;<strong>regal\u00edas<\/strong>. Habr\u00e1 que ver si el Gobierno quiere ir por la misma l\u00ednea.<\/p>\n\n\n\n<p>A ellos muy probablemente se agregue Armando Magistretti, del Partido Dem\u00f3crata. El \u00fanico \u201cganso\u201d pidi\u00f3 m\u00e1s datos al oficialismo y plante\u00f3 errores en c\u00f3mo se llev\u00f3 adelante la discusi\u00f3n p\u00fablica del asunto minero, pero no dar\u00eda una sorpresa restando su voto. Flavia Manoni ya se decidi\u00f3 y votar\u00e1 negativo. Entre otras cosas, porque pide ampliar el estudio \u201cBase Cero\u201d sobre la poblaci\u00f3n de la zona. Hay una m\u00ednima chance de que se abstenga. Germ\u00e1n Vicchi est\u00e1 a favor, pero no estar\u00e1 presente en la sesi\u00f3n por asuntos personales. De hecho, hab\u00eda pedido la posposici\u00f3n, que el Gobierno desde luego no quiso.<\/p>\n\n\n\n<p>Con esos seis se llega a 25 y pueden ser m\u00e1s si se suma alguna sorpresa desde el justicialismo, aunque es dif\u00edcil que pase. La chance est\u00e1 en Alejandra Barro, de Malarg\u00fce, que todav\u00eda no garantiza el \u201cno\u201d.<\/p>\n\n\n\n<figure class=\"wp-block-image\" id=\"1736543-Libre-925837086_wrap\"><img decoding=\"async\" src=\"https:\/\/media.diariouno.com.ar\/p\/76cb325a8768441de14fa6ad9fafaa01\/adjuntos\/298\/imagenes\/009\/664\/0009664778\/1200x0\/smart\/protesta-anti-minera-legislatura.jpg\" alt=\"En total, el Gobierno contabiliz\u00f3 53 marchas antimineras en 2025. Se espera otra manifestaci\u00f3n el martes.\" title=\"En total, el Gobierno contabiliz\u00f3 53 marchas antimineras en 2025. Se espera otra manifestaci\u00f3n el martes.\"\/><figcaption class=\"wp-element-caption\">En total, el Gobierno contabiliz\u00f3 53 marchas antimineras en 2025. Se espera otra manifestaci\u00f3n el martes.<\/figcaption><\/figure>\n\n\n\n<h2 class=\"wp-block-heading\">El video del polic\u00eda<\/h2>\n\n\n\n<p>A prop\u00f3sito de lo que puede pasar afuera, algunas entidades&nbsp;<strong>antimineras&nbsp;<\/strong>y parte de la pol\u00edtica agitaron la semana y trajeron a la luz el video de un evento ocurrido dos meses atr\u00e1s.<\/p>\n\n\n\n<p>El viernes se difundieron las im\u00e1genes de un&nbsp;<strong>polic\u00eda<\/strong>&nbsp;peg\u00e1ndole una patada en el piso a un manifestante -se cree que antiminero- al que, junto con otros tres efectivos, arrastran adentro de la&nbsp;<strong>Legislatura<\/strong>. El material surge de la bodycam de un oficial que participa de la acci\u00f3n. Son las c\u00e1maras que llevan fijas en el pecho casi todos los miembros de Seguridad en Mendoza y sirven para casos como este.<\/p>\n\n\n\n<p>El material lo present\u00f3 voluntariamente el propio ministerio. No a la prensa, sino a la&nbsp;<strong>Justicia<\/strong>. Y no corresponde a la marcha de esta semana (como algunos pensaron), sino a una ocurrida el jueves 23 de octubre a la noche. Es un empleado de la UCAR, la Unidad Cicl\u00edstica de Acci\u00f3n R\u00e1pida. \u201cSomos tan represivos que custodiamos la marcha con bicipolic\u00edas\u201d, lanzan con iron\u00eda desde el Gobierno.<\/p>\n\n\n\n<p>Lo cierto es que&nbsp;<strong>el efectivo parece haberse excedido<\/strong>&nbsp;en una patada que le pega en el piso al hombre. Lo admiten los mismos funcionarios en di\u00e1logo con&nbsp;<em>Diario UNO<\/em>. Pero no hay, aseguran, ninguna otra irregularidad en lo que se observa. El arrastre hacia adentro, por ejemplo. \u201cEs parte de una sujeci\u00f3n\u201d, remarcan.<\/p>\n\n\n\n<p>De cualquier manera, ya hay una&nbsp;<strong>causa penal<\/strong>&nbsp;y un sumario administrativo contra el oficial. La causa la tiene la fiscal Virginia Rumbo con el expediente 113748\/25 de la UFI de Violencia Institucional. El sumario es el 8.548.993 en la Inspecci\u00f3n General de Seguridad, seg\u00fan supo este medio. Y el hombre ya tiene abogada defensora, que es la que suele defender a los polic\u00edas de la provincia: Susana Soletti.<\/p>\n\n\n\n<figure class=\"wp-block-image\" id=\"1741009-Libre-246660700_wrap\"><img decoding=\"async\" src=\"https:\/\/media.diariouno.com.ar\/p\/05146dac1bd0cdf219f6f6e9950ce248\/adjuntos\/298\/imagenes\/009\/668\/0009668774\/1200x0\/smart\/video-policia-legislatura.jpg\" alt=\"\u00bfAbuso policial? Ya hay una causa penal y un sumario interno. El uniformado tiene defensora.\" title=\"\u00bfAbuso policial? Ya hay una causa penal y un sumario interno. El uniformado tiene defensora.\"\/><figcaption class=\"wp-element-caption\">\u00bfAbuso policial? Ya hay una causa penal y un sumario interno. El uniformado tiene defensora.<\/figcaption><\/figure>\n\n\n\n<h2 class=\"wp-block-heading\">PSJ avanza en el financiamiento externo<\/h2>\n\n\n\n<p>\u201c<strong>Cobre<\/strong>&nbsp;y Malbec\u201d. Dicen que es la frase que&nbsp;<strong>Cornejo<\/strong>&nbsp;ha difundido para expresar el perfil industrial de una nueva etapa para Mendoza. En declaraciones a medios de Buenos Aires, la rescat\u00f3 Luis Lucero, el secretario de&nbsp;<strong>miner\u00eda<\/strong>&nbsp;de Javier Milei. Hebe Casado se reuni\u00f3 con \u00e9l esta semana en Buenos Aires y el funcionario, como buena parte de la \u201cArgentina minera\u201d, est\u00e1 con los ojos en Mendoza.<\/p>\n\n\n\n<p>Es cierto que hubo un anuncio que le rest\u00f3 algo de protagonismo al&nbsp;<strong>cobre<\/strong>&nbsp;local por estos d\u00edas. Se hizo p\u00fablico que Bajo de la Alumbrera, en Catamarca, ser\u00e1 reactivada para 2028. Diez a\u00f1os despu\u00e9s de lo que parec\u00eda su cese definitivo.<\/p>\n\n\n\n<p>En&nbsp;<strong>PSJ<\/strong>&nbsp;la cosa avanza como si ya tuvieran el s\u00ed. No solo est\u00e1n buscando personal jer\u00e1rquico y avanzan con las empresas que har\u00e1n la ingenier\u00eda de detalle y factibilizaci\u00f3n del proyecto, sino que ya tienen algo encaminado el financiamiento externo. Para mediados de 2026 podr\u00edan tenerlo cerrado. Ser\u00eda con un organismo financiero de alto nivel, pero ya rigen acuerdos de confidencialidad. Ese acortamiento de curvas para la firma har\u00eda que la compra y llegada de la maquinaria se d\u00e9 antes de septiembre.<\/p>\n\n\n\n<figure class=\"wp-block-image\" id=\"1640629-Libre-1983457454_wrap\"><img decoding=\"async\" src=\"https:\/\/media.diariouno.com.ar\/p\/86eec5d17663213e1a289bce91520555\/adjuntos\/298\/imagenes\/009\/575\/0009575869\/1200x0\/smart\/minera-san-jorge-psj-cobrejpg.jpg\" alt=\"Entre seis a nueve meses tardar\u00eda la zona de San Jorge en cambiar radicalmente y volverse una mina activa de cobre.\" title=\"Entre seis a nueve meses tardar\u00eda la zona de San Jorge en cambiar radicalmente y volverse una mina activa de cobre.\"\/><figcaption class=\"wp-element-caption\">Entre seis a nueve meses tardar\u00eda la zona de San Jorge en cambiar radicalmente y volverse una mina activa de cobre.<\/figcaption><\/figure>\n\n\n\n<p>A eso se suma algo que se llama una etapa llamada de \u201cfactibilizaci\u00f3n energ\u00e9tica\u201d, que lo que hace es planificar c\u00f3mo ser\u00e1 la llegada de energ\u00eda hacia la&nbsp;<strong>mina<\/strong>, de acuerdo a todo lo que necesite. Con esos pasos cumplidos -incluso antes de los tiempos que se hab\u00edan trazado-, m\u00e1s o menos a principios del 2027 ya habr\u00eda una mina de&nbsp;<strong>cobre<\/strong>&nbsp;funcionando a pleno en Mendoza.<\/p>\n\n\n\n<p>Pero primero lo primero. El martes a las 10 de la ma\u00f1ana se vota en la&nbsp;<strong>legislatura<\/strong>. Ojal\u00e1, en paz.<\/p>\n","protected":false},"excerpt":{"rendered":"<p>\u201cVa a haber quilombo, obviamente\u201d, dicen en Casa de\u00a0Gobierno. Esperan que no demasiado, no excesivo; pero s\u00ed con movilizaci\u00f3n fuerte, s\u00ed mucha gente (no se animan a pronosticar cu\u00e1nta) y s\u00ed con algo de dudas en torno a si la\u00a0sesi\u00f3n legislativa\u00a0podr\u00e1 hacerse normalmente o no. Con todo lo que significar\u00eda eso. Adem\u00e1s, hubo fren\u00e9ticos intentos<a class=\"read-more\" href=\"https:\/\/elfederalmendoza.com.ar\/index.php\/2025\/12\/07\/mineria-cornejo-prepara-un-martes-con-25-votos-asegurados-para-extraer-cobre-en-uspallata-y-una-super-marcha-en-contra\/\"> [&hellip;]<\/a><\/p>\n","protected":false},"author":2,"featured_media":32846,"comment_status":"open","ping_status":"open","sticky":false,"template":"","format":"standard","meta":{"footnotes":""},"categories":[1],"tags":[13143,1240,11,13142],"class_list":["post-35312","post","type-post","status-publish","format-standard","has-post-thumbnail","hentry","category-mza","tag-cobre","tag-diputados","tag-mendoza","tag-mineria-2"],"rttpg_featured_image_url":{"full":["https:\/\/elfederalmendoza.com.ar\/wp-content\/uploads\/2024\/05\/cornejo3.jpg",1127,846,false],"landscape":["https:\/\/elfederalmendoza.com.ar\/wp-content\/uploads\/2024\/05\/cornejo3.jpg",1127,846,false],"portraits":["https:\/\/elfederalmendoza.com.ar\/wp-content\/uploads\/2024\/05\/cornejo3.jpg",1127,846,false],"thumbnail":["https:\/\/elfederalmendoza.com.ar\/wp-content\/uploads\/2024\/05\/cornejo3-150x150.jpg",150,150,true],"medium":["https:\/\/elfederalmendoza.com.ar\/wp-content\/uploads\/2024\/05\/cornejo3-300x225.jpg",300,225,true],"large":["https:\/\/elfederalmendoza.com.ar\/wp-content\/uploads\/2024\/05\/cornejo3-1024x769.jpg",640,481,true],"1536x1536":["https:\/\/elfederalmendoza.com.ar\/wp-content\/uploads\/2024\/05\/cornejo3.jpg",1127,846,false],"2048x2048":["https:\/\/elfederalmendoza.com.ar\/wp-content\/uploads\/2024\/05\/cornejo3.jpg",1127,846,false],"ultp_layout_landscape_large":["https:\/\/elfederalmendoza.com.ar\/wp-content\/uploads\/2024\/05\/cornejo3-1127x800.jpg",1127,800,true],"ultp_layout_landscape":["https:\/\/elfederalmendoza.com.ar\/wp-content\/uploads\/2024\/05\/cornejo3-870x570.jpg",870,570,true],"ultp_layout_portrait":["https:\/\/elfederalmendoza.com.ar\/wp-content\/uploads\/2024\/05\/cornejo3-600x846.jpg",600,846,true],"ultp_layout_square":["https:\/\/elfederalmendoza.com.ar\/wp-content\/uploads\/2024\/05\/cornejo3-600x600.jpg",600,600,true],"rpwe-thumbnail":["https:\/\/elfederalmendoza.com.ar\/wp-content\/uploads\/2024\/05\/cornejo3-45x45.jpg",45,45,true],"advps-thumb-one":["https:\/\/elfederalmendoza.com.ar\/wp-content\/uploads\/2024\/05\/cornejo3-1127x420.jpg",1127,420,true]},"rttpg_author":{"display_name":"Redacci\u00f3n El Federal","author_link":"https:\/\/elfederalmendoza.com.ar\/index.php\/author\/angelflores\/"},"rttpg_comment":0,"rttpg_category":"<a href=\"https:\/\/elfederalmendoza.com.ar\/index.php\/category\/mza\/\" rel=\"category tag\">Mendoza<\/a>","rttpg_excerpt":"\u201cVa a haber quilombo, obviamente\u201d, dicen en Casa de\u00a0Gobierno. Esperan que no demasiado, no excesivo; pero s\u00ed con movilizaci\u00f3n fuerte, s\u00ed mucha gente (no se animan a pronosticar cu\u00e1nta) y s\u00ed con algo de dudas en torno a si la\u00a0sesi\u00f3n legislativa\u00a0podr\u00e1 hacerse normalmente o no. Con todo lo que significar\u00eda eso. Adem\u00e1s, hubo fren\u00e9ticos intentos&hellip;","_links":{"self":[{"href":"https:\/\/elfederalmendoza.com.ar\/index.php\/wp-json\/wp\/v2\/posts\/35312","targetHints":{"allow":["GET"]}}],"collection":[{"href":"https:\/\/elfederalmendoza.com.ar\/index.php\/wp-json\/wp\/v2\/posts"}],"about":[{"href":"https:\/\/elfederalmendoza.com.ar\/index.php\/wp-json\/wp\/v2\/types\/post"}],"author":[{"embeddable":true,"href":"https:\/\/elfederalmendoza.com.ar\/index.php\/wp-json\/wp\/v2\/users\/2"}],"replies":[{"embeddable":true,"href":"https:\/\/elfederalmendoza.com.ar\/index.php\/wp-json\/wp\/v2\/comments?post=35312"}],"version-history":[{"count":1,"href":"https:\/\/elfederalmendoza.com.ar\/index.php\/wp-json\/wp\/v2\/posts\/35312\/revisions"}],"predecessor-version":[{"id":35313,"href":"https:\/\/elfederalmendoza.com.ar\/index.php\/wp-json\/wp\/v2\/posts\/35312\/revisions\/35313"}],"wp:featuredmedia":[{"embeddable":true,"href":"https:\/\/elfederalmendoza.com.ar\/index.php\/wp-json\/wp\/v2\/media\/32846"}],"wp:attachment":[{"href":"https:\/\/elfederalmendoza.com.ar\/index.php\/wp-json\/wp\/v2\/media?parent=35312"}],"wp:term":[{"taxonomy":"category","embeddable":true,"href":"https:\/\/elfederalmendoza.com.ar\/index.php\/wp-json\/wp\/v2\/categories?post=35312"},{"taxonomy":"post_tag","embeddable":true,"href":"https:\/\/elfederalmendoza.com.ar\/index.php\/wp-json\/wp\/v2\/tags?post=35312"}],"curies":[{"name":"wp","href":"https:\/\/api.w.org\/{rel}","templated":true}]}}