{"id":35320,"date":"2025-12-09T08:53:20","date_gmt":"2025-12-09T11:53:20","guid":{"rendered":"https:\/\/elfederalmendoza.com.ar\/?p=35320"},"modified":"2025-12-09T08:53:21","modified_gmt":"2025-12-09T11:53:21","slug":"fiesta-de-la-cerveza-ciro-y-los-persas-cerro-la-segunda-noche-ante-35-000-personas","status":"publish","type":"post","link":"https:\/\/elfederalmendoza.com.ar\/index.php\/2025\/12\/09\/fiesta-de-la-cerveza-ciro-y-los-persas-cerro-la-segunda-noche-ante-35-000-personas\/","title":{"rendered":"Fiesta de la Cerveza: Ciro y Los Persas cerr\u00f3 la segunda noche ante 35.000 personas"},"content":{"rendered":"\n<p>La segunda noche del festival cervecero en Godoy Cruz fue un \u00e9xito total con Ciro y Los Persas, La Franela, Pity Fern\u00e1ndez y bandas locales.<\/p>\n\n\n\n<p>La segunda noche de la \u00ab<strong>Fiesta Provincial de la Cerveza<\/strong>\u00bb volvi\u00f3 a convocar una multitud con<strong>&nbsp;Ciro y Los Persas<\/strong>&nbsp;como atracci\u00f3n central. Esta vez con un sol radiante que acompa\u00f1\u00f3 desde las 18, cuando se abrieron las puertas del Hip\u00f3dromo de Mendoza hasta las 20.30, cuando la noche comenz\u00f3 a tomar color.<\/p>\n\n\n\n<p>Las bandas locales que subieron al escenario entre las 19 y las 21 tuvieron la oportunidad de tocar ante una considerable cantidad de p\u00fablico que fue engros\u00e1ndose a partir de las 20.30. Lila abri\u00f3 la jornada con su m\u00fasica experimental y alternativa en b\u00fasqueda constante de nuevos sonidos, Flaco Kev con su liso y llano rock stone comenz\u00f3 a calentar los motores de la segunda jornada cervecera en Godoy Cruz. Luego fue el turno de Destierra, una buena banda de rock duro que homenaje\u00f3 a Enanitos Verdes con una versi\u00f3n poderosa de \u00abPor el resto\u00bb y La Pandilla de la muerte, que tuvo la misi\u00f3n de cerrar la set list local con un fuerte y prolijo set.<\/p>\n\n\n\n<figure class=\"wp-block-image\" id=\"1742047-Libre-25740005_wrap\"><img decoding=\"async\" src=\"https:\/\/media.diariouno.com.ar\/p\/7bc4932fdca121b08a5df64a3c0c333c\/adjuntos\/298\/imagenes\/009\/669\/0009669695\/1200x0\/smart\/flaco-kev-fiesta-la-cerveza.jpg\" alt=\"\" title=\"\"\/><\/figure>\n\n\n\n<p>Cerca de las 21.30 Pity Fern\u00e1ndez subi\u00f3 al escenario para insistir con su proyecto de m\u00fasica country que gana cada vez m\u00e1s adeptos, pero siguen festejando \u00abEl Sensei\u00bb como si fuera, no s\u00e9&#8230; \u00abSeminare\u00bb. \u00abEsper\u00e1ndome\u00bb, \u00abLa doctora\u00bb o \u00abLa pelota siempre al 10\u00bb fueron algunos de los temas propios m\u00e1s celebrados por el p\u00fablico. Pero los cl\u00e1sicos del rock nacional en versi\u00f3n country como \u00abCosas m\u00edas\u00bb, \u00abJuntos a la par\u00bb o \u00abLa balada del diablo y la muerte\u00bb -en versiones country- hiceron cantar y bailar al p\u00fablico. Obviamente el mashup de \u00abLa Pachanga\u00bb y \u00abEl sensei\u00bb para cerrar fue lo que m\u00e1s gust\u00f3.<\/p>\n\n\n\n<figure class=\"wp-block-image\" id=\"1742048-Libre-1104740820_wrap\"><img decoding=\"async\" src=\"https:\/\/media.diariouno.com.ar\/p\/4cd71009bf4e501ddfe625c6b39943c3\/adjuntos\/298\/imagenes\/009\/669\/0009669696\/1200x0\/smart\/pity-fernandez.jpg\" alt=\"Pity Fern&aacute;ndez, el l&iacute;der de Las Pastillas del Abuelo en plan country.\" title=\"Pity Fern&aacute;ndez, el l&iacute;der de Las Pastillas del Abuelo en plan country.\"\/><figcaption class=\"wp-element-caption\">Pity Fern\u00e1ndez, el l\u00edder de Las Pastillas del Abuelo en plan country.Nicol\u00e1s R\u00edos\/Diario UNO<\/figcaption><\/figure>\n\n\n\n<p>La Franela, con Daniel \u00abPiti\u00bb Fern\u00e1ndez (ex Los Piojos) como l\u00edder gan\u00f3 el escenario cerca de las 23. Un pu\u00f1ado de hits como \u00abLo que me mata\u00bb, \u00abHacer un puente\u00bb, \u00abExtra\u00f1a soledad\u00bb (de Los Piojos), \u00abFue tan bueno\u00bb y \u00abLa muchacha\u00bb alcanzaron para ser una digna antesala de Ciro y los Persas.<\/p>\n\n\n\n<figure class=\"wp-block-image\" id=\"1742049-Libre-2031362014_wrap\"><img decoding=\"async\" src=\"https:\/\/media.diariouno.com.ar\/p\/a1cc28cf5aa05305a5dbaea817243708\/adjuntos\/298\/imagenes\/009\/669\/0009669697\/1200x0\/smart\/piti-fernandez-la-franela-fiesta-la-cerveza.jpg\" alt=\"Piti Fern&aacute;ndez, l&iacute;der de La Franela.\" title=\"Piti Fern&aacute;ndez, l&iacute;der de La Franela.\"\/><figcaption class=\"wp-element-caption\">Piti Fern\u00e1ndez, l\u00edder de La Franela.Nicol\u00e1s R\u00edos\/Diario UNO<\/figcaption><\/figure>\n\n\n\n<p>Cuando Andr\u00e9s Ciro Mart\u00ednez y los suyos se apoderaron del escenario no hicieron esperar a nadie por los hits. Su set list -que termin\u00f3 a las 2.30- se bas\u00f3 en una mezcla de \u00e9xitos de Los Persas y Los Piojos. As\u00ed pasaron canciones entre las que se destacaron \u00abAntes y despu\u00e9s\u00bb, \u00abDesde lejos no se ve\u00bb (con Luli Bass en el bajo), \u00abAgua\u00bb, \u00abVas a bailar\u00bb, \u00abTan solo\u00bb, \u00abPistolas\u00bb, \u00abVerano del 42\u00bb, \u00abM\u00edrenla\u00bb, \u00abLuz de marfil\u00bb, \u00abPistola\u00bb, \u00abComo Al\u00ed\u00bb, \u00abInsisto\u00bb, \u00abPac\u00edfico\u00bb (con Piti Fern\u00e1ndez y pr\u00e1cticamente la \u00faltima formaci\u00f3n de Los Piojos en escena) y varios amagues de final con \u00e9xitos como \u00abGenius\u00bb o \u00abEl Farolito\u00bb.<\/p>\n\n\n\n<figure class=\"wp-block-image\" id=\"1742050-Libre-36315822_wrap\"><img decoding=\"async\" src=\"https:\/\/media.diariouno.com.ar\/p\/e383253772c4b1aa85b7828be0860f1e\/adjuntos\/298\/imagenes\/009\/669\/0009669698\/1200x0\/smart\/ciro-y-luli-bass.jpg\" alt=\"\" title=\"\"\/><\/figure>\n\n\n\n<p>Pero el verdadero cierre lleg\u00f3 con Ciro tocando el himno nacional con su arm\u00f3nica, todo un cl\u00e1sico de sus shows.<\/p>\n","protected":false},"excerpt":{"rendered":"<p>La segunda noche del festival cervecero en Godoy Cruz fue un \u00e9xito total con Ciro y Los Persas, La Franela, Pity Fern\u00e1ndez y bandas locales. La segunda noche de la \u00abFiesta Provincial de la Cerveza\u00bb volvi\u00f3 a convocar una multitud con&nbsp;Ciro y Los Persas&nbsp;como atracci\u00f3n central. Esta vez con un sol radiante que acompa\u00f1\u00f3 desde<a class=\"read-more\" href=\"https:\/\/elfederalmendoza.com.ar\/index.php\/2025\/12\/09\/fiesta-de-la-cerveza-ciro-y-los-persas-cerro-la-segunda-noche-ante-35-000-personas\/\"> [&hellip;]<\/a><\/p>\n","protected":false},"author":2,"featured_media":35321,"comment_status":"open","ping_status":"open","sticky":false,"template":"","format":"standard","meta":{"footnotes":""},"categories":[1],"tags":[],"class_list":["post-35320","post","type-post","status-publish","format-standard","has-post-thumbnail","hentry","category-mza"],"rttpg_featured_image_url":{"full":["https:\/\/elfederalmendoza.com.ar\/wp-content\/uploads\/2025\/12\/ciro4.jpg",990,558,false],"landscape":["https:\/\/elfederalmendoza.com.ar\/wp-content\/uploads\/2025\/12\/ciro4.jpg",990,558,false],"portraits":["https:\/\/elfederalmendoza.com.ar\/wp-content\/uploads\/2025\/12\/ciro4.jpg",990,558,false],"thumbnail":["https:\/\/elfederalmendoza.com.ar\/wp-content\/uploads\/2025\/12\/ciro4-150x150.jpg",150,150,true],"medium":["https:\/\/elfederalmendoza.com.ar\/wp-content\/uploads\/2025\/12\/ciro4-300x169.jpg",300,169,true],"large":["https:\/\/elfederalmendoza.com.ar\/wp-content\/uploads\/2025\/12\/ciro4.jpg",640,361,false],"1536x1536":["https:\/\/elfederalmendoza.com.ar\/wp-content\/uploads\/2025\/12\/ciro4.jpg",990,558,false],"2048x2048":["https:\/\/elfederalmendoza.com.ar\/wp-content\/uploads\/2025\/12\/ciro4.jpg",990,558,false],"ultp_layout_landscape_large":["https:\/\/elfederalmendoza.com.ar\/wp-content\/uploads\/2025\/12\/ciro4.jpg",990,558,false],"ultp_layout_landscape":["https:\/\/elfederalmendoza.com.ar\/wp-content\/uploads\/2025\/12\/ciro4-870x558.jpg",870,558,true],"ultp_layout_portrait":["https:\/\/elfederalmendoza.com.ar\/wp-content\/uploads\/2025\/12\/ciro4-600x558.jpg",600,558,true],"ultp_layout_square":["https:\/\/elfederalmendoza.com.ar\/wp-content\/uploads\/2025\/12\/ciro4-600x558.jpg",600,558,true],"rpwe-thumbnail":["https:\/\/elfederalmendoza.com.ar\/wp-content\/uploads\/2025\/12\/ciro4-45x45.jpg",45,45,true],"advps-thumb-one":["https:\/\/elfederalmendoza.com.ar\/wp-content\/uploads\/2025\/12\/ciro4-990x420.jpg",990,420,true]},"rttpg_author":{"display_name":"Redacci\u00f3n El Federal","author_link":"https:\/\/elfederalmendoza.com.ar\/index.php\/author\/angelflores\/"},"rttpg_comment":0,"rttpg_category":"<a href=\"https:\/\/elfederalmendoza.com.ar\/index.php\/category\/mza\/\" rel=\"category tag\">Mendoza<\/a>","rttpg_excerpt":"La segunda noche del festival cervecero en Godoy Cruz fue un \u00e9xito total con Ciro y Los Persas, La Franela, Pity Fern\u00e1ndez y bandas locales. La segunda noche de la \u00abFiesta Provincial de la Cerveza\u00bb volvi\u00f3 a convocar una multitud con&nbsp;Ciro y Los Persas&nbsp;como atracci\u00f3n central. Esta vez con un sol radiante que acompa\u00f1\u00f3 desde&hellip;","_links":{"self":[{"href":"https:\/\/elfederalmendoza.com.ar\/index.php\/wp-json\/wp\/v2\/posts\/35320","targetHints":{"allow":["GET"]}}],"collection":[{"href":"https:\/\/elfederalmendoza.com.ar\/index.php\/wp-json\/wp\/v2\/posts"}],"about":[{"href":"https:\/\/elfederalmendoza.com.ar\/index.php\/wp-json\/wp\/v2\/types\/post"}],"author":[{"embeddable":true,"href":"https:\/\/elfederalmendoza.com.ar\/index.php\/wp-json\/wp\/v2\/users\/2"}],"replies":[{"embeddable":true,"href":"https:\/\/elfederalmendoza.com.ar\/index.php\/wp-json\/wp\/v2\/comments?post=35320"}],"version-history":[{"count":1,"href":"https:\/\/elfederalmendoza.com.ar\/index.php\/wp-json\/wp\/v2\/posts\/35320\/revisions"}],"predecessor-version":[{"id":35322,"href":"https:\/\/elfederalmendoza.com.ar\/index.php\/wp-json\/wp\/v2\/posts\/35320\/revisions\/35322"}],"wp:featuredmedia":[{"embeddable":true,"href":"https:\/\/elfederalmendoza.com.ar\/index.php\/wp-json\/wp\/v2\/media\/35321"}],"wp:attachment":[{"href":"https:\/\/elfederalmendoza.com.ar\/index.php\/wp-json\/wp\/v2\/media?parent=35320"}],"wp:term":[{"taxonomy":"category","embeddable":true,"href":"https:\/\/elfederalmendoza.com.ar\/index.php\/wp-json\/wp\/v2\/categories?post=35320"},{"taxonomy":"post_tag","embeddable":true,"href":"https:\/\/elfederalmendoza.com.ar\/index.php\/wp-json\/wp\/v2\/tags?post=35320"}],"curies":[{"name":"wp","href":"https:\/\/api.w.org\/{rel}","templated":true}]}}