{"id":35326,"date":"2025-12-09T06:26:00","date_gmt":"2025-12-09T09:26:00","guid":{"rendered":"https:\/\/elfederalmendoza.com.ar\/?p=35326"},"modified":"2025-12-09T09:41:48","modified_gmt":"2025-12-09T12:41:48","slug":"argentina-rompio-el-record-mundial-de-la-juntada-con-mas-golden-retriever","status":"publish","type":"post","link":"https:\/\/elfederalmendoza.com.ar\/index.php\/2025\/12\/09\/argentina-rompio-el-record-mundial-de-la-juntada-con-mas-golden-retriever\/","title":{"rendered":"Argentina rompi\u00f3 el r\u00e9cord mundial de la juntada con m\u00e1s Golden retriever"},"content":{"rendered":"\n<p>La iniciativa se llev\u00f3 a cabo ayer en el Parque Berl\u00edn de Palermo. Mir\u00e1 las im\u00e1genes de la espectacular \u00abmarea dorada\u00bb.<\/p>\n\n\n\n<p>Ayer en&nbsp;<strong>Palermo<\/strong>, se llev\u00f3 a cabo una masiva convocatoria de&nbsp;<strong>perros<\/strong>&nbsp;de la raza&nbsp;<strong>golden retrievers&nbsp;<\/strong>donde miles de familias coparon el&nbsp;<strong>Parque Berl\u00edn&nbsp;<\/strong>para intentar romper el&nbsp;<strong>r\u00e9cord mundial&nbsp;<\/strong>de la mayor juntada de ejemplares de esa raza.<\/p>\n\n\n\n<p>La iniciativa del influencer&nbsp;<strong>Fausto Duperr\u00e9,&nbsp;<\/strong>que hab\u00eda sido reprogramada por la lluvia del fin de semana, gener\u00f3 una imagen impactante de una&nbsp;<strong>marea de perros amarillos corriendo y posando para fotos&nbsp;<\/strong>en el espacio verde ubicado entre Dorrego, Lugones y Figueroa Alcorta. En total se contabilizaron&nbsp;<strong>2.397<\/strong>.<\/p>\n\n\n\n<figure class=\"wp-block-image\" id=\"672952-Libre-708875287_wrap\"><img decoding=\"async\" src=\"https:\/\/media.losandes.com.ar\/p\/6496faf2114ed5d36aabb331ab7af3fc\/adjuntos\/368\/imagenes\/100\/673\/0100673327\/1000x0\/smart\/golden-retriever.jfif\" alt=\"\" title=\"\"\/><\/figure>\n\n\n\n<h2 class=\"wp-block-heading\">C\u00f3mo surgi\u00f3 la iniciativa<\/h2>\n\n\n\n<p>El joven cont\u00f3 que mientras viv\u00eda en Barcelona presenci\u00f3 un evento que lo dej\u00f3 marcado: vio&nbsp;<strong>150&nbsp;Golden retriever<\/strong>&nbsp;en un mismo lugar y se le ocurri\u00f3 la idea de&nbsp;<strong>replicarlo en&nbsp;<a href=\"https:\/\/www.losandes.com.ar\/temas\/argentina\">Argentina<\/a><\/strong>. En principio intent\u00f3 vincular el evento con romper el&nbsp;<strong>R\u00e9cord Guinness<\/strong>, pero el organismo exige un pago de&nbsp;<strong>USD 38.000&nbsp;<\/strong>para poder validar el hito, por lo que decidi\u00f3 avanzar por su cuenta.<\/p>\n\n\n\n<blockquote class=\"twitter-tweet\" data-media-max-width=\"560\"><p lang=\"es\" dir=\"ltr\">&quot;Desde ya te digo que el r\u00e9cord es argentino&quot;<br><br>Fausto, organizador de la juntada de Golden Retievers en Plaza Berl\u00edn, dijo que los resultados est\u00e1n en manos de &quot;10 escribanos&quot; que dar\u00e1n a conocer el n\u00famero final &quot;a la noche&quot;. <a href=\"https:\/\/t.co\/ZsUkFsFOdM\">pic.twitter.com\/ZsUkFsFOdM<\/a><\/p>&mdash; Corta (@somoscorta) <a href=\"https:\/\/twitter.com\/somoscorta\/status\/1998047567448342840?ref_src=twsrc%5Etfw\">December 8, 2025<\/a><\/blockquote> <script async src=\"https:\/\/platform.twitter.com\/widgets.js\" charset=\"utf-8\"><\/script>\n\n\n\n<p>El r\u00e9cord vigente lo tiene Canad\u00e1 con&nbsp;<strong>1.685<\/strong>, por lo que el objetivo era superar esa marca. \u00abCreo que la gente todav\u00eda no es consciente de lo que va a ver. Es una imagen que le hace bien a cualquiera\u00bb, afirm\u00f3 el organizador a TN, que describi\u00f3 la secuencia como un \u00abpara\u00edso dorado\u00bb.<\/p>\n\n\n\n<blockquote class=\"twitter-tweet\" data-media-max-width=\"560\"><p lang=\"es\" dir=\"ltr\">\u00a1Muy buenos d\u00edas!<br><br>En este pa\u00eds hasta se rompi\u00f3 el r\u00e9cord de juntada de Golden Retriever. <br><br>Noticia dulce si las hay. <a href=\"https:\/\/t.co\/jHohooQ3b1\">pic.twitter.com\/jHohooQ3b1<\/a><\/p>&mdash; Mileia (Lau)\ud83e\uddd8\ud83c\udffc\u200d\u2640\ufe0f (@laudotzip) <a href=\"https:\/\/twitter.com\/laudotzip\/status\/1998344290666230128?ref_src=twsrc%5Etfw\">December 9, 2025<\/a><\/blockquote> <script async src=\"https:\/\/platform.twitter.com\/widgets.js\" charset=\"utf-8\"><\/script>\n\n\n\n<h2 class=\"wp-block-heading\">C\u00f3mo fue el evento<\/h2>\n\n\n\n<p>La juntada masiva de golden retrievers no tuvo escenario, vallas ni estructura, como si hubo en otros eventos. Se publicit\u00f3 con&nbsp;<strong>consignas claras&nbsp;<\/strong>para&nbsp;<strong>evitar incidentes y preservar el Parque Berl\u00edn<\/strong>, las cuales fueron: uso obligatorio de correa y collar con identificaci\u00f3n, llevar agua para la hidrataci\u00f3n de las mascotas, llevar bolsas para recolectar los desechos y equiparse con manta y mate para pasar la jornada.<\/p>\n\n\n\n<p>Sobre cu\u00e1nto fue el total de la convocatoria de perros de la misma raza, el influencer detall\u00f3:&nbsp;<strong>\u00abEst\u00e1 comprobado que los golden son muy apegados a los humanos. Ver m\u00e1s de 2.500 juntos es una experiencia \u00fanica\u00bb.<\/strong><\/p>\n\n\n\n<blockquote class=\"twitter-tweet\" data-media-max-width=\"560\"><p lang=\"es\" dir=\"ltr\">Hoy fui a la juntada de golden Retriever en Buenos Aires y d\u00e9jenme decirles que si el cielo existe seguramente se ver\u00eda as\u00ed <a href=\"https:\/\/t.co\/8q8o8DVx9e\">pic.twitter.com\/8q8o8DVx9e<\/a><\/p>&mdash; Andreina (@Andreinaa92) <a href=\"https:\/\/twitter.com\/Andreinaa92\/status\/1998181427670827394?ref_src=twsrc%5Etfw\">December 9, 2025<\/a><\/blockquote> <script async src=\"https:\/\/platform.twitter.com\/widgets.js\" charset=\"utf-8\"><\/script>\n\n\n\n<p>Sin embargo, antes que la estimaci\u00f3n oficial fuera confirmada, dijo que sus expectativas superaban los<strong>&nbsp;2.500 animales<\/strong>, una cifra que permitir\u00eda romper la marca mundial.<\/p>\n","protected":false},"excerpt":{"rendered":"<p>La iniciativa se llev\u00f3 a cabo ayer en el Parque Berl\u00edn de Palermo. Mir\u00e1 las im\u00e1genes de la espectacular \u00abmarea dorada\u00bb. Ayer en&nbsp;Palermo, se llev\u00f3 a cabo una masiva convocatoria de&nbsp;perros&nbsp;de la raza&nbsp;golden retrievers&nbsp;donde miles de familias coparon el&nbsp;Parque Berl\u00edn&nbsp;para intentar romper el&nbsp;r\u00e9cord mundial&nbsp;de la mayor juntada de ejemplares de esa raza. La iniciativa del<a class=\"read-more\" href=\"https:\/\/elfederalmendoza.com.ar\/index.php\/2025\/12\/09\/argentina-rompio-el-record-mundial-de-la-juntada-con-mas-golden-retriever\/\"> [&hellip;]<\/a><\/p>\n","protected":false},"author":2,"featured_media":35327,"comment_status":"open","ping_status":"open","sticky":false,"template":"","format":"standard","meta":{"footnotes":""},"categories":[5618],"tags":[],"class_list":["post-35326","post","type-post","status-publish","format-standard","has-post-thumbnail","hentry","category-arg"],"rttpg_featured_image_url":{"full":["https:\/\/elfederalmendoza.com.ar\/wp-content\/uploads\/2025\/12\/GOLDEN.jpg",949,532,false],"landscape":["https:\/\/elfederalmendoza.com.ar\/wp-content\/uploads\/2025\/12\/GOLDEN.jpg",949,532,false],"portraits":["https:\/\/elfederalmendoza.com.ar\/wp-content\/uploads\/2025\/12\/GOLDEN.jpg",949,532,false],"thumbnail":["https:\/\/elfederalmendoza.com.ar\/wp-content\/uploads\/2025\/12\/GOLDEN-150x150.jpg",150,150,true],"medium":["https:\/\/elfederalmendoza.com.ar\/wp-content\/uploads\/2025\/12\/GOLDEN-300x168.jpg",300,168,true],"large":["https:\/\/elfederalmendoza.com.ar\/wp-content\/uploads\/2025\/12\/GOLDEN.jpg",640,359,false],"1536x1536":["https:\/\/elfederalmendoza.com.ar\/wp-content\/uploads\/2025\/12\/GOLDEN.jpg",949,532,false],"2048x2048":["https:\/\/elfederalmendoza.com.ar\/wp-content\/uploads\/2025\/12\/GOLDEN.jpg",949,532,false],"ultp_layout_landscape_large":["https:\/\/elfederalmendoza.com.ar\/wp-content\/uploads\/2025\/12\/GOLDEN.jpg",949,532,false],"ultp_layout_landscape":["https:\/\/elfederalmendoza.com.ar\/wp-content\/uploads\/2025\/12\/GOLDEN-870x532.jpg",870,532,true],"ultp_layout_portrait":["https:\/\/elfederalmendoza.com.ar\/wp-content\/uploads\/2025\/12\/GOLDEN-600x532.jpg",600,532,true],"ultp_layout_square":["https:\/\/elfederalmendoza.com.ar\/wp-content\/uploads\/2025\/12\/GOLDEN-600x532.jpg",600,532,true],"rpwe-thumbnail":["https:\/\/elfederalmendoza.com.ar\/wp-content\/uploads\/2025\/12\/GOLDEN-45x45.jpg",45,45,true],"advps-thumb-one":["https:\/\/elfederalmendoza.com.ar\/wp-content\/uploads\/2025\/12\/GOLDEN-949x420.jpg",949,420,true]},"rttpg_author":{"display_name":"Redacci\u00f3n El Federal","author_link":"https:\/\/elfederalmendoza.com.ar\/index.php\/author\/angelflores\/"},"rttpg_comment":0,"rttpg_category":"<a href=\"https:\/\/elfederalmendoza.com.ar\/index.php\/category\/arg\/\" rel=\"category tag\">Argentina<\/a>","rttpg_excerpt":"La iniciativa se llev\u00f3 a cabo ayer en el Parque Berl\u00edn de Palermo. Mir\u00e1 las im\u00e1genes de la espectacular \u00abmarea dorada\u00bb. Ayer en&nbsp;Palermo, se llev\u00f3 a cabo una masiva convocatoria de&nbsp;perros&nbsp;de la raza&nbsp;golden retrievers&nbsp;donde miles de familias coparon el&nbsp;Parque Berl\u00edn&nbsp;para intentar romper el&nbsp;r\u00e9cord mundial&nbsp;de la mayor juntada de ejemplares de esa raza. La iniciativa del&hellip;","_links":{"self":[{"href":"https:\/\/elfederalmendoza.com.ar\/index.php\/wp-json\/wp\/v2\/posts\/35326","targetHints":{"allow":["GET"]}}],"collection":[{"href":"https:\/\/elfederalmendoza.com.ar\/index.php\/wp-json\/wp\/v2\/posts"}],"about":[{"href":"https:\/\/elfederalmendoza.com.ar\/index.php\/wp-json\/wp\/v2\/types\/post"}],"author":[{"embeddable":true,"href":"https:\/\/elfederalmendoza.com.ar\/index.php\/wp-json\/wp\/v2\/users\/2"}],"replies":[{"embeddable":true,"href":"https:\/\/elfederalmendoza.com.ar\/index.php\/wp-json\/wp\/v2\/comments?post=35326"}],"version-history":[{"count":2,"href":"https:\/\/elfederalmendoza.com.ar\/index.php\/wp-json\/wp\/v2\/posts\/35326\/revisions"}],"predecessor-version":[{"id":35330,"href":"https:\/\/elfederalmendoza.com.ar\/index.php\/wp-json\/wp\/v2\/posts\/35326\/revisions\/35330"}],"wp:featuredmedia":[{"embeddable":true,"href":"https:\/\/elfederalmendoza.com.ar\/index.php\/wp-json\/wp\/v2\/media\/35327"}],"wp:attachment":[{"href":"https:\/\/elfederalmendoza.com.ar\/index.php\/wp-json\/wp\/v2\/media?parent=35326"}],"wp:term":[{"taxonomy":"category","embeddable":true,"href":"https:\/\/elfederalmendoza.com.ar\/index.php\/wp-json\/wp\/v2\/categories?post=35326"},{"taxonomy":"post_tag","embeddable":true,"href":"https:\/\/elfederalmendoza.com.ar\/index.php\/wp-json\/wp\/v2\/tags?post=35326"}],"curies":[{"name":"wp","href":"https:\/\/api.w.org\/{rel}","templated":true}]}}