{"id":35331,"date":"2025-12-09T10:08:33","date_gmt":"2025-12-09T13:08:33","guid":{"rendered":"https:\/\/elfederalmendoza.com.ar\/?p=35331"},"modified":"2025-12-09T10:08:36","modified_gmt":"2025-12-09T13:08:36","slug":"mendoza-recibio-60-mil-turistas-este-finde-xl-y-dejo-un-impacto-economico-de-12-800-millones","status":"publish","type":"post","link":"https:\/\/elfederalmendoza.com.ar\/index.php\/2025\/12\/09\/mendoza-recibio-60-mil-turistas-este-finde-xl-y-dejo-un-impacto-economico-de-12-800-millones\/","title":{"rendered":"Mendoza recibi\u00f3 60 mil turistas este finde XL y dej\u00f3 un impacto econ\u00f3mico de $12.800 millones"},"content":{"rendered":"\n<p>Este feriado por el D\u00eda de la Inmaculada Concepci\u00f3n de Mar\u00eda conform\u00f3 un fin de semana XL que atrajo muchos turistas a la provincia. Sin embargo, las m\u00faltiples alternativas recreativas que ofrece Mendoza, como fiestas electr\u00f3nicas y la Fiesta Provincial de la Cerveza, impulsan la llegada de visitantes.<\/p>\n\n\n\n<p>Mendoza\u00a0volvi\u00f3 a destacarse como uno de los destinos preferidos del pa\u00eds durante el primer fin de semana de diciembre, que este a\u00f1o coincidi\u00f3 con un feriado XL y logr\u00f3 atraer a miles de visitantes.<\/p>\n\n\n\n<p>El fin de semana XL se conform\u00f3 gracias al feriado del lunes 8, D\u00eda de la Inmaculada Concepci\u00f3n de Mar\u00eda, lo que sum\u00f3 tres jornadas consecutivas de descanso y favoreci\u00f3 la llegada de&nbsp;<a href=\"https:\/\/www.losandes.com.ar\/temas\/turistas\">turistas<\/a>&nbsp;de distintos puntos del pa\u00eds. La fecha tambi\u00e9n atrajo a visitantes de pa\u00edses lim\u00edtrofes, especialmente de Chile, donde la efem\u00e9ride religiosa tambi\u00e9n tiene peso.<\/p>\n\n\n\n<p>A lo largo de esos d\u00edas, Mendoza ofreci\u00f3 una agenda cargada de opciones. Entre las actividades m\u00e1s convocantes estuvieron la Fiesta Provincial de la Cerveza y el show de Catt\u00e1neo, junto con una gran cantidad de sunsets en distintos escenarios de la provincia.<\/p>\n\n\n\n<figure class=\"wp-block-image\" id=\"672855-Libre-820097143_wrap\"><img decoding=\"async\" src=\"https:\/\/media.losandes.com.ar\/p\/1b8faf218ea65a600af38cd96adca11b\/adjuntos\/368\/imagenes\/100\/673\/0100673230\/1000x0\/smart\/mendoza-recibio-60-mil-turistas-este-finde-xl.jpg\" alt=\"Mendoza recibi\u00f3 60 mil turistas este finde XL.\" title=\"Mendoza recibi\u00f3 60 mil turistas este finde XL.\"\/><figcaption class=\"wp-element-caption\">Mendoza recibi\u00f3 60 mil turistas este finde XL.&nbsp;Prensa Gobierno Mendoza<\/figcaption><\/figure>\n\n\n\n<p>A esto se sumaron experiencias especiales en espacios naturales, propuestas gastron\u00f3micas y diferentes actividades culturales que ya se volvieron parte del atractivo habitual del inicio de diciembre.<\/p>\n\n\n\n<h2 class=\"wp-block-heading\">En cifras, c\u00f3mo fue el\u00a0turismo\u00a0en Mendoza este finde XL<\/h2>\n\n\n\n<p>Con un movimiento sostenido desde el viernes por la ma\u00f1ana, el fin de semana arroj\u00f3 un balance muy favorable.<\/p>\n\n\n\n<p>Con cerca de 60.000 turistas que visitaron la provincia se produjo un ingreso econ\u00f3mico estimado en $12.800 millones, teniendo en cuenta una estad\u00eda promedio de 2,5 d\u00edas y un gasto diario por persona de $89.000. Estos datos reflejan una inyecci\u00f3n de capital muy significativa para la econom\u00eda local, que no solamente impacta en los sectores tur\u00edsticos tradicionales, sino tambi\u00e9n en el comercio general y los servicios cotidianos que consumen tanto visitantes como residentes.<\/p>\n\n\n\n<p>Gabriela Testa destac\u00f3 los resultados del fin de semana y subray\u00f3 la importancia estrat\u00e9gica del feriado. \u201cNo siempre tenemos la fortuna de que se genere un fin de semana largo para esta efem\u00e9ride y en esta ocasi\u00f3n, s\u00ed. Esto potencia la llegada de visitantes nacionales y extranjeros en una fecha, como es la del primer fin de semana de diciembre, que ya se ha posicionado en la agenda nacional. El mayor atractor de este fin de semana es la agenda cultural y art\u00edstica, a la que se le suma el enoturismo, la gastronom\u00eda, el turismo aventura, la monta\u00f1a y los deportes\u201d.<\/p>\n\n\n\n<figure class=\"wp-block-image\" id=\"672856-Libre-722255917_wrap\"><img decoding=\"async\" src=\"https:\/\/media.losandes.com.ar\/p\/0acab0222f3aa68f17ab444389a8d520\/adjuntos\/368\/imagenes\/100\/673\/0100673231\/1000x0\/smart\/mendoza-recibio-60-mil-turistas-este-finde-xl.jpg\" alt=\"Mendoza recibi\u00f3 60 mil turistas este finde XL.\" title=\"Mendoza recibi\u00f3 60 mil turistas este finde XL.\"\/><figcaption class=\"wp-element-caption\">Mendoza recibi\u00f3 60 mil turistas este finde XL.&nbsp;Prensa Gobierno Mendoza<\/figcaption><\/figure>\n\n\n\n<p>Sobre el movimiento tur\u00edstico general, se\u00f1al\u00f3: \u201cLos n\u00fameros fueron muy buenos y superaron nuestras expectativas. Venimos de un fin de semana largo de cuatro d\u00edas, hace apenas 20 d\u00edas y aun as\u00ed hubo un gran flujo tur\u00edstico. Las \u00e1reas de mayor impacto fueron el Gran Mendoza, Ruta 82, Potrerillos, Cacheuta , el impacto tambi\u00e9n favoreci\u00f3 a Uspallata. Mientras el sur provincial promedi\u00f3 el 40%, con mayor ocupaci\u00f3n en las villas sanrafaelinas\u201d.<\/p>\n\n\n\n<h2 class=\"wp-block-heading\">Mendoza, entre los 5 destinos m\u00e1s elegidos<\/h2>\n\n\n\n<p>Seg\u00fan datos de la C\u00e1mara Argentina de Turismo, Mendoza estuvo, durante estos d\u00edas, entre los cinco destinos m\u00e1s elegidos del pa\u00eds.<\/p>\n\n\n\n<p>Finalmente, Testa se refiri\u00f3 a la importancia econ\u00f3mica del turismo y a la campa\u00f1a vigente: \u201cPara los mendocinos es muy importante la visita de los turistas, porque ese impacto econ\u00f3mico no s\u00f3lo redunda en los negocios tur\u00edsticos o las fiestas, sino tambi\u00e9n en todos los comercios.\u201d<\/p>\n\n\n\n<p>\u201cMendoza es la \u00fanica provincia que sali\u00f3 con una propuesta concreta detr\u00e1s de la campa\u00f1a \u2018Mendoza, manso destino\u2019, que incluye \u2018Manso Men\u00fa\u2019, \u2018Manso Bodega\u2019 y \u2018Manso Alojamiento\u2019. Estas opciones, vigentes para mendocinos y turistas hasta el 15 de febrero, representan un esfuerzo de los sectores p\u00fablico y privado para atraer visitantes\u201d, agreg\u00f3 la funcionaria.<\/p>\n\n\n\n<figure class=\"wp-block-image\" id=\"672857-Libre-1252640064_wrap\"><img decoding=\"async\" src=\"https:\/\/media.losandes.com.ar\/p\/a28248410c37dd3654e74a7030226693\/adjuntos\/368\/imagenes\/100\/673\/0100673232\/1000x0\/smart\/mendoza-recibio-60-mil-turistas-este-finde-xl.jpg\" alt=\"Mendoza recibi\u00f3 60 mil turistas este finde XL.\" title=\"Mendoza recibi\u00f3 60 mil turistas este finde XL.\"\/><figcaption class=\"wp-element-caption\">Mendoza recibi\u00f3 60 mil turistas este finde XL.&nbsp;Prensa Gobierno Mendoza<\/figcaption><\/figure>\n\n\n\n<p>El fin de semana XL dej\u00f3 un saldo altamente positivo, reforzando el dinamismo tur\u00edstico de Mendoza y demostrando que la combinaci\u00f3n de agenda cultural, naturaleza, gastronom\u00eda y calidad en los servicios contin\u00faa siendo uno de los principales diferenciales competitivos de la provincia.<\/p>\n\n\n\n<h2 class=\"wp-block-heading\">Fiesta Provincial de la Cerveza<\/h2>\n\n\n\n<p>Hoy y ma\u00f1ana continua el gran patio cervecero del oeste del pa\u00eds, organizada por la Municipalidad de Godoy Cruz.<\/p>\n\n\n\n<p>Este a\u00f1o, este mega evento ofrece distintas propuestas distribuidas por todo el predio. Podremos encontrar espacios para todas las edades y gustos:<\/p>\n\n\n\n<ul class=\"wp-block-list\">\n<li>M\u00e1s de 30 emprendedores locales con productos de dise\u00f1o y artesan\u00edas.<\/li>\n\n\n\n<li>Foodtrucks con opciones gastron\u00f3micas variadas.<\/li>\n\n\n\n<li>Los tradicionales puestos cerveceros que conforman el coraz\u00f3n del festival.<\/li>\n\n\n\n<li>La m\u00fasica de las bandas mendocinas ganadoras del concurso Marciano Cantero.<\/li>\n<\/ul>\n\n\n\n<p>Lunes 8 de diciembre: L\u00eela, Flaco Kev, Destierra, La Pandilla de la Muerte, Ciro y los Persas, La Franela, Piti Fern\u00e1ndez.<\/p>\n\n\n\n<p>Martes 9 de diciembre: Gast\u00f3n \u201cTonchi\u201d Fern\u00e1ndez, El Gremio Tropical, Brassass, Hidalgo y sus Gal\u00e1cticos, La Banda de Carlitos (LBC) y Euge Quevedo, Damas Gratis.<\/p>\n\n\n\n<p>Los Andes<\/p>\n","protected":false},"excerpt":{"rendered":"<p>Este feriado por el D\u00eda de la Inmaculada Concepci\u00f3n de Mar\u00eda conform\u00f3 un fin de semana XL que atrajo muchos turistas a la provincia. Sin embargo, las m\u00faltiples alternativas recreativas que ofrece Mendoza, como fiestas electr\u00f3nicas y la Fiesta Provincial de la Cerveza, impulsan la llegada de visitantes. Mendoza\u00a0volvi\u00f3 a destacarse como uno de los<a class=\"read-more\" href=\"https:\/\/elfederalmendoza.com.ar\/index.php\/2025\/12\/09\/mendoza-recibio-60-mil-turistas-este-finde-xl-y-dejo-un-impacto-economico-de-12-800-millones\/\"> [&hellip;]<\/a><\/p>\n","protected":false},"author":2,"featured_media":35332,"comment_status":"open","ping_status":"open","sticky":false,"template":"","format":"standard","meta":{"footnotes":""},"categories":[1],"tags":[],"class_list":["post-35331","post","type-post","status-publish","format-standard","has-post-thumbnail","hentry","category-mza"],"rttpg_featured_image_url":{"full":["https:\/\/elfederalmendoza.com.ar\/wp-content\/uploads\/2025\/12\/turistas1.jpg",1600,1070,false],"landscape":["https:\/\/elfederalmendoza.com.ar\/wp-content\/uploads\/2025\/12\/turistas1.jpg",1600,1070,false],"portraits":["https:\/\/elfederalmendoza.com.ar\/wp-content\/uploads\/2025\/12\/turistas1.jpg",1600,1070,false],"thumbnail":["https:\/\/elfederalmendoza.com.ar\/wp-content\/uploads\/2025\/12\/turistas1-150x150.jpg",150,150,true],"medium":["https:\/\/elfederalmendoza.com.ar\/wp-content\/uploads\/2025\/12\/turistas1-300x201.jpg",300,201,true],"large":["https:\/\/elfederalmendoza.com.ar\/wp-content\/uploads\/2025\/12\/turistas1-1024x685.jpg",640,428,true],"1536x1536":["https:\/\/elfederalmendoza.com.ar\/wp-content\/uploads\/2025\/12\/turistas1-1536x1027.jpg",1536,1027,true],"2048x2048":["https:\/\/elfederalmendoza.com.ar\/wp-content\/uploads\/2025\/12\/turistas1.jpg",1600,1070,false],"ultp_layout_landscape_large":["https:\/\/elfederalmendoza.com.ar\/wp-content\/uploads\/2025\/12\/turistas1-1200x800.jpg",1200,800,true],"ultp_layout_landscape":["https:\/\/elfederalmendoza.com.ar\/wp-content\/uploads\/2025\/12\/turistas1-870x570.jpg",870,570,true],"ultp_layout_portrait":["https:\/\/elfederalmendoza.com.ar\/wp-content\/uploads\/2025\/12\/turistas1-600x900.jpg",600,900,true],"ultp_layout_square":["https:\/\/elfederalmendoza.com.ar\/wp-content\/uploads\/2025\/12\/turistas1-600x600.jpg",600,600,true],"rpwe-thumbnail":["https:\/\/elfederalmendoza.com.ar\/wp-content\/uploads\/2025\/12\/turistas1-45x45.jpg",45,45,true],"advps-thumb-one":["https:\/\/elfederalmendoza.com.ar\/wp-content\/uploads\/2025\/12\/turistas1-1200x420.jpg",1200,420,true]},"rttpg_author":{"display_name":"Redacci\u00f3n El Federal","author_link":"https:\/\/elfederalmendoza.com.ar\/index.php\/author\/angelflores\/"},"rttpg_comment":0,"rttpg_category":"<a href=\"https:\/\/elfederalmendoza.com.ar\/index.php\/category\/mza\/\" rel=\"category tag\">Mendoza<\/a>","rttpg_excerpt":"Este feriado por el D\u00eda de la Inmaculada Concepci\u00f3n de Mar\u00eda conform\u00f3 un fin de semana XL que atrajo muchos turistas a la provincia. Sin embargo, las m\u00faltiples alternativas recreativas que ofrece Mendoza, como fiestas electr\u00f3nicas y la Fiesta Provincial de la Cerveza, impulsan la llegada de visitantes. Mendoza\u00a0volvi\u00f3 a destacarse como uno de los&hellip;","_links":{"self":[{"href":"https:\/\/elfederalmendoza.com.ar\/index.php\/wp-json\/wp\/v2\/posts\/35331","targetHints":{"allow":["GET"]}}],"collection":[{"href":"https:\/\/elfederalmendoza.com.ar\/index.php\/wp-json\/wp\/v2\/posts"}],"about":[{"href":"https:\/\/elfederalmendoza.com.ar\/index.php\/wp-json\/wp\/v2\/types\/post"}],"author":[{"embeddable":true,"href":"https:\/\/elfederalmendoza.com.ar\/index.php\/wp-json\/wp\/v2\/users\/2"}],"replies":[{"embeddable":true,"href":"https:\/\/elfederalmendoza.com.ar\/index.php\/wp-json\/wp\/v2\/comments?post=35331"}],"version-history":[{"count":1,"href":"https:\/\/elfederalmendoza.com.ar\/index.php\/wp-json\/wp\/v2\/posts\/35331\/revisions"}],"predecessor-version":[{"id":35333,"href":"https:\/\/elfederalmendoza.com.ar\/index.php\/wp-json\/wp\/v2\/posts\/35331\/revisions\/35333"}],"wp:featuredmedia":[{"embeddable":true,"href":"https:\/\/elfederalmendoza.com.ar\/index.php\/wp-json\/wp\/v2\/media\/35332"}],"wp:attachment":[{"href":"https:\/\/elfederalmendoza.com.ar\/index.php\/wp-json\/wp\/v2\/media?parent=35331"}],"wp:term":[{"taxonomy":"category","embeddable":true,"href":"https:\/\/elfederalmendoza.com.ar\/index.php\/wp-json\/wp\/v2\/categories?post=35331"},{"taxonomy":"post_tag","embeddable":true,"href":"https:\/\/elfederalmendoza.com.ar\/index.php\/wp-json\/wp\/v2\/tags?post=35331"}],"curies":[{"name":"wp","href":"https:\/\/api.w.org\/{rel}","templated":true}]}}