{"id":35337,"date":"2025-12-10T18:59:15","date_gmt":"2025-12-10T21:59:15","guid":{"rendered":"https:\/\/elfederalmendoza.com.ar\/?p=35337"},"modified":"2025-12-10T18:59:16","modified_gmt":"2025-12-10T21:59:16","slug":"por-culpa-tuya-nos-fuimos-para-siempre-la-carta-del-hombre-que-se-mato-tras-quitarle-la-vida-a-su-hijo","status":"publish","type":"post","link":"https:\/\/elfederalmendoza.com.ar\/index.php\/2025\/12\/10\/por-culpa-tuya-nos-fuimos-para-siempre-la-carta-del-hombre-que-se-mato-tras-quitarle-la-vida-a-su-hijo\/","title":{"rendered":"\u00abPor culpa tuya nos fuimos para siempre\u00bb: la carta del hombre que se mat\u00f3 tras quitarle la vida a su hijo"},"content":{"rendered":"\n<p>En un hecho que no deja de conmocionar por su grado de\u00a0<strong>violencia<\/strong>, Gustavo Su\u00e1rez, el hombre de 48 a\u00f1os que le quit\u00f3 la vida a su peque\u00f1o hijo de 4 a\u00f1os y despu\u00e9s se mat\u00f3, hab\u00eda dejado una\u00a0<strong>carta<\/strong>\u00a0donde culpa de las muertes a la madre del menor y le pidi\u00f3 que se \u201chaga cargo\u201d del doble crimen.<\/p>\n\n\n\n<p>El lamentable hecho sucedi\u00f3 en la madrugada de este martes 9 de diciembre, en el partido bonaerense de Coronel Su\u00e1rez, provincia de&nbsp;<strong>Buenos Aires<\/strong>, cuando el hombre estacion\u00f3 el cami\u00f3n que conduc\u00eda a 150 metros de la ruta 60, llam\u00f3 por tel\u00e9fono a su ex mujer, Daiana Garc\u00eda y la alert\u00f3 sobre lo que iba a hacer.<\/p>\n\n\n\n<p>Daiana Garc\u00eda, que es sargento de la Polic\u00eda Comunal, dio aviso a los efectivos para que se arrimen al lugar con urgencia por un supuesto&nbsp;<strong>crimen<\/strong>&nbsp;en puerta, sin embargo, cuando llegaron, se encontraron con una escena de&nbsp;<strong>violencia<\/strong>&nbsp;extrema, dentro del veh\u00edculo estacionado, ambos con un disparo en la cabeza, el menor a\u00fan ten\u00eda algunos signos vitales, finalmente falleci\u00f3 en el hospital.<\/p>\n\n\n\n<figure class=\"wp-block-image\" id=\"1742884-Libre-1355349738_wrap\"><img decoding=\"async\" src=\"https:\/\/media.diariouno.com.ar\/p\/ab4ff12786da3ee6defe0cb8a932551a\/adjuntos\/298\/imagenes\/009\/670\/0009670460\/1200x0\/smart\/violencia-gustavo-suarez-buenos-aires.jpg\" alt=\"\" title=\"\"\/><\/figure>\n\n\n\n<h2 class=\"wp-block-heading\">Violencia: la carta que eriza la piel<\/h2>\n\n\n\n<p>El hombre, autor del hecho de&nbsp;<strong>violencia&nbsp;<\/strong>y<strong>&nbsp;doble crimen&nbsp;<\/strong>en<strong>&nbsp;Buenos Aires<\/strong>, hab\u00eda anticipado el suceso a trav\u00e9s de una&nbsp;<strong>carta<\/strong>&nbsp;que public\u00f3 en los estados de WhatsApp: \u201cPor culpa tuya nos fuimos para siempre. Jam\u00e1s vas a poder olvidar a Fran y a m\u00ed, aunque no te guste eso, y por culpa tuya nos fuimos para siempre. Por ser una (&#8230;) que \u00e9l no merec\u00eda y muy mala mujer\u201d.<\/p>\n\n\n\n<p>\u201cDaiana, nos vamos con Fran as\u00ed est\u00e1s tranquila como lo decidiste, te propusimos que no te vayas a Pig\u00fc\u00e9 y lo hiciste igual, no te import\u00f3 el amor de tu hijo, as\u00ed que ahora hacete cargo de tus actos\u201d, continu\u00f3 el escrito.<\/p>\n\n\n\n<p>En l\u00ednea, el hombre insisti\u00f3: \u201cMe volviste a mentir en la cara, te burlaste de m\u00ed otra vez y no te lo voy a permitir. Siempre con mentiras como vos est\u00e1s acostumbrada a tratar a todo el mundo. Ten\u00e9s que aprender a no mentir y jugar con las personas o sus sentimientos\u201d.<\/p>\n\n\n\n<p>\u201cYo te hab\u00eda dejado el camino libre hasta hace poco cuando me empezaste a invitar a tu casa y me propusiste irnos a vivir a otro lado y tener otro hijo. Me parec\u00eda medio loco todo, pero lo \u00fanico que quer\u00eda era ver a mi hijo crecer feliz con su mam\u00e1 y pap\u00e1 y con un hermanito m\u00e1s\u201d, a\u00f1adi\u00f3.<\/p>\n\n\n\n<p>\u201cLuego arrancaste con un martes trece como siempre, ahora a llorar a la iglesia, Daiana Garc\u00eda. Me voy con mi beb\u00e9 Francisco porque le promet\u00ed cuidarlo siempre y as\u00ed lo har\u00e9. \u00c9l va a estar bien junto a m\u00ed d\u00f3nde quiera que estemos y no en una vida de mierda que le pod\u00e9s dar vos ac\u00e1, dej\u00e1ndolo tirado en un lado u otro para irte con alg\u00fan macho porque es lo primero que siempre haces\u201d, insisti\u00f3.<\/p>\n\n\n\n<p>\u201cA vos el nene no te importa y nunca te import\u00f3. Ahora segu\u00ed con tu vida como vos dec\u00eds, con tus 34 a\u00f1os, pero veamos qu\u00e9 tan feliz sos cuando veas un nene como Fran con su mam\u00e1, con su guardapolvo de jard\u00edn como usaba tu hijo o veas ni\u00f1os jugando como podr\u00eda estar \u00e9l y se lo arrebataste vos por una vida de turra. Te plantear\u00e1s si es mejor vida esa o la de una familia\u201d, agreg\u00f3.<\/p>\n\n\n\n<figure class=\"wp-block-image\" id=\"1742883-Libre-2048773612_wrap\"><img decoding=\"async\" src=\"https:\/\/media.diariouno.com.ar\/p\/8d7f785154ffc45608265f1164433f3f\/adjuntos\/298\/imagenes\/009\/670\/0009670459\/1200x0\/smart\/carta-violencia-gustavo-suarez.jpg\" alt=\"\" title=\"\"\/><\/figure>\n\n\n\n<p>\u201cNo vale la pena despedirnos porque no te lo mereces. Me voy convencido de que la vida siempre te devuelve todo lo que das. Amor y respeto hacia los dem\u00e1s y vos nunca vas a tener eso para con vos, Daiana Garc\u00eda\u201d, cerr\u00f3 Su\u00e1rez.<\/p>\n","protected":false},"excerpt":{"rendered":"<p>En un hecho que no deja de conmocionar por su grado de\u00a0violencia, Gustavo Su\u00e1rez, el hombre de 48 a\u00f1os que le quit\u00f3 la vida a su peque\u00f1o hijo de 4 a\u00f1os y despu\u00e9s se mat\u00f3, hab\u00eda dejado una\u00a0carta\u00a0donde culpa de las muertes a la madre del menor y le pidi\u00f3 que se \u201chaga cargo\u201d del<a class=\"read-more\" href=\"https:\/\/elfederalmendoza.com.ar\/index.php\/2025\/12\/10\/por-culpa-tuya-nos-fuimos-para-siempre-la-carta-del-hombre-que-se-mato-tras-quitarle-la-vida-a-su-hijo\/\"> [&hellip;]<\/a><\/p>\n","protected":false},"author":2,"featured_media":35338,"comment_status":"open","ping_status":"open","sticky":false,"template":"","format":"standard","meta":{"footnotes":""},"categories":[5618],"tags":[],"class_list":["post-35337","post","type-post","status-publish","format-standard","has-post-thumbnail","hentry","category-arg"],"rttpg_featured_image_url":{"full":["https:\/\/elfederalmendoza.com.ar\/wp-content\/uploads\/2025\/12\/sui.jpg",875,550,false],"landscape":["https:\/\/elfederalmendoza.com.ar\/wp-content\/uploads\/2025\/12\/sui.jpg",875,550,false],"portraits":["https:\/\/elfederalmendoza.com.ar\/wp-content\/uploads\/2025\/12\/sui.jpg",875,550,false],"thumbnail":["https:\/\/elfederalmendoza.com.ar\/wp-content\/uploads\/2025\/12\/sui-150x150.jpg",150,150,true],"medium":["https:\/\/elfederalmendoza.com.ar\/wp-content\/uploads\/2025\/12\/sui-300x189.jpg",300,189,true],"large":["https:\/\/elfederalmendoza.com.ar\/wp-content\/uploads\/2025\/12\/sui.jpg",640,402,false],"1536x1536":["https:\/\/elfederalmendoza.com.ar\/wp-content\/uploads\/2025\/12\/sui.jpg",875,550,false],"2048x2048":["https:\/\/elfederalmendoza.com.ar\/wp-content\/uploads\/2025\/12\/sui.jpg",875,550,false],"ultp_layout_landscape_large":["https:\/\/elfederalmendoza.com.ar\/wp-content\/uploads\/2025\/12\/sui.jpg",875,550,false],"ultp_layout_landscape":["https:\/\/elfederalmendoza.com.ar\/wp-content\/uploads\/2025\/12\/sui-870x550.jpg",870,550,true],"ultp_layout_portrait":["https:\/\/elfederalmendoza.com.ar\/wp-content\/uploads\/2025\/12\/sui-600x550.jpg",600,550,true],"ultp_layout_square":["https:\/\/elfederalmendoza.com.ar\/wp-content\/uploads\/2025\/12\/sui-600x550.jpg",600,550,true],"rpwe-thumbnail":["https:\/\/elfederalmendoza.com.ar\/wp-content\/uploads\/2025\/12\/sui-45x45.jpg",45,45,true],"advps-thumb-one":["https:\/\/elfederalmendoza.com.ar\/wp-content\/uploads\/2025\/12\/sui-875x420.jpg",875,420,true]},"rttpg_author":{"display_name":"Redacci\u00f3n El Federal","author_link":"https:\/\/elfederalmendoza.com.ar\/index.php\/author\/angelflores\/"},"rttpg_comment":0,"rttpg_category":"<a href=\"https:\/\/elfederalmendoza.com.ar\/index.php\/category\/arg\/\" rel=\"category tag\">Argentina<\/a>","rttpg_excerpt":"En un hecho que no deja de conmocionar por su grado de\u00a0violencia, Gustavo Su\u00e1rez, el hombre de 48 a\u00f1os que le quit\u00f3 la vida a su peque\u00f1o hijo de 4 a\u00f1os y despu\u00e9s se mat\u00f3, hab\u00eda dejado una\u00a0carta\u00a0donde culpa de las muertes a la madre del menor y le pidi\u00f3 que se \u201chaga cargo\u201d del&hellip;","_links":{"self":[{"href":"https:\/\/elfederalmendoza.com.ar\/index.php\/wp-json\/wp\/v2\/posts\/35337","targetHints":{"allow":["GET"]}}],"collection":[{"href":"https:\/\/elfederalmendoza.com.ar\/index.php\/wp-json\/wp\/v2\/posts"}],"about":[{"href":"https:\/\/elfederalmendoza.com.ar\/index.php\/wp-json\/wp\/v2\/types\/post"}],"author":[{"embeddable":true,"href":"https:\/\/elfederalmendoza.com.ar\/index.php\/wp-json\/wp\/v2\/users\/2"}],"replies":[{"embeddable":true,"href":"https:\/\/elfederalmendoza.com.ar\/index.php\/wp-json\/wp\/v2\/comments?post=35337"}],"version-history":[{"count":1,"href":"https:\/\/elfederalmendoza.com.ar\/index.php\/wp-json\/wp\/v2\/posts\/35337\/revisions"}],"predecessor-version":[{"id":35339,"href":"https:\/\/elfederalmendoza.com.ar\/index.php\/wp-json\/wp\/v2\/posts\/35337\/revisions\/35339"}],"wp:featuredmedia":[{"embeddable":true,"href":"https:\/\/elfederalmendoza.com.ar\/index.php\/wp-json\/wp\/v2\/media\/35338"}],"wp:attachment":[{"href":"https:\/\/elfederalmendoza.com.ar\/index.php\/wp-json\/wp\/v2\/media?parent=35337"}],"wp:term":[{"taxonomy":"category","embeddable":true,"href":"https:\/\/elfederalmendoza.com.ar\/index.php\/wp-json\/wp\/v2\/categories?post=35337"},{"taxonomy":"post_tag","embeddable":true,"href":"https:\/\/elfederalmendoza.com.ar\/index.php\/wp-json\/wp\/v2\/tags?post=35337"}],"curies":[{"name":"wp","href":"https:\/\/api.w.org\/{rel}","templated":true}]}}