{"id":35352,"date":"2025-12-14T10:47:34","date_gmt":"2025-12-14T13:47:34","guid":{"rendered":"https:\/\/elfederalmendoza.com.ar\/?p=35352"},"modified":"2025-12-14T10:47:35","modified_gmt":"2025-12-14T13:47:35","slug":"me-lo-confeso-antes-de-morir-carlos-ruckauf-revelo-quien-fue-el-gran-amor-de-la-vida-de-carlos-menem","status":"publish","type":"post","link":"https:\/\/elfederalmendoza.com.ar\/index.php\/2025\/12\/14\/me-lo-confeso-antes-de-morir-carlos-ruckauf-revelo-quien-fue-el-gran-amor-de-la-vida-de-carlos-menem\/","title":{"rendered":"\u00abMe lo confes\u00f3 antes de morir\u00bb: Carlos Ruckauf revel\u00f3 qui\u00e9n fue el gran amor de la vida de Carlos Menem"},"content":{"rendered":"\n<p>El pol\u00edtico y exvicepresidente argentino, hizo p\u00fablico qui\u00e9n fue la mujer de la vida de Carlos Menem, en medio del \u00e9xito de la serie \u00abMenem\u00bb.<\/p>\n\n\n\n<p><strong>Carlos Ruckauf\u00a0<\/strong>hizo un m\u00f3vil en vivo con el programa \u201cMujeres Argentinas\u201d, que conduce\u00a0<strong>Mar\u00eda Bel\u00e9n Ludue\u00f1a<\/strong>\u00a0(Eltrece) y sorprendi\u00f3 con\u00a0declaraciones \u00edntimas sobre<strong>\u00a0Carlos Menem<\/strong>, en medio del impacto que gener\u00f3 la<strong>\u00a0serie \u00abMenem\u00bb\u00a0<\/strong>que toca temas de la<strong>\u00a0vida p\u00fablica y privada del expresidente en los &#8217;90<\/strong>.<\/p>\n\n\n\n<p><strong>Ruckauf<\/strong>, quien fue vicepresidente durante el segundo mandato de Menem, habl\u00f3 del v\u00ednculo entre el exmandatario y\u00a0<strong>Zulema Yoma<\/strong>\u00a0y despej\u00f3 algunas inc\u00f3gnitas que sembr\u00f3 la serie de Prime Video.<\/p>\n\n\n\n<h2 class=\"wp-block-heading\">Zulema Yoma fue la mujer m\u00e1s importante en la vida de Carlos Menem<\/h2>\n\n\n\n<p>Durante el m\u00f3vil, el exfuncionario revel\u00f3 una confesi\u00f3n que, seg\u00fan relat\u00f3,\u00a0<strong>Menem le hizo en confianza poco tiempo antes de morir<\/strong>. \u201c<strong>\u00a0Carlos Menem, dos a\u00f1os antes de morir, me dijo \u2018la mujer de mi vida fue Zulema Menem\u2019<\/strong>. Para tantas que se atribuyen el tema\u201d, lanz\u00f3 Ruckauf ante la sorpresa de las panelistas del programa.<\/p>\n\n\n\n<figure class=\"wp-block-embed is-type-video is-provider-youtube wp-block-embed-youtube wp-embed-aspect-16-9 wp-has-aspect-ratio\"><div class=\"wp-block-embed__wrapper\">\n<iframe loading=\"lazy\" title=\"&quot;MENEM MURI\u00d3 DE LA MANO DE ZULEMA&quot;: Ruckauf revel\u00f3 que le hab\u00eda confesado que FUE EL AMOR DE SU VIDA\" width=\"640\" height=\"360\" src=\"https:\/\/www.youtube.com\/embed\/uwaFIiVcN2Q?feature=oembed\" frameborder=\"0\" allow=\"accelerometer; autoplay; clipboard-write; encrypted-media; gyroscope; picture-in-picture; web-share\" referrerpolicy=\"strict-origin-when-cross-origin\" allowfullscreen><\/iframe>\n<\/div><\/figure>\n\n\n\n<p>La declaraci\u00f3n cobr\u00f3 fuerza en medio del recuerdo de una historia que combin\u00f3 poder, esc\u00e1ndalo, distancias y reencuentros. A pesar de la separaci\u00f3n y los a\u00f1os marcados por conflictos, Menem, seg\u00fan su exvicepresidente,&nbsp;<strong>siempre consider\u00f3 a Zulema Yoma como el gran amor de su vida<\/strong>.<\/p>\n\n\n\n<p>Ante la pregunta sobre si el expresidente alguna vez se lo dijo a ella, Ruckauf respondi\u00f3: \u201cImagino que s\u00ed. Zulemita me cont\u00f3 con mucha emoci\u00f3n que<strong>&nbsp;Carlos falleci\u00f3 agarrado de la mano de Zulema<\/strong>\u201d. La escena, narrada por el dirigente, aport\u00f3 una imagen final que contrasta con la historia p\u00fablica.<\/p>\n\n\n\n<h2 class=\"wp-block-heading\">El rol de Zulemita en los \u00faltimos a\u00f1os de Carlos Menem<\/h2>\n\n\n\n<p>Tambi\u00e9n\u00a0<strong>elogi\u00f3 el rol de\u00a0<a href=\"https:\/\/www.losandes.com.ar\/temas\/zulemita-menem\">Zulemita<\/a> <a href=\"https:\/\/www.losandes.com.ar\/temas\/zulemita-menem\">Menem<\/a>,<\/strong>\u00a0a quien defini\u00f3 como una figura clave en los \u00faltimos a\u00f1os de su padre. \u201cY me dijo adem\u00e1s que<strong>\u00a0Zulemita era una hija incre\u00edble\u00a0<\/strong>que lo estaba cuidando en los peores momentos de su vida\u201d, sostuvo.<\/p>\n\n\n\n<p>Ruckauf tambi\u00e9n record\u00f3 una frase que Menem le dej\u00f3 como reflexi\u00f3n personal. \u201c<strong>Cuando uno deja el poder, suenan menos los tel\u00e9fonos<\/strong>\u201d, dijo el exmandatario, seg\u00fan el testimonio de su compa\u00f1ero pol\u00edtico.<\/p>\n\n\n\n<figure class=\"wp-block-image\"><img decoding=\"async\" src=\"https:\/\/media.losandes.com.ar\/p\/8edb9dc34535716d8f798cdff930af69\/adjuntos\/368\/imagenes\/100\/272\/0100272063\/1000x0\/smart\/el-dia-que-zulema-yoma-conto-que-carlos-menem-la-acompano-abortar.jpg\" alt=\"El d\u00eda que Zulema Yoma cont\u00f3 que Carlos Menem la acompa\u00f1\u00f3 a abortar\" title=\"El d\u00eda que Zulema Yoma cont\u00f3 que Carlos Menem la acompa\u00f1\u00f3 a abortar\"\/><\/figure>\n\n\n\n<p>El d\u00eda que Zulema Yoma cont\u00f3 que Carlos Menem la acompa\u00f1\u00f3 a abortar<\/p>\n","protected":false},"excerpt":{"rendered":"<p>El pol\u00edtico y exvicepresidente argentino, hizo p\u00fablico qui\u00e9n fue la mujer de la vida de Carlos Menem, en medio del \u00e9xito de la serie \u00abMenem\u00bb. Carlos Ruckauf\u00a0hizo un m\u00f3vil en vivo con el programa \u201cMujeres Argentinas\u201d, que conduce\u00a0Mar\u00eda Bel\u00e9n Ludue\u00f1a\u00a0(Eltrece) y sorprendi\u00f3 con\u00a0declaraciones \u00edntimas sobre\u00a0Carlos Menem, en medio del impacto que gener\u00f3 la\u00a0serie \u00abMenem\u00bb\u00a0que toca<a class=\"read-more\" href=\"https:\/\/elfederalmendoza.com.ar\/index.php\/2025\/12\/14\/me-lo-confeso-antes-de-morir-carlos-ruckauf-revelo-quien-fue-el-gran-amor-de-la-vida-de-carlos-menem\/\"> [&hellip;]<\/a><\/p>\n","protected":false},"author":2,"featured_media":35353,"comment_status":"open","ping_status":"open","sticky":false,"template":"","format":"standard","meta":{"footnotes":""},"categories":[5618],"tags":[],"class_list":["post-35352","post","type-post","status-publish","format-standard","has-post-thumbnail","hentry","category-arg"],"rttpg_featured_image_url":{"full":["https:\/\/elfederalmendoza.com.ar\/wp-content\/uploads\/2025\/12\/ruckauf.jpg",1200,740,false],"landscape":["https:\/\/elfederalmendoza.com.ar\/wp-content\/uploads\/2025\/12\/ruckauf.jpg",1200,740,false],"portraits":["https:\/\/elfederalmendoza.com.ar\/wp-content\/uploads\/2025\/12\/ruckauf.jpg",1200,740,false],"thumbnail":["https:\/\/elfederalmendoza.com.ar\/wp-content\/uploads\/2025\/12\/ruckauf-150x150.jpg",150,150,true],"medium":["https:\/\/elfederalmendoza.com.ar\/wp-content\/uploads\/2025\/12\/ruckauf-300x185.jpg",300,185,true],"large":["https:\/\/elfederalmendoza.com.ar\/wp-content\/uploads\/2025\/12\/ruckauf-1024x631.jpg",640,394,true],"1536x1536":["https:\/\/elfederalmendoza.com.ar\/wp-content\/uploads\/2025\/12\/ruckauf.jpg",1200,740,false],"2048x2048":["https:\/\/elfederalmendoza.com.ar\/wp-content\/uploads\/2025\/12\/ruckauf.jpg",1200,740,false],"ultp_layout_landscape_large":["https:\/\/elfederalmendoza.com.ar\/wp-content\/uploads\/2025\/12\/ruckauf.jpg",1200,740,false],"ultp_layout_landscape":["https:\/\/elfederalmendoza.com.ar\/wp-content\/uploads\/2025\/12\/ruckauf-870x570.jpg",870,570,true],"ultp_layout_portrait":["https:\/\/elfederalmendoza.com.ar\/wp-content\/uploads\/2025\/12\/ruckauf-600x740.jpg",600,740,true],"ultp_layout_square":["https:\/\/elfederalmendoza.com.ar\/wp-content\/uploads\/2025\/12\/ruckauf-600x600.jpg",600,600,true],"rpwe-thumbnail":["https:\/\/elfederalmendoza.com.ar\/wp-content\/uploads\/2025\/12\/ruckauf-45x45.jpg",45,45,true],"advps-thumb-one":["https:\/\/elfederalmendoza.com.ar\/wp-content\/uploads\/2025\/12\/ruckauf-1200x420.jpg",1200,420,true]},"rttpg_author":{"display_name":"Redacci\u00f3n El Federal","author_link":"https:\/\/elfederalmendoza.com.ar\/index.php\/author\/angelflores\/"},"rttpg_comment":0,"rttpg_category":"<a href=\"https:\/\/elfederalmendoza.com.ar\/index.php\/category\/arg\/\" rel=\"category tag\">Argentina<\/a>","rttpg_excerpt":"El pol\u00edtico y exvicepresidente argentino, hizo p\u00fablico qui\u00e9n fue la mujer de la vida de Carlos Menem, en medio del \u00e9xito de la serie \u00abMenem\u00bb. Carlos Ruckauf\u00a0hizo un m\u00f3vil en vivo con el programa \u201cMujeres Argentinas\u201d, que conduce\u00a0Mar\u00eda Bel\u00e9n Ludue\u00f1a\u00a0(Eltrece) y sorprendi\u00f3 con\u00a0declaraciones \u00edntimas sobre\u00a0Carlos Menem, en medio del impacto que gener\u00f3 la\u00a0serie \u00abMenem\u00bb\u00a0que toca&hellip;","_links":{"self":[{"href":"https:\/\/elfederalmendoza.com.ar\/index.php\/wp-json\/wp\/v2\/posts\/35352","targetHints":{"allow":["GET"]}}],"collection":[{"href":"https:\/\/elfederalmendoza.com.ar\/index.php\/wp-json\/wp\/v2\/posts"}],"about":[{"href":"https:\/\/elfederalmendoza.com.ar\/index.php\/wp-json\/wp\/v2\/types\/post"}],"author":[{"embeddable":true,"href":"https:\/\/elfederalmendoza.com.ar\/index.php\/wp-json\/wp\/v2\/users\/2"}],"replies":[{"embeddable":true,"href":"https:\/\/elfederalmendoza.com.ar\/index.php\/wp-json\/wp\/v2\/comments?post=35352"}],"version-history":[{"count":1,"href":"https:\/\/elfederalmendoza.com.ar\/index.php\/wp-json\/wp\/v2\/posts\/35352\/revisions"}],"predecessor-version":[{"id":35354,"href":"https:\/\/elfederalmendoza.com.ar\/index.php\/wp-json\/wp\/v2\/posts\/35352\/revisions\/35354"}],"wp:featuredmedia":[{"embeddable":true,"href":"https:\/\/elfederalmendoza.com.ar\/index.php\/wp-json\/wp\/v2\/media\/35353"}],"wp:attachment":[{"href":"https:\/\/elfederalmendoza.com.ar\/index.php\/wp-json\/wp\/v2\/media?parent=35352"}],"wp:term":[{"taxonomy":"category","embeddable":true,"href":"https:\/\/elfederalmendoza.com.ar\/index.php\/wp-json\/wp\/v2\/categories?post=35352"},{"taxonomy":"post_tag","embeddable":true,"href":"https:\/\/elfederalmendoza.com.ar\/index.php\/wp-json\/wp\/v2\/tags?post=35352"}],"curies":[{"name":"wp","href":"https:\/\/api.w.org\/{rel}","templated":true}]}}