{"id":35358,"date":"2025-12-15T08:41:38","date_gmt":"2025-12-15T11:41:38","guid":{"rendered":"https:\/\/elfederalmendoza.com.ar\/?p=35358"},"modified":"2025-12-15T08:41:38","modified_gmt":"2025-12-15T11:41:38","slug":"jose-antonio-kast-es-el-presidente-electo-de-chile-tras-una-aplastante-victoria-sobre-jeannette-jara-en-el-balotaje","status":"publish","type":"post","link":"https:\/\/elfederalmendoza.com.ar\/index.php\/2025\/12\/15\/jose-antonio-kast-es-el-presidente-electo-de-chile-tras-una-aplastante-victoria-sobre-jeannette-jara-en-el-balotaje\/","title":{"rendered":"Jos\u00e9 Antonio Kast es el presidente electo de Chile tras una aplastante victoria sobre Jeannette Jara en el balotaje"},"content":{"rendered":"\n<p>El l\u00edder republicano se alz\u00f3 con casi el 60% de los votos y asumir\u00e1 el 11 de marzo de 2026.<\/p>\n\n\n\n<p>Tal como lo preve\u00edan todas las encuestas y los analistas -aunque con un margen a\u00fan m\u00e1s amplio-, el abanderado de la derecha chilena en pleno,\u00a0<strong>Jos\u00e9 Antonio Kast<\/strong>, logr\u00f3 este domingo casi el\u00a0<strong>60%\u00a0<\/strong>de los votos en el balotaje presidencial contra la carta del oficialismo,\u00a0<strong>Jeannette Jara (poco m\u00e1s del 40%)<\/strong>, erigi\u00e9ndose as\u00ed como el nuevo Presidente electo de la Rep\u00fablica.<a href=\"https:\/\/www.infobae.com\/america\/america-latina\/2025\/12\/15\/lideres-internacionales-felicitaron-a-jose-antonio-kast-por-su-contundente-victoria-en-las-elecciones-de-chile\/\" target=\"_blank\" rel=\"noreferrer noopener\"><\/a><\/p>\n\n\n\n<p>Las cifras se dieron a conocer de manera preliminar poco antes de las 20:00, hora local, con el&nbsp;<strong>57,44%&nbsp;<\/strong>de las&nbsp;<strong>mesas escrutadas<\/strong>, y a pesar de que m\u00e1s de&nbsp;<strong>15,7 millones<\/strong>&nbsp;de chilenos fueron a sufragar de manera obligatoria, los comicios se desarrollaron con&nbsp;<strong>relativa normalidad&nbsp;<\/strong>y solo en algunos centros de votaci\u00f3n santiaguinos se reportaron algunas filasy uno que otro reclamo entre los votantes y los vocales de mesa.<\/p>\n\n\n\n<p>\u201cAdem\u00e1s,\u00a0<strong>elegir entre solo dos opciones hizo que el proceso eleccionario fuera mucho m\u00e1s expedito\u201d<\/strong>, se\u00f1al\u00f3 a\u00a0<em>Infobae\u00a0<\/em>un vocal de mesa en el Liceo de Aplicaci\u00f3n de Santiago, quien cumpl\u00eda por tercera vez con la responsabilidad de entregar los votos y velar por su correcto conteo.<a href=\"https:\/\/www.infobae.com\/america\/america-latina\/2025\/12\/14\/jeannette-jara-felicito-a-jose-antonio-kast-por-su-contundente-triunfo-electoral-en-chile-el-pueblo-hablo-fuerte-y-claro\/\" target=\"_blank\" rel=\"noreferrer noopener\"><\/a><\/p>\n\n\n\n<p>El l\u00edder del Partido Republicano, que asumir\u00e1 su cargo el&nbsp;<strong>11 de marzo de 2026<\/strong>, esper\u00f3 los resultados en la sede de su colectividad en la comuna santiaguina de Las Condes, hasta donde llegaron personeros de&nbsp;<strong>Chile Vamos, Dem\u00f3cratas, Amarillos, socialcristianos y libertarios,<\/strong>&nbsp;quienes lo apoyaron en este balotaje.<\/p>\n\n\n\n<p>All\u00ed recibi\u00f3 el llamado de\u00a0<strong>felicitaciones de Jara<\/strong>\u00a0y tambi\u00e9n el saludo protocolar del presidente\u00a0<strong>Gabriel Boric<\/strong>\u00a0-que fue transmitido por se\u00f1al abierta-, mientras celebraba junto a su familia y equipo de campa\u00f1a. Se esperaba que pasadas las 21 horas diera un discurso en un escenario montado en calle Presidente Err\u00e1zuriz detr\u00e1s del\u00a0<strong>vidrio blindado<\/strong>\u00a0que ha utilizado en las \u00faltimas semanas.<a href=\"https:\/\/www.infobae.com\/america\/america-latina\/2025\/12\/14\/chile-elige-a-su-nuevo-presidente-bajo-un-clima-de-polarizacion-y-de-un-alto-rechazo-al-gobierno-de-boric\/\" target=\"_blank\" rel=\"noreferrer noopener\"><\/a><\/p>\n\n\n\n<p>Jeannette Jara, en tanto, vot\u00f3 temprano en la comuna de Conchal\u00ed acompa\u00f1ada de su familia, almorz\u00f3 con su hijo, trat\u00f3 de\u00a0<strong>\u201cdormir una siestecita\u201d<\/strong>\u00a0y para el conteo de los votos lleg\u00f3 a su centro de operaciones en el\u00a0<strong>Hotel Fundador,<\/strong>\u00a0ubicado en el barrio Par\u00eds-Londres del centro capitalino.<\/p>\n\n\n\n<p><img loading=\"lazy\" decoding=\"async\" height=\"3333\" width=\"5000\" src=\"https:\/\/www.infobae.com\/resizer\/v2\/W2RDQ4UWYZEQBJDAY36HTYQXLM.JPG?auth=6f6fbafbcd281ad5c17ee94b3f2bf2cd37679e659373f7907f1a985697e669a7&amp;smart=true&amp;width=350&amp;height=233&amp;quality=85\" alt=\"Partidarios de Jos\u00e9 Antonio Kast\">Partidarios de Jos\u00e9 Antonio Kast celebran su victoria a la espera de su discurso de cierre.<\/p>\n\n\n\n<h2 class=\"wp-block-heading\">Las claves de su discurso<\/h2>\n\n\n\n<p>El discurso que llev\u00f3 a Kast al poder, a&nbsp;<em>grosso modo,&nbsp;<\/em>estuvo marcado por el&nbsp;<strong>combate a la crisis de seguridad que sacude al pa\u00eds,<\/strong>&nbsp;<strong>la expulsi\u00f3n de mas de 300 mil inmigrantes ilegales, el cierre de la frontera norte y el<\/strong>&nbsp;<strong>repunte de la econom\u00eda<\/strong>.<\/p>\n\n\n\n<p>Sin embargo, aunque su propio programa se\u00f1ala la posibilidad de suspender la&nbsp;<strong>Ley de 40 horas&nbsp;<\/strong>para las peque\u00f1as y medianas empresas -ley promulgada en el gobierno de Boric por Jeannette Jara, quien era ministra de Trabajo-, en el \u00faltimo debate televisivo con la militante comunista&nbsp;<strong>tuvo que prometer que no tocar\u00e1 dicha ley ni otros beneficios sociales como<\/strong>&nbsp;<strong>el aumento del sueldo m\u00ednimo, la indemnizaci\u00f3n a los trabajadores por a\u00f1os de servicio y la pensi\u00f3n de los jubilados (PGU).<\/strong><\/p>\n\n\n\n<p>Cabe destacar que seg\u00fan el \u00faltimo sondeo de&nbsp;<em>Ipsos<\/em>&nbsp;en octubre,&nbsp;<strong>el 63%&nbsp;<\/strong>de los chilenos afirm\u00f3 que el&nbsp;<strong>crimen y la violencia&nbsp;<\/strong>son sumayor preocupaci\u00f3n,seguidos por el<strong>&nbsp;bajo crecimiento econ\u00f3mico<\/strong>&nbsp;<strong>y la crisis migratoria<\/strong>.<\/p>\n\n\n\n<p>En la \u00faltima d\u00e9cada, los<strong>&nbsp;homicidios se duplicaron<\/strong>&nbsp;y aunque est\u00e1n en baja hace dos a\u00f1os, s\u00ed existe un&nbsp;<strong>alza en cr\u00edmenes violentos<\/strong>&nbsp;como el secuestro y la extorsi\u00f3n, delitos antes poco conocidos en el pa\u00eds que llegaron de la mano del venezolano&nbsp;<strong>Tren de Aragua<\/strong>&nbsp;y otras bandas colombianas y peruanas.<\/p>\n\n\n\n<p>En los debates que particip\u00f3,\u00a0<strong>tampoco supo explicar claramente c\u00f3mo piensa expulsar a los 330 mil inmigrantes ilegales que viven en el pa\u00eds,<\/strong>\u00a0asegurando que los \u201cinvitar\u00e1 a irse\u201d para que vuelvan de manera legal, o \u201ctendr\u00e1n que irse con su ropa puesta\u201d.<\/p>\n\n\n\n<p><img loading=\"lazy\" decoding=\"async\" height=\"3589\" width=\"5384\" src=\"https:\/\/www.infobae.com\/resizer\/v2\/G23LV3L335B7RBQEEQN7UJDMNQ.JPG?auth=2fe45307bcce2700bbc3323a32371655266e902887ae89fe4cc6bb7edfda8c83&amp;smart=true&amp;width=350&amp;height=233&amp;quality=85\" alt=\"La decepci\u00f3n entre los seguidores\">La decepci\u00f3n entre los seguidores de Jeannette Jara tras los primeros c\u00f3mputos era evidente.<\/p>\n\n\n\n<h2 class=\"wp-block-heading\">Kast y el giro en las relaciones internacionales<\/h2>\n\n\n\n<p>Por la ma\u00f1ana, despu\u00e9s de votar, el flamante nuevo mandatario dio luces acerca de su futura relaci\u00f3n con el resto de Am\u00e9rica Latina y revel\u00f3 que su par argentino,&nbsp;<strong>Javier Milei,<\/strong>&nbsp;lo llam\u00f3 cuando pas\u00f3 a la segunda vuelta, admitiendo tener con \u00e9l m\u00e1s de un punto en com\u00fan.<\/p>\n\n\n\n<p><strong>\u201cNosotros esperamos tener la mejor relaci\u00f3n con todos nuestros vecinos<\/strong>. Creo que se han ido dando situaciones, que no estaban dentro de lo que nosotros pod\u00edamos resolver, como los&nbsp;<strong>cambios pol\u00edticos que ha tenido Bolivia, el cambio pol\u00edtico que se le va a dar a lo mejor de aqu\u00ed a un a\u00f1o en la estabilidad en Per\u00fa, y con Argentina vamos a tratar de generar las mejores relaciones\u201d,&nbsp;<\/strong>sostuvo en un punto de prensa despu\u00e9s de votar.<\/p>\n\n\n\n<p><strong>\u201cYo conozco al presidente Milei, conozco a muchos de los parlamentarios que trabajan con \u00e9l (&#8230;)<\/strong>&nbsp;<strong>Conversamos el d\u00eda que yo pas\u00e9 a la segunda vuelta y<\/strong>&nbsp;<strong>tenemos grandes sue\u00f1os para que a nuestros conciudadanos les vaya bien\u201d,<\/strong><\/p>\n\n\n\n<p>De paso, destac\u00f3 la sinergia que existe entre ambos pa\u00edses.<\/p>\n\n\n\n<p><strong>\u201cEllos tienen muchas condiciones para producir mucho y nosotros tenemos muchas condiciones para prestarle un servicio porque somos la cara hacia el Asia Pac\u00edfico\u201d,<\/strong>&nbsp;sostuvo.<\/p>\n","protected":false},"excerpt":{"rendered":"<p>El l\u00edder republicano se alz\u00f3 con casi el 60% de los votos y asumir\u00e1 el 11 de marzo de 2026. Tal como lo preve\u00edan todas las encuestas y los analistas -aunque con un margen a\u00fan m\u00e1s amplio-, el abanderado de la derecha chilena en pleno,\u00a0Jos\u00e9 Antonio Kast, logr\u00f3 este domingo casi el\u00a060%\u00a0de los votos en<a class=\"read-more\" href=\"https:\/\/elfederalmendoza.com.ar\/index.php\/2025\/12\/15\/jose-antonio-kast-es-el-presidente-electo-de-chile-tras-una-aplastante-victoria-sobre-jeannette-jara-en-el-balotaje\/\"> [&hellip;]<\/a><\/p>\n","protected":false},"author":2,"featured_media":35359,"comment_status":"open","ping_status":"open","sticky":false,"template":"","format":"standard","meta":{"footnotes":""},"categories":[5619],"tags":[],"class_list":["post-35358","post","type-post","status-publish","format-standard","has-post-thumbnail","hentry","category-mundo"],"rttpg_featured_image_url":{"full":["https:\/\/elfederalmendoza.com.ar\/wp-content\/uploads\/2025\/12\/kast.jpg",1380,911,false],"landscape":["https:\/\/elfederalmendoza.com.ar\/wp-content\/uploads\/2025\/12\/kast.jpg",1380,911,false],"portraits":["https:\/\/elfederalmendoza.com.ar\/wp-content\/uploads\/2025\/12\/kast.jpg",1380,911,false],"thumbnail":["https:\/\/elfederalmendoza.com.ar\/wp-content\/uploads\/2025\/12\/kast-150x150.jpg",150,150,true],"medium":["https:\/\/elfederalmendoza.com.ar\/wp-content\/uploads\/2025\/12\/kast-300x198.jpg",300,198,true],"large":["https:\/\/elfederalmendoza.com.ar\/wp-content\/uploads\/2025\/12\/kast-1024x676.jpg",640,423,true],"1536x1536":["https:\/\/elfederalmendoza.com.ar\/wp-content\/uploads\/2025\/12\/kast.jpg",1380,911,false],"2048x2048":["https:\/\/elfederalmendoza.com.ar\/wp-content\/uploads\/2025\/12\/kast.jpg",1380,911,false],"ultp_layout_landscape_large":["https:\/\/elfederalmendoza.com.ar\/wp-content\/uploads\/2025\/12\/kast-1200x800.jpg",1200,800,true],"ultp_layout_landscape":["https:\/\/elfederalmendoza.com.ar\/wp-content\/uploads\/2025\/12\/kast-870x570.jpg",870,570,true],"ultp_layout_portrait":["https:\/\/elfederalmendoza.com.ar\/wp-content\/uploads\/2025\/12\/kast-600x900.jpg",600,900,true],"ultp_layout_square":["https:\/\/elfederalmendoza.com.ar\/wp-content\/uploads\/2025\/12\/kast-600x600.jpg",600,600,true],"rpwe-thumbnail":["https:\/\/elfederalmendoza.com.ar\/wp-content\/uploads\/2025\/12\/kast-45x45.jpg",45,45,true],"advps-thumb-one":["https:\/\/elfederalmendoza.com.ar\/wp-content\/uploads\/2025\/12\/kast-1200x420.jpg",1200,420,true]},"rttpg_author":{"display_name":"Redacci\u00f3n El Federal","author_link":"https:\/\/elfederalmendoza.com.ar\/index.php\/author\/angelflores\/"},"rttpg_comment":0,"rttpg_category":"<a href=\"https:\/\/elfederalmendoza.com.ar\/index.php\/category\/mundo\/\" rel=\"category tag\">El Mundo<\/a>","rttpg_excerpt":"El l\u00edder republicano se alz\u00f3 con casi el 60% de los votos y asumir\u00e1 el 11 de marzo de 2026. Tal como lo preve\u00edan todas las encuestas y los analistas -aunque con un margen a\u00fan m\u00e1s amplio-, el abanderado de la derecha chilena en pleno,\u00a0Jos\u00e9 Antonio Kast, logr\u00f3 este domingo casi el\u00a060%\u00a0de los votos en&hellip;","_links":{"self":[{"href":"https:\/\/elfederalmendoza.com.ar\/index.php\/wp-json\/wp\/v2\/posts\/35358","targetHints":{"allow":["GET"]}}],"collection":[{"href":"https:\/\/elfederalmendoza.com.ar\/index.php\/wp-json\/wp\/v2\/posts"}],"about":[{"href":"https:\/\/elfederalmendoza.com.ar\/index.php\/wp-json\/wp\/v2\/types\/post"}],"author":[{"embeddable":true,"href":"https:\/\/elfederalmendoza.com.ar\/index.php\/wp-json\/wp\/v2\/users\/2"}],"replies":[{"embeddable":true,"href":"https:\/\/elfederalmendoza.com.ar\/index.php\/wp-json\/wp\/v2\/comments?post=35358"}],"version-history":[{"count":1,"href":"https:\/\/elfederalmendoza.com.ar\/index.php\/wp-json\/wp\/v2\/posts\/35358\/revisions"}],"predecessor-version":[{"id":35360,"href":"https:\/\/elfederalmendoza.com.ar\/index.php\/wp-json\/wp\/v2\/posts\/35358\/revisions\/35360"}],"wp:featuredmedia":[{"embeddable":true,"href":"https:\/\/elfederalmendoza.com.ar\/index.php\/wp-json\/wp\/v2\/media\/35359"}],"wp:attachment":[{"href":"https:\/\/elfederalmendoza.com.ar\/index.php\/wp-json\/wp\/v2\/media?parent=35358"}],"wp:term":[{"taxonomy":"category","embeddable":true,"href":"https:\/\/elfederalmendoza.com.ar\/index.php\/wp-json\/wp\/v2\/categories?post=35358"},{"taxonomy":"post_tag","embeddable":true,"href":"https:\/\/elfederalmendoza.com.ar\/index.php\/wp-json\/wp\/v2\/tags?post=35358"}],"curies":[{"name":"wp","href":"https:\/\/api.w.org\/{rel}","templated":true}]}}