{"id":35361,"date":"2025-12-15T06:13:00","date_gmt":"2025-12-15T09:13:00","guid":{"rendered":"https:\/\/elfederalmendoza.com.ar\/?p=35361"},"modified":"2025-12-15T09:18:58","modified_gmt":"2025-12-15T12:18:58","slug":"bomba-en-el-mercado-boca-llamo-a-miguel-borja","status":"publish","type":"post","link":"https:\/\/elfederalmendoza.com.ar\/index.php\/2025\/12\/15\/bomba-en-el-mercado-boca-llamo-a-miguel-borja\/","title":{"rendered":"\u00a1Bomba en el mercado!, Boca llam\u00f3 a Miguel Borja"},"content":{"rendered":"\n<p>El jueves pasado, en una entrevista televisiva, el delantero colombiano&nbsp;<strong>Miguel \u00c1ngel Borja<\/strong>&nbsp;no le cerr\u00f3 la puerta a la posibilidad de jugar en&nbsp;<strong>Boca Juniors<\/strong>, pese a haber vestido la camiseta de&nbsp;<strong>River Plate<\/strong>&nbsp;durante los \u00faltimos a\u00f1os, y este domingo sali\u00f3 a la luz que ya hubo contactos.<\/p>\n\n\n\n<p>Seg\u00fan revel\u00f3 el diario&nbsp;<strong>Ol\u00e9<\/strong>, sabiendo que el 1 de enero quedar\u00e1 libre, desde el&nbsp;<strong>Xeneize<\/strong>&nbsp;se comunicaron con el delantero colombiano para que sea refuerzo en 2026.<\/p>\n\n\n\n<figure class=\"wp-block-image is-resized\"><img decoding=\"async\" src=\"https:\/\/www.mendozapost.com\/files\/image\/690\/690393\/693b130e2bd22_570_309!.jpg?s=f1c48dfca8fe1ff31a8fde3d12ac1cfb&amp;d=1765746502\" alt=\"\" style=\"width:840px;height:auto\"\/><figcaption class=\"wp-element-caption\">\u00bfBorja ser\u00e1 jugador de Boca?<\/figcaption><\/figure>\n\n\n\n<p>Adem\u00e1s, el medio citado asegura que el llamado de<strong>&nbsp;Boca<\/strong>&nbsp;al todav\u00eda delantero de&nbsp;<strong>River<\/strong>&nbsp;se dio antes de la entrevista que se hizo viral.<\/p>\n\n\n\n<p>Borja tiene contrato con el Millonario hasta el 31 de diciembre y no lo renovar\u00e1, pero debe esperar a que pase esa fecha para ser agente libre y ah\u00ed decidir d\u00f3nde jugar.<\/p>\n\n\n\n<p>Antes de llegar a River, Borja estuvo cerca de sumarse a Boca a mediados de 2021, cuando todav\u00eda era jugador de Palmeiras, pero las negociaciones no se concretaron y termin\u00f3 jugando en Junior de Barranquilla.<\/p>\n\n\n\n<p><\/p>\n","protected":false},"excerpt":{"rendered":"<p>El jueves pasado, en una entrevista televisiva, el delantero colombiano&nbsp;Miguel \u00c1ngel Borja&nbsp;no le cerr\u00f3 la puerta a la posibilidad de jugar en&nbsp;Boca Juniors, pese a haber vestido la camiseta de&nbsp;River Plate&nbsp;durante los \u00faltimos a\u00f1os, y este domingo sali\u00f3 a la luz que ya hubo contactos. Seg\u00fan revel\u00f3 el diario&nbsp;Ol\u00e9, sabiendo que el 1 de enero<a class=\"read-more\" href=\"https:\/\/elfederalmendoza.com.ar\/index.php\/2025\/12\/15\/bomba-en-el-mercado-boca-llamo-a-miguel-borja\/\"> [&hellip;]<\/a><\/p>\n","protected":false},"author":2,"featured_media":35362,"comment_status":"open","ping_status":"open","sticky":false,"template":"","format":"standard","meta":{"footnotes":""},"categories":[5620],"tags":[],"class_list":["post-35361","post","type-post","status-publish","format-standard","has-post-thumbnail","hentry","category-deportes"],"rttpg_featured_image_url":{"full":["https:\/\/elfederalmendoza.com.ar\/wp-content\/uploads\/2025\/12\/borja.jpg",1282,767,false],"landscape":["https:\/\/elfederalmendoza.com.ar\/wp-content\/uploads\/2025\/12\/borja.jpg",1282,767,false],"portraits":["https:\/\/elfederalmendoza.com.ar\/wp-content\/uploads\/2025\/12\/borja.jpg",1282,767,false],"thumbnail":["https:\/\/elfederalmendoza.com.ar\/wp-content\/uploads\/2025\/12\/borja-150x150.jpg",150,150,true],"medium":["https:\/\/elfederalmendoza.com.ar\/wp-content\/uploads\/2025\/12\/borja-300x179.jpg",300,179,true],"large":["https:\/\/elfederalmendoza.com.ar\/wp-content\/uploads\/2025\/12\/borja-1024x613.jpg",640,383,true],"1536x1536":["https:\/\/elfederalmendoza.com.ar\/wp-content\/uploads\/2025\/12\/borja.jpg",1282,767,false],"2048x2048":["https:\/\/elfederalmendoza.com.ar\/wp-content\/uploads\/2025\/12\/borja.jpg",1282,767,false],"ultp_layout_landscape_large":["https:\/\/elfederalmendoza.com.ar\/wp-content\/uploads\/2025\/12\/borja-1200x767.jpg",1200,767,true],"ultp_layout_landscape":["https:\/\/elfederalmendoza.com.ar\/wp-content\/uploads\/2025\/12\/borja-870x570.jpg",870,570,true],"ultp_layout_portrait":["https:\/\/elfederalmendoza.com.ar\/wp-content\/uploads\/2025\/12\/borja-600x767.jpg",600,767,true],"ultp_layout_square":["https:\/\/elfederalmendoza.com.ar\/wp-content\/uploads\/2025\/12\/borja-600x600.jpg",600,600,true],"rpwe-thumbnail":["https:\/\/elfederalmendoza.com.ar\/wp-content\/uploads\/2025\/12\/borja-45x45.jpg",45,45,true],"advps-thumb-one":["https:\/\/elfederalmendoza.com.ar\/wp-content\/uploads\/2025\/12\/borja-1200x420.jpg",1200,420,true]},"rttpg_author":{"display_name":"Redacci\u00f3n El Federal","author_link":"https:\/\/elfederalmendoza.com.ar\/index.php\/author\/angelflores\/"},"rttpg_comment":1,"rttpg_category":"<a href=\"https:\/\/elfederalmendoza.com.ar\/index.php\/category\/deportes\/\" rel=\"category tag\">Deportes<\/a>","rttpg_excerpt":"El jueves pasado, en una entrevista televisiva, el delantero colombiano&nbsp;Miguel \u00c1ngel Borja&nbsp;no le cerr\u00f3 la puerta a la posibilidad de jugar en&nbsp;Boca Juniors, pese a haber vestido la camiseta de&nbsp;River Plate&nbsp;durante los \u00faltimos a\u00f1os, y este domingo sali\u00f3 a la luz que ya hubo contactos. Seg\u00fan revel\u00f3 el diario&nbsp;Ol\u00e9, sabiendo que el 1 de enero&hellip;","_links":{"self":[{"href":"https:\/\/elfederalmendoza.com.ar\/index.php\/wp-json\/wp\/v2\/posts\/35361","targetHints":{"allow":["GET"]}}],"collection":[{"href":"https:\/\/elfederalmendoza.com.ar\/index.php\/wp-json\/wp\/v2\/posts"}],"about":[{"href":"https:\/\/elfederalmendoza.com.ar\/index.php\/wp-json\/wp\/v2\/types\/post"}],"author":[{"embeddable":true,"href":"https:\/\/elfederalmendoza.com.ar\/index.php\/wp-json\/wp\/v2\/users\/2"}],"replies":[{"embeddable":true,"href":"https:\/\/elfederalmendoza.com.ar\/index.php\/wp-json\/wp\/v2\/comments?post=35361"}],"version-history":[{"count":1,"href":"https:\/\/elfederalmendoza.com.ar\/index.php\/wp-json\/wp\/v2\/posts\/35361\/revisions"}],"predecessor-version":[{"id":35363,"href":"https:\/\/elfederalmendoza.com.ar\/index.php\/wp-json\/wp\/v2\/posts\/35361\/revisions\/35363"}],"wp:featuredmedia":[{"embeddable":true,"href":"https:\/\/elfederalmendoza.com.ar\/index.php\/wp-json\/wp\/v2\/media\/35362"}],"wp:attachment":[{"href":"https:\/\/elfederalmendoza.com.ar\/index.php\/wp-json\/wp\/v2\/media?parent=35361"}],"wp:term":[{"taxonomy":"category","embeddable":true,"href":"https:\/\/elfederalmendoza.com.ar\/index.php\/wp-json\/wp\/v2\/categories?post=35361"},{"taxonomy":"post_tag","embeddable":true,"href":"https:\/\/elfederalmendoza.com.ar\/index.php\/wp-json\/wp\/v2\/tags?post=35361"}],"curies":[{"name":"wp","href":"https:\/\/api.w.org\/{rel}","templated":true}]}}