{"id":35365,"date":"2025-12-18T07:06:40","date_gmt":"2025-12-18T10:06:40","guid":{"rendered":"https:\/\/elfederalmendoza.com.ar\/?p=35365"},"modified":"2025-12-18T07:06:40","modified_gmt":"2025-12-18T10:06:40","slug":"el-gobierno-logro-aprobar-el-presupuesto-2026-y-la-inocencia-fiscal-pero-sufrio-un-duro-traspie-con-discapacidad-y-universidades","status":"publish","type":"post","link":"https:\/\/elfederalmendoza.com.ar\/index.php\/2025\/12\/18\/el-gobierno-logro-aprobar-el-presupuesto-2026-y-la-inocencia-fiscal-pero-sufrio-un-duro-traspie-con-discapacidad-y-universidades\/","title":{"rendered":"El Gobierno logr\u00f3 aprobar el Presupuesto 2026 y la Inocencia Fiscal, pero sufri\u00f3 un duro traspi\u00e9 con Discapacidad y Universidades"},"content":{"rendered":"\n<p>Hubo negociaciones fren\u00e9ticas, aunque la oposici\u00f3n consigui\u00f3 rechazar el art\u00edculo 75. La Casa Rosada incluy\u00f3 a \u00faltimo momento la coparticipaci\u00f3n de CABA y un aumento de fondos para el Poder Judicial en el mismo cap\u00edtulo y tampoco prosperaron. El texto ahora ser\u00e1 girado al Senado.<\/p>\n\n\n\n<p>El oficialismo logr\u00f3 en la madrugada de este jueves darle media sanci\u00f3n al\u00a0<strong>Presupuesto 2026<\/strong>\u00a0y al proyecto de\u00a0<strong>Inocencia Fiscal<\/strong>, pero\u00a0<strong>no pudo derogar las leyes de emergencia en discapacidad y financiamiento universitario<\/strong>\u00a0como pretend\u00eda. El texto con media sanci\u00f3n de Diputados ahora pasar\u00e1 al Senado donde los libertarios intentar\u00e1n revertir el rev\u00e9s legislativo. Ser\u00eda el primer Presupuesto de la gesti\u00f3n Milei, ya que durante los \u00faltimos dos a\u00f1os recurri\u00f3 a pr\u00f3rrogas del plan de gastos e ingresos de 2023.<a href=\"https:\/\/www.infobae.com\/economia\/2025\/12\/18\/dolares-del-colchon-en-que-consiste-el-proyecto-de-inocencia-fiscal-que-busca-aprobar-el-gobierno\/\" target=\"_blank\" rel=\"noreferrer noopener\"><\/a><\/p>\n\n\n\n<p>Para la aprobaci\u00f3n del texto en general La Libertad Avanza cont\u00f3 con la ayuda del&nbsp;<strong>PRO<\/strong>, la&nbsp;<strong>UCR<\/strong>, el&nbsp;<strong>MID<\/strong>, los peronistas disidentes de&nbsp;<strong>Elijo Catamarca<\/strong>&nbsp;(responden al gobernador Ra\u00fal Jalil), los tucumanos de&nbsp;<strong>Independencia<\/strong>&nbsp;(del gobernador Osvaldo Jaldo), los siete diputados de<strong>&nbsp;Innovaci\u00f3n Federal<\/strong>&nbsp;(Salta y Misiones), la diputada de<strong>&nbsp;La Neuquinidad<\/strong>&nbsp;(gobernador Rolo Figueroa), un diputado de&nbsp;<strong>Por Santa Cruz<\/strong>&nbsp;(gobernador Claudio Vidal), y los dos sanjuaninos de&nbsp;<strong>Producci\u00f3n y Trabajo<\/strong>&nbsp;(gobernador Marcelo Orrego).<\/p>\n\n\n\n<p>Fuerza Patria, Encuetro Federal y la izquierda rechazaron el proyecto.&nbsp;<strong>Provincias Unidas se abstuvo&nbsp;<\/strong>pero tuvo un rol importante al inicio de la sesi\u00f3n cuando Nicol\u00e1s Massot, Miguel Pichetto y un grupo de diputados de C\u00f3rdoba ayudaron a alcanzar el qu\u00f3rum.<\/p>\n\n\n\n<p><a href=\"https:\/\/www.infobae.com\/politica\/2025\/12\/16\/el-proyecto-de-inocencia-fiscal-quedo-listo-para-ser-tratado-manana-junto-al-presupuesto-2026-en-diputados\/\" target=\"_blank\" rel=\"noreferrer noopener\"><\/a><\/p>\n\n\n\n<p>Sin embargo, al momento de la votaci\u00f3n en particular,<strong>&nbsp;algunos aliados del Gobierno se negaron a convalidar el art\u00edculo 75<\/strong>, que derogaba las leyes de emergencia en discapacidad y de financiamiento universitario. Votaron en contra tres diputados de&nbsp;<strong>Elijo Catamarca<\/strong>, dos tucumanos de&nbsp;<strong>Independencia<\/strong>, un salte\u00f1o de Innovaci\u00f3n Federal, la diputada de La Neuquinidad Karina Maureira, y 14 integrantes de&nbsp;<strong>Provincias Unidas<\/strong>, donde pisan fuertes los gobernadores de C\u00f3rdoba y Santa Fe. La UCR vot\u00f3 dividida, tres jugaron a favor del oficialismo, uno vot\u00f3 en contra y dos se abstuvieron.<\/p>\n\n\n\n<p>El plan de gastos e ingresos del oficialismo prev\u00e9 un\u00a0<strong>crecimiento econ\u00f3mico del 5% del PBI<\/strong>, con una\u00a0<strong>inflaci\u00f3n anual del 10,1%\u00a0<\/strong>y un d\u00f3lar que rondar\u00e1 en diciembre del a\u00f1o que viene lo\u00a0<strong>$1.423.<\/strong>\u00a0Seg\u00fan el Gobierno, el super\u00e1vit primario ser\u00e1 del 1,5% del PBI y el financiero, del 0,2%. Tambi\u00e9n estiman que las exportaciones crecer\u00e1n 10,6% y deroga las metas de financiamiento m\u00ednimo en educaci\u00f3n, ciencia y defensa. Desde la oposici\u00f3n insistieron en que las previsiones no son realistas ya que, por ejemplo, el d\u00f3lar terminar\u00eda el 2026 por debajo del tipo de cambio actual.<a href=\"https:\/\/www.infobae.com\/politica\/2025\/12\/16\/el-oficialismo-obtuvo-dictamen-para-el-presupuesto-2026-que-preve-la-eliminacion-del-financiamiento-al-garrahan-universidades-y-discapacidad\/\" target=\"_blank\" rel=\"noreferrer noopener\"><\/a><\/p>\n\n\n\n<p>M\u00e1s all\u00e1 de los cuestionamientos a los n\u00fameros del Gobierno, el art\u00edculo que concentr\u00f3 la mayor\u00eda de las cr\u00edticas fue el&nbsp;<strong>75<\/strong>, que derogaba las leyes de emergencia en discapacidad y financiamiento universitario. Justamente por eso, la sesi\u00f3n comenz\u00f3 con una pol\u00e9mica: el oficialismo propuso que la&nbsp;<strong>votaci\u00f3n en particular sea por t\u00edtulos enteros (agrupan varios art\u00edculos)<\/strong>. Un intento de impedir que los aliados se desmarquen en ese punto clave.<\/p>\n\n\n\n<p>La oposici\u00f3n protest\u00f3 y reclam\u00f3 que la votaci\u00f3n sea nominal art\u00edculo por art\u00edculo,&nbsp;<strong>para que el art\u00edculo 75 no quede mezclado en el mismo cap\u00edtulo con otros temas<\/strong>&nbsp;como subsidios al gas, deudas de CAMMESA o la actualizaci\u00f3n de las prestaciones por discapacidad. \u201cVotar por T\u00edtulos nos impedir\u00eda expresarnos de forma n\u00edtida. \u00bfQueremos que el tratamiento sea a los empujones?\u201d, plante\u00f3 Pablo Juliano, de Provincias Unidas.<\/p>\n\n\n\n<p>No obstante, el oficialismo logr\u00f3 aprobar su moci\u00f3n gracias al apoyo de sus aliados con 130 votos positivos y 112 en contra.<\/p>\n\n\n\n<p>El presidente de la Comisi\u00f3n de Presupuesto,&nbsp;<strong>Bertie Benegas Lynch<\/strong>, fue el primer libertario en defender el proyecto y comenz\u00f3 por explicar que para alcanzar la meta de bajar impuestos primero hay que bajar el gasto p\u00fablico. \u201c<strong>Es un principio moral no gastar m\u00e1s de lo que se tiene<\/strong>\u201d, dijo Benegas Lynch y destac\u00f3 que el gobierno de Milei \u201cindependientemente de que no ten\u00eda presupuesto mantuvo el equilibrio fiscal\u201d.<\/p>\n\n\n\n<p>En esa l\u00ednea, se\u00f1al\u00f3 que se est\u00e1 tratando de mostrar que el equilibrio fiscal es algo \u201ccontrario a la contenci\u00f3n social\u201d. \u201c<strong>Pero la gente entendi\u00f3 que bajar el gasto del Estado es contenci\u00f3n social<\/strong>, es sacarle justamente el yugo del Estado por m\u00e1s de 40 a\u00f1os\u201d, sintetiz\u00f3.<\/p>\n\n\n\n<p>Desde el peronismo afirmaron que el proyecto de Presupuesto libertario \u201c<strong>refleja m\u00e1s ajuste, ca\u00edda de consumo y destrucci\u00f3n del entramado industrial<\/strong>\u201d. \u201c\u00bfC\u00f3mo van a hacer para reactivar el consumo? \u00bfO van a seguir deprimiendo el consumo? \u00bfC\u00f3mo van a hacer para revertir la desigualdad?\u201d, advirti\u00f3 Agust\u00edn Rossi.<\/p>\n\n\n\n<figure class=\"wp-block-image\"><img decoding=\"async\" src=\"https:\/\/www.infobae.com\/resizer\/v2\/33DBOOHVHJC5ZDATVNCCBA3FYE.jpeg?auth=a216964d8a6d4c80ca836aa0ad38f0716f5e09bd399b83f7c61695c5910de5f7&amp;smart=true&amp;width=350&amp;height=233&amp;quality=85\" alt=\"\"\/><\/figure>\n\n\n\n<p>\u201cVan a votar un presupuesto para el 2026 que, adem\u00e1s de injusto, es ilusorio y ficticio, que arranca el a\u00f1o con el doble de la inflaci\u00f3n de la prevista y subestima la suba de precios que todav\u00eda est\u00e1n sufriendo los argentinos\u201d, dijo Maximiliano Ferraro, de la Coalici\u00f3n C\u00edvica.<\/p>\n\n\n\n<p>Durante las \u00faltimas semanas&nbsp;<strong>la Casa Rosada aceit\u00f3 la relaci\u00f3n con los gobernadores aliados con Aportes del Tesoro Nacional (ATN)<\/strong>. El ministro del Interior, Diego Santilli, distribuy\u00f3 $66.000 millones para Tucum\u00e1n, Misiones y Chaco. Tambi\u00e9n se puso en la mesa de negociaci\u00f3n la reforma de la Ley de Glaciares para seducir a las provincias del sur que podr\u00edan ampliar su actividad minera a zonas ahora vedadas.<\/p>\n\n\n\n<p>Ayer a \u00faltima hora,&nbsp;<strong>Santilli tambi\u00e9n se comprometi\u00f3 a incluir en el Presupuesto 2026 los fondos adeudados a la ciudad de Buenos Aires<\/strong>&nbsp;por coparticipaci\u00f3n, en cumplimiento del fallo de la Corte Suprema. Esa hab\u00eda sido la principal disidencia del PRO a la hora de acompa\u00f1ar el dictamen de mayor\u00eda del oficialismo.<\/p>\n\n\n\n<p>Durante la tarde del mi\u00e9rcoles, bien entrada la sesi\u00f3n, a Santilli se lo vio por los pasillos de la C\u00e1mara de Diputados. Mantuvo reuniones hasta \u00faltimo minuto con diputados aliados para garantizar el apoyo, principalmente del inc\u00f3modo art\u00edculo 75. \u201c<strong>Est\u00e1n haciendo un plan canje<\/strong>\u201d, ironiz\u00f3 un aliado del Gobierno.<\/p>\n\n\n\n<p>Minutos antes de llegar a la votaci\u00f3n, el miembro informante&nbsp;<strong>Bertie Benegas Lynch anunci\u00f3 que incluir\u00eda dos modificaciones al texto<\/strong>: incluir\u00eda la coparticipaci\u00f3n de CABA y un aumento de financiamiento para el Poder Judicial (por $21 mil millones) en el cap\u00edtulo 11, junto con la derogaci\u00f3n de las leyes de discapacidad y universidades.<\/p>\n\n\n\n<p>\u201c<strong>Por el articulado tiene que ir en el art\u00edculo 2, no tiene nada que ver con el cap\u00edtulo 11. Tenemos que ser un poco m\u00e1s leales y decir \u2018esto va ac\u00e1 y esto va all\u00e1\u2019<\/strong>. El PRO va a votar en general y en particular, pase lo que pase\u201d, manifest\u00f3 el presidente del bloque PRO,&nbsp;<strong>Cristian Ritondo<\/strong>, visiblemente molesto con la maniobra de los libertarios.<\/p>\n\n\n\n<p>En la bancada amarilla interpretaron que fue un intento de&nbsp;<strong>forzar el apoyo de algunos diputados como Oscar Zago, Eduardo Falcone, Karina Banfi o \u00c1lvaro Gonz\u00e1lez<\/strong>, que forman parte del interbloque que lidera el PRO y estaban en duda.<\/p>\n\n\n\n<p>En t\u00e9rminos mucho m\u00e1s duros, el jefe del bloque Fuerza Patria,\u00a0<strong>Germ\u00e1n Mart\u00ednez<\/strong>, denunci\u00f3 que el oficialismo estaba incluyendo los dos nuevos art\u00edculos en el cap\u00edtulo 11\u00a0<strong>para que a ning\u00fan juez \u201cse le ocurra cuestionar la votaci\u00f3n del cap\u00edtulo 11 para que no se le caiga el financiamiento al Poder Judicial\u201d<\/strong>. \u201cSon unos chantas\u201d, fustig\u00f3.<\/p>\n\n\n\n<p><img loading=\"lazy\" decoding=\"async\" height=\"1280\" width=\"1920\" src=\"https:\/\/www.infobae.com\/resizer\/v2\/STXAMIFO7FFEZBOB2YC3552JOI.jpg?auth=10b36800fcc5c7fcc0a78ac43c8311e1b3563c8577b568af8e3cebb44ef81eb3&amp;smart=true&amp;width=350&amp;height=233&amp;quality=85\" alt=\"Germ\u00e1n Mart\u00ednez, presidente de Fuerza\">Germ\u00e1n Mart\u00ednez, presidente de Fuerza Patria<\/p>\n\n\n\n<p>Al momento de la votaci\u00f3n en particular del cap\u00edtulo 11, la oposici\u00f3n insisti\u00f3 con que se habilite la posibilidad de votar art\u00edculo por art\u00edculo para poder rechazar la derogaci\u00f3n de la emergencia en discapacidad y del financiamiento universitario. Pero la reconsideraci\u00f3n de la moci\u00f3n aprobada al inicio de la sesi\u00f3n requer\u00eda una mayor\u00eda agravada de dos tercios. Fue rechazada.<\/p>\n\n\n\n<p>Todo parec\u00eda favorecer al oficialismo pero el tablero termin\u00f3 arrojando<strong>&nbsp;123 votos en contra, 117 a favor y 2 abstenciones.&nbsp;<\/strong>Finalmente, a pesar de las maniobras del oficialismo, el cap\u00edtulo entero sali\u00f3 rechazado. La oposici\u00f3n logr\u00f3 sostener las leyes de discapacidad y universidades; y los libertarios deber\u00e1n pagar el costo pol\u00edtico por haber incluido en ese cap\u00edtulo la coparticipaci\u00f3n de CABA y los fondos para el Poder Judicial, que tambi\u00e9n fueron rechazados.<\/p>\n\n\n\n<p>El traspi\u00e9 legislativo ahora abre varios interrogantes. Ante la consulta de&nbsp;<strong>Infobae<\/strong>, un referente libertario se\u00f1al\u00f3 que lo mejor ser\u00eda&nbsp;<strong>remitir el texto al Senado y hacerle modificaciones all\u00ed para que vuelva a Diputados.<\/strong><\/p>\n\n\n\n<h2 class=\"wp-block-heading\">Pol\u00e9mica por las designaciones en la AGN<\/h2>\n\n\n\n<p>Tras la aprobaci\u00f3n del proyecto de Inocencia Fiscal, el jefe del bloque libertario, Gabriel Bornoroni, hizo una moci\u00f3n para avanzar con la designaci\u00f3n de los tres representantes de Diputados para la Auditor\u00eda General de la Naci\u00f3n.<\/p>\n\n\n\n<p>En ese momento, tanto Provincias Unidas como el PRO y la UCR se retiraron del recinto en repudio al \u201cacuerdo\u201d entre la Casa Rosada, el peronismo y los gobernadores de Innovaci\u00f3n Federal.<\/p>\n\n\n\n<p>Bornoroni propuso designar a<strong>&nbsp;M\u00f3nica Almada<\/strong>, en representaci\u00f3n de LLA, de&nbsp;<strong>Juan Ignacio Forl\u00f3n<\/strong>, por el peronismo, y la salte\u00f1a&nbsp;<strong>Pamela Calletti<\/strong>, como alfil de los gobernadores del norte.<\/p>\n","protected":false},"excerpt":{"rendered":"<p>Hubo negociaciones fren\u00e9ticas, aunque la oposici\u00f3n consigui\u00f3 rechazar el art\u00edculo 75. La Casa Rosada incluy\u00f3 a \u00faltimo momento la coparticipaci\u00f3n de CABA y un aumento de fondos para el Poder Judicial en el mismo cap\u00edtulo y tampoco prosperaron. El texto ahora ser\u00e1 girado al Senado. El oficialismo logr\u00f3 en la madrugada de este jueves darle<a class=\"read-more\" href=\"https:\/\/elfederalmendoza.com.ar\/index.php\/2025\/12\/18\/el-gobierno-logro-aprobar-el-presupuesto-2026-y-la-inocencia-fiscal-pero-sufrio-un-duro-traspie-con-discapacidad-y-universidades\/\"> [&hellip;]<\/a><\/p>\n","protected":false},"author":2,"featured_media":35366,"comment_status":"open","ping_status":"open","sticky":false,"template":"","format":"standard","meta":{"footnotes":""},"categories":[5618],"tags":[],"class_list":["post-35365","post","type-post","status-publish","format-standard","has-post-thumbnail","hentry","category-arg"],"rttpg_featured_image_url":{"full":["https:\/\/elfederalmendoza.com.ar\/wp-content\/uploads\/2025\/12\/diputados-milei.jpg",1452,823,false],"landscape":["https:\/\/elfederalmendoza.com.ar\/wp-content\/uploads\/2025\/12\/diputados-milei.jpg",1452,823,false],"portraits":["https:\/\/elfederalmendoza.com.ar\/wp-content\/uploads\/2025\/12\/diputados-milei.jpg",1452,823,false],"thumbnail":["https:\/\/elfederalmendoza.com.ar\/wp-content\/uploads\/2025\/12\/diputados-milei-150x150.jpg",150,150,true],"medium":["https:\/\/elfederalmendoza.com.ar\/wp-content\/uploads\/2025\/12\/diputados-milei-300x170.jpg",300,170,true],"large":["https:\/\/elfederalmendoza.com.ar\/wp-content\/uploads\/2025\/12\/diputados-milei-1024x580.jpg",640,363,true],"1536x1536":["https:\/\/elfederalmendoza.com.ar\/wp-content\/uploads\/2025\/12\/diputados-milei.jpg",1452,823,false],"2048x2048":["https:\/\/elfederalmendoza.com.ar\/wp-content\/uploads\/2025\/12\/diputados-milei.jpg",1452,823,false],"ultp_layout_landscape_large":["https:\/\/elfederalmendoza.com.ar\/wp-content\/uploads\/2025\/12\/diputados-milei-1200x800.jpg",1200,800,true],"ultp_layout_landscape":["https:\/\/elfederalmendoza.com.ar\/wp-content\/uploads\/2025\/12\/diputados-milei-870x570.jpg",870,570,true],"ultp_layout_portrait":["https:\/\/elfederalmendoza.com.ar\/wp-content\/uploads\/2025\/12\/diputados-milei-600x823.jpg",600,823,true],"ultp_layout_square":["https:\/\/elfederalmendoza.com.ar\/wp-content\/uploads\/2025\/12\/diputados-milei-600x600.jpg",600,600,true],"rpwe-thumbnail":["https:\/\/elfederalmendoza.com.ar\/wp-content\/uploads\/2025\/12\/diputados-milei-45x45.jpg",45,45,true],"advps-thumb-one":["https:\/\/elfederalmendoza.com.ar\/wp-content\/uploads\/2025\/12\/diputados-milei-1200x420.jpg",1200,420,true]},"rttpg_author":{"display_name":"Redacci\u00f3n El Federal","author_link":"https:\/\/elfederalmendoza.com.ar\/index.php\/author\/angelflores\/"},"rttpg_comment":0,"rttpg_category":"<a href=\"https:\/\/elfederalmendoza.com.ar\/index.php\/category\/arg\/\" rel=\"category tag\">Argentina<\/a>","rttpg_excerpt":"Hubo negociaciones fren\u00e9ticas, aunque la oposici\u00f3n consigui\u00f3 rechazar el art\u00edculo 75. La Casa Rosada incluy\u00f3 a \u00faltimo momento la coparticipaci\u00f3n de CABA y un aumento de fondos para el Poder Judicial en el mismo cap\u00edtulo y tampoco prosperaron. El texto ahora ser\u00e1 girado al Senado. El oficialismo logr\u00f3 en la madrugada de este jueves darle&hellip;","_links":{"self":[{"href":"https:\/\/elfederalmendoza.com.ar\/index.php\/wp-json\/wp\/v2\/posts\/35365","targetHints":{"allow":["GET"]}}],"collection":[{"href":"https:\/\/elfederalmendoza.com.ar\/index.php\/wp-json\/wp\/v2\/posts"}],"about":[{"href":"https:\/\/elfederalmendoza.com.ar\/index.php\/wp-json\/wp\/v2\/types\/post"}],"author":[{"embeddable":true,"href":"https:\/\/elfederalmendoza.com.ar\/index.php\/wp-json\/wp\/v2\/users\/2"}],"replies":[{"embeddable":true,"href":"https:\/\/elfederalmendoza.com.ar\/index.php\/wp-json\/wp\/v2\/comments?post=35365"}],"version-history":[{"count":1,"href":"https:\/\/elfederalmendoza.com.ar\/index.php\/wp-json\/wp\/v2\/posts\/35365\/revisions"}],"predecessor-version":[{"id":35367,"href":"https:\/\/elfederalmendoza.com.ar\/index.php\/wp-json\/wp\/v2\/posts\/35365\/revisions\/35367"}],"wp:featuredmedia":[{"embeddable":true,"href":"https:\/\/elfederalmendoza.com.ar\/index.php\/wp-json\/wp\/v2\/media\/35366"}],"wp:attachment":[{"href":"https:\/\/elfederalmendoza.com.ar\/index.php\/wp-json\/wp\/v2\/media?parent=35365"}],"wp:term":[{"taxonomy":"category","embeddable":true,"href":"https:\/\/elfederalmendoza.com.ar\/index.php\/wp-json\/wp\/v2\/categories?post=35365"},{"taxonomy":"post_tag","embeddable":true,"href":"https:\/\/elfederalmendoza.com.ar\/index.php\/wp-json\/wp\/v2\/tags?post=35365"}],"curies":[{"name":"wp","href":"https:\/\/api.w.org\/{rel}","templated":true}]}}