{"id":35371,"date":"2025-12-21T07:09:28","date_gmt":"2025-12-21T10:09:28","guid":{"rendered":"https:\/\/elfederalmendoza.com.ar\/?p=35371"},"modified":"2025-12-21T07:10:34","modified_gmt":"2025-12-21T10:10:34","slug":"parte-medico-de-cristina-kirchner-evoluciona-tras-cirugia-de-apendicitis","status":"publish","type":"post","link":"https:\/\/elfederalmendoza.com.ar\/index.php\/2025\/12\/21\/parte-medico-de-cristina-kirchner-evoluciona-tras-cirugia-de-apendicitis\/","title":{"rendered":"Parte m\u00e9dico de Cristina Kirchner: evoluciona tras cirug\u00eda de apendicitis"},"content":{"rendered":"\n<p>Se precisa que la ex mandataria ingres\u00f3 al Otamendi \u201cpresentando dolores abdominales compatibles con s\u00edndrome apendicular agudo\u201d.<\/p>\n\n\n\n<p>La ex presidenta<strong> Cristina Fern\u00e1ndez de Kirchner ingres\u00f3 al Sanatorio Otamendi<\/strong> con un cuadro de dolor abdominal, fue intervenida quir\u00fargicamente y evoluciona sin complicaciones postoperatorias, seg\u00fan inform\u00f3 el centro de salud.<\/p>\n\n\n\n<p>De acuerdo con el parte m\u00e9dico al que pudo acceder la Agencia Noticias Argentinas, la paciente \u201cingres\u00f3 a nuestra instituci\u00f3n el d\u00eda de hoy presentando dolores abdominales compatibles con s\u00edndrome apendicular agudo\u201d, cuadro cuyo diagn\u00f3stico \u201cfue confirmado por los medios correspondientes\u201d.<\/p>\n\n\n\n<figure class=\"wp-block-image\"><img decoding=\"async\" src=\"https:\/\/nuevarioja.com.ar\/galeria\/fotos\/2025\/12\/21\/e_1766298180.webp\" alt=\"\"\/><\/figure>\n\n\n\n<p>Parte m\u00e9dico de Cristina Kirchner: evoluciona tras cirug\u00eda de apendicitis<\/p>\n\n\n\n<p>El informe precis\u00f3 que Fern\u00e1ndez de Kirchner \u201cfue sometida durante horas de la tarde a una cirug\u00eda laparosc\u00f3pica\u201d, intervenci\u00f3n que<strong> \u201cconfirma el diagn\u00f3stico de apendicitis con peritonitis localizada\u201d.<\/strong><\/p>\n\n\n\n<p>Asimismo, el documento indic\u00f3 que la ex mandataria se encuentra \u201cevolucionando hasta el momento sin complicaciones post operatorias\u201d.<\/p>\n\n\n\n<p>El parte m\u00e9dico fue firmado por la directora m\u00e9dica del Sanatorio Otamendi, <strong>Marisa Lanfranconi.<\/strong><\/p>\n","protected":false},"excerpt":{"rendered":"<p>Se precisa que la ex mandataria ingres\u00f3 al Otamendi \u201cpresentando dolores abdominales compatibles con s\u00edndrome apendicular agudo\u201d. La ex presidenta Cristina Fern\u00e1ndez de Kirchner ingres\u00f3 al Sanatorio Otamendi con un cuadro de dolor abdominal, fue intervenida quir\u00fargicamente y evoluciona sin complicaciones postoperatorias, seg\u00fan inform\u00f3 el centro de salud. De acuerdo con el parte m\u00e9dico al<a class=\"read-more\" href=\"https:\/\/elfederalmendoza.com.ar\/index.php\/2025\/12\/21\/parte-medico-de-cristina-kirchner-evoluciona-tras-cirugia-de-apendicitis\/\"> [&hellip;]<\/a><\/p>\n","protected":false},"author":2,"featured_media":34067,"comment_status":"open","ping_status":"open","sticky":false,"template":"","format":"standard","meta":{"footnotes":""},"categories":[5618],"tags":[],"class_list":["post-35371","post","type-post","status-publish","format-standard","has-post-thumbnail","hentry","category-arg"],"rttpg_featured_image_url":{"full":["https:\/\/elfederalmendoza.com.ar\/wp-content\/uploads\/2024\/12\/cristina3.jpg",1320,740,false],"landscape":["https:\/\/elfederalmendoza.com.ar\/wp-content\/uploads\/2024\/12\/cristina3.jpg",1320,740,false],"portraits":["https:\/\/elfederalmendoza.com.ar\/wp-content\/uploads\/2024\/12\/cristina3.jpg",1320,740,false],"thumbnail":["https:\/\/elfederalmendoza.com.ar\/wp-content\/uploads\/2024\/12\/cristina3-150x150.jpg",150,150,true],"medium":["https:\/\/elfederalmendoza.com.ar\/wp-content\/uploads\/2024\/12\/cristina3-300x168.jpg",300,168,true],"large":["https:\/\/elfederalmendoza.com.ar\/wp-content\/uploads\/2024\/12\/cristina3-1024x574.jpg",640,359,true],"1536x1536":["https:\/\/elfederalmendoza.com.ar\/wp-content\/uploads\/2024\/12\/cristina3.jpg",1320,740,false],"2048x2048":["https:\/\/elfederalmendoza.com.ar\/wp-content\/uploads\/2024\/12\/cristina3.jpg",1320,740,false],"ultp_layout_landscape_large":["https:\/\/elfederalmendoza.com.ar\/wp-content\/uploads\/2024\/12\/cristina3-1200x740.jpg",1200,740,true],"ultp_layout_landscape":["https:\/\/elfederalmendoza.com.ar\/wp-content\/uploads\/2024\/12\/cristina3-870x570.jpg",870,570,true],"ultp_layout_portrait":["https:\/\/elfederalmendoza.com.ar\/wp-content\/uploads\/2024\/12\/cristina3-600x740.jpg",600,740,true],"ultp_layout_square":["https:\/\/elfederalmendoza.com.ar\/wp-content\/uploads\/2024\/12\/cristina3-600x600.jpg",600,600,true],"rpwe-thumbnail":["https:\/\/elfederalmendoza.com.ar\/wp-content\/uploads\/2024\/12\/cristina3-45x45.jpg",45,45,true],"advps-thumb-one":["https:\/\/elfederalmendoza.com.ar\/wp-content\/uploads\/2024\/12\/cristina3-1200x420.jpg",1200,420,true]},"rttpg_author":{"display_name":"Redacci\u00f3n El Federal","author_link":"https:\/\/elfederalmendoza.com.ar\/index.php\/author\/angelflores\/"},"rttpg_comment":0,"rttpg_category":"<a href=\"https:\/\/elfederalmendoza.com.ar\/index.php\/category\/arg\/\" rel=\"category tag\">Argentina<\/a>","rttpg_excerpt":"Se precisa que la ex mandataria ingres\u00f3 al Otamendi \u201cpresentando dolores abdominales compatibles con s\u00edndrome apendicular agudo\u201d. La ex presidenta Cristina Fern\u00e1ndez de Kirchner ingres\u00f3 al Sanatorio Otamendi con un cuadro de dolor abdominal, fue intervenida quir\u00fargicamente y evoluciona sin complicaciones postoperatorias, seg\u00fan inform\u00f3 el centro de salud. De acuerdo con el parte m\u00e9dico al&hellip;","_links":{"self":[{"href":"https:\/\/elfederalmendoza.com.ar\/index.php\/wp-json\/wp\/v2\/posts\/35371","targetHints":{"allow":["GET"]}}],"collection":[{"href":"https:\/\/elfederalmendoza.com.ar\/index.php\/wp-json\/wp\/v2\/posts"}],"about":[{"href":"https:\/\/elfederalmendoza.com.ar\/index.php\/wp-json\/wp\/v2\/types\/post"}],"author":[{"embeddable":true,"href":"https:\/\/elfederalmendoza.com.ar\/index.php\/wp-json\/wp\/v2\/users\/2"}],"replies":[{"embeddable":true,"href":"https:\/\/elfederalmendoza.com.ar\/index.php\/wp-json\/wp\/v2\/comments?post=35371"}],"version-history":[{"count":1,"href":"https:\/\/elfederalmendoza.com.ar\/index.php\/wp-json\/wp\/v2\/posts\/35371\/revisions"}],"predecessor-version":[{"id":35372,"href":"https:\/\/elfederalmendoza.com.ar\/index.php\/wp-json\/wp\/v2\/posts\/35371\/revisions\/35372"}],"wp:featuredmedia":[{"embeddable":true,"href":"https:\/\/elfederalmendoza.com.ar\/index.php\/wp-json\/wp\/v2\/media\/34067"}],"wp:attachment":[{"href":"https:\/\/elfederalmendoza.com.ar\/index.php\/wp-json\/wp\/v2\/media?parent=35371"}],"wp:term":[{"taxonomy":"category","embeddable":true,"href":"https:\/\/elfederalmendoza.com.ar\/index.php\/wp-json\/wp\/v2\/categories?post=35371"},{"taxonomy":"post_tag","embeddable":true,"href":"https:\/\/elfederalmendoza.com.ar\/index.php\/wp-json\/wp\/v2\/tags?post=35371"}],"curies":[{"name":"wp","href":"https:\/\/api.w.org\/{rel}","templated":true}]}}