{"id":35376,"date":"2025-12-21T08:20:26","date_gmt":"2025-12-21T11:20:26","guid":{"rendered":"https:\/\/elfederalmendoza.com.ar\/?p=35376"},"modified":"2025-12-21T08:20:26","modified_gmt":"2025-12-21T11:20:26","slug":"san-juan-inauguro-la-primera-autopista-solar-de-argentina","status":"publish","type":"post","link":"https:\/\/elfederalmendoza.com.ar\/index.php\/2025\/12\/21\/san-juan-inauguro-la-primera-autopista-solar-de-argentina\/","title":{"rendered":"San Juan inaugur\u00f3 la primera \u00abautopista solar\u00bb de Argentina"},"content":{"rendered":"\n<p>El gobernador de San Juan,\u00a0<strong>Marcelo Orrego<\/strong>, puso en funcionamiento la primera \u00abruta solar\u00bb de la Argentina al iluminar la\u00a0<strong>Avenida de Circunvalaci\u00f3n \u00edntegramente con energ\u00eda sustentable.<\/strong><\/p>\n\n\n\n<p><strong>Esta obra convirti\u00f3 a la traza sanjuanina en la primera arteria nacional con iluminaci\u00f3n 100% fotovoltaica<\/strong>. \u00abEsto no es s\u00f3lo una obra,<strong>&nbsp;es una decisi\u00f3n estrat\u00e9gica que demuestra que se puede crecer cuidando el ambiente\u00bb<\/strong>, destac\u00f3 el mandatario provincial sobre la puesta en marcha del sistema.<\/p>\n\n\n\n<p>El proyecto,<strong>&nbsp;impulsado por el Ente Provincial de Energ\u00eda (EPSE) y ejecutado por la firma Sergio Chiconi S.R.L., consisti\u00f3 en la instalaci\u00f3n de 36 generadores individuales de 5 kilovatios montados sobre monopostes<\/strong>&nbsp;en diversos sectores de la Ruta Nacional A014.<\/p>\n\n\n\n<p>Con este avance,<strong>&nbsp;San Juan se incorpor\u00f3 al grupo de regiones que utilizan tecnolog\u00eda similar, como los Pa\u00edses Bajos, Corea del Sur y California<\/strong>, empleando recursos y mano de obra local en el proceso.<\/p>\n\n\n\n<figure class=\"wp-block-image is-resized\"><img decoding=\"async\" src=\"https:\/\/www.mendozapost.com\/files\/image\/692\/692477\/6946f8bcf36c9_570_320!.jpg?s=00a85e91bf4e32e623368a21c517622d&amp;d=1766259073\" alt=\"\" style=\"width:840px;height:auto\"\/><figcaption class=\"wp-element-caption\">Instalaron 36 generadores en distintos puntos de la Ruta Nacional A014.<\/figcaption><\/figure>\n\n\n\n<p><strong>La construcci\u00f3n del sistema gener\u00f3 trabajo para m\u00e1s de 80 especialistas, entre ingenieros, soldadores y t\u00e9cnicos.<\/strong>&nbsp;<\/p>\n\n\n\n<p>Actualmente,&nbsp;<strong>San Juan alberga m\u00e1s del 50% de los parques solares<\/strong>&nbsp;del territorio nacional.<\/p>\n\n\n\n<figure class=\"wp-block-image is-resized\"><img decoding=\"async\" src=\"https:\/\/www.mendozapost.com\/files\/image\/623\/623189\/67894a896ddbb_570_338!.jpg?s=6204b615b7352fd080a5543b8e1ade7b&amp;d=1766259120\" alt=\"\" style=\"width:840px;height:auto\"\/><figcaption class=\"wp-element-caption\">Marcelo Orrego, gobernador sanjuanino.<\/figcaption><\/figure>\n","protected":false},"excerpt":{"rendered":"<p>El gobernador de San Juan,\u00a0Marcelo Orrego, puso en funcionamiento la primera \u00abruta solar\u00bb de la Argentina al iluminar la\u00a0Avenida de Circunvalaci\u00f3n \u00edntegramente con energ\u00eda sustentable. Esta obra convirti\u00f3 a la traza sanjuanina en la primera arteria nacional con iluminaci\u00f3n 100% fotovoltaica. \u00abEsto no es s\u00f3lo una obra,&nbsp;es una decisi\u00f3n estrat\u00e9gica que demuestra que se puede<a class=\"read-more\" href=\"https:\/\/elfederalmendoza.com.ar\/index.php\/2025\/12\/21\/san-juan-inauguro-la-primera-autopista-solar-de-argentina\/\"> [&hellip;]<\/a><\/p>\n","protected":false},"author":2,"featured_media":35377,"comment_status":"open","ping_status":"open","sticky":false,"template":"","format":"standard","meta":{"footnotes":""},"categories":[5618],"tags":[],"class_list":["post-35376","post","type-post","status-publish","format-standard","has-post-thumbnail","hentry","category-arg"],"rttpg_featured_image_url":{"full":["https:\/\/elfederalmendoza.com.ar\/wp-content\/uploads\/2025\/12\/SOLAR.jpg",1329,737,false],"landscape":["https:\/\/elfederalmendoza.com.ar\/wp-content\/uploads\/2025\/12\/SOLAR.jpg",1329,737,false],"portraits":["https:\/\/elfederalmendoza.com.ar\/wp-content\/uploads\/2025\/12\/SOLAR.jpg",1329,737,false],"thumbnail":["https:\/\/elfederalmendoza.com.ar\/wp-content\/uploads\/2025\/12\/SOLAR-150x150.jpg",150,150,true],"medium":["https:\/\/elfederalmendoza.com.ar\/wp-content\/uploads\/2025\/12\/SOLAR-300x166.jpg",300,166,true],"large":["https:\/\/elfederalmendoza.com.ar\/wp-content\/uploads\/2025\/12\/SOLAR-1024x568.jpg",640,355,true],"1536x1536":["https:\/\/elfederalmendoza.com.ar\/wp-content\/uploads\/2025\/12\/SOLAR.jpg",1329,737,false],"2048x2048":["https:\/\/elfederalmendoza.com.ar\/wp-content\/uploads\/2025\/12\/SOLAR.jpg",1329,737,false],"ultp_layout_landscape_large":["https:\/\/elfederalmendoza.com.ar\/wp-content\/uploads\/2025\/12\/SOLAR-1200x737.jpg",1200,737,true],"ultp_layout_landscape":["https:\/\/elfederalmendoza.com.ar\/wp-content\/uploads\/2025\/12\/SOLAR-870x570.jpg",870,570,true],"ultp_layout_portrait":["https:\/\/elfederalmendoza.com.ar\/wp-content\/uploads\/2025\/12\/SOLAR-600x737.jpg",600,737,true],"ultp_layout_square":["https:\/\/elfederalmendoza.com.ar\/wp-content\/uploads\/2025\/12\/SOLAR-600x600.jpg",600,600,true],"rpwe-thumbnail":["https:\/\/elfederalmendoza.com.ar\/wp-content\/uploads\/2025\/12\/SOLAR-45x45.jpg",45,45,true],"advps-thumb-one":["https:\/\/elfederalmendoza.com.ar\/wp-content\/uploads\/2025\/12\/SOLAR-1200x420.jpg",1200,420,true]},"rttpg_author":{"display_name":"Redacci\u00f3n El Federal","author_link":"https:\/\/elfederalmendoza.com.ar\/index.php\/author\/angelflores\/"},"rttpg_comment":0,"rttpg_category":"<a href=\"https:\/\/elfederalmendoza.com.ar\/index.php\/category\/arg\/\" rel=\"category tag\">Argentina<\/a>","rttpg_excerpt":"El gobernador de San Juan,\u00a0Marcelo Orrego, puso en funcionamiento la primera \u00abruta solar\u00bb de la Argentina al iluminar la\u00a0Avenida de Circunvalaci\u00f3n \u00edntegramente con energ\u00eda sustentable. Esta obra convirti\u00f3 a la traza sanjuanina en la primera arteria nacional con iluminaci\u00f3n 100% fotovoltaica. \u00abEsto no es s\u00f3lo una obra,&nbsp;es una decisi\u00f3n estrat\u00e9gica que demuestra que se puede&hellip;","_links":{"self":[{"href":"https:\/\/elfederalmendoza.com.ar\/index.php\/wp-json\/wp\/v2\/posts\/35376","targetHints":{"allow":["GET"]}}],"collection":[{"href":"https:\/\/elfederalmendoza.com.ar\/index.php\/wp-json\/wp\/v2\/posts"}],"about":[{"href":"https:\/\/elfederalmendoza.com.ar\/index.php\/wp-json\/wp\/v2\/types\/post"}],"author":[{"embeddable":true,"href":"https:\/\/elfederalmendoza.com.ar\/index.php\/wp-json\/wp\/v2\/users\/2"}],"replies":[{"embeddable":true,"href":"https:\/\/elfederalmendoza.com.ar\/index.php\/wp-json\/wp\/v2\/comments?post=35376"}],"version-history":[{"count":1,"href":"https:\/\/elfederalmendoza.com.ar\/index.php\/wp-json\/wp\/v2\/posts\/35376\/revisions"}],"predecessor-version":[{"id":35378,"href":"https:\/\/elfederalmendoza.com.ar\/index.php\/wp-json\/wp\/v2\/posts\/35376\/revisions\/35378"}],"wp:featuredmedia":[{"embeddable":true,"href":"https:\/\/elfederalmendoza.com.ar\/index.php\/wp-json\/wp\/v2\/media\/35377"}],"wp:attachment":[{"href":"https:\/\/elfederalmendoza.com.ar\/index.php\/wp-json\/wp\/v2\/media?parent=35376"}],"wp:term":[{"taxonomy":"category","embeddable":true,"href":"https:\/\/elfederalmendoza.com.ar\/index.php\/wp-json\/wp\/v2\/categories?post=35376"},{"taxonomy":"post_tag","embeddable":true,"href":"https:\/\/elfederalmendoza.com.ar\/index.php\/wp-json\/wp\/v2\/tags?post=35376"}],"curies":[{"name":"wp","href":"https:\/\/api.w.org\/{rel}","templated":true}]}}