{"id":35379,"date":"2025-12-21T09:42:06","date_gmt":"2025-12-21T12:42:06","guid":{"rendered":"https:\/\/elfederalmendoza.com.ar\/?p=35379"},"modified":"2025-12-21T09:42:08","modified_gmt":"2025-12-21T12:42:08","slug":"hijos-nuestros-la-seleccion-argentina-sub-16-vencio-a-chile-y-se-consagro-campeona-de-la-copa-uc","status":"publish","type":"post","link":"https:\/\/elfederalmendoza.com.ar\/index.php\/2025\/12\/21\/hijos-nuestros-la-seleccion-argentina-sub-16-vencio-a-chile-y-se-consagro-campeona-de-la-copa-uc\/","title":{"rendered":"Hijos nuestros: la Selecci\u00f3n Argentina Sub 16 venci\u00f3 a Chile y se consagr\u00f3 campeona de la Copa UC"},"content":{"rendered":"\n<p>Con goles de Giovanni Baroni, la Selecci\u00f3n juvenil derrot\u00f3 a su par chileno y se qued\u00f3 con el torneo amistoso disputado en Santiago.<\/p>\n\n\n\n<p>La\u00a0<strong>Selecci\u00f3n argentina<\/strong>\u00a0Sub 16 se consagr\u00f3 campeona de la\u00a0<strong>Copa UC<\/strong>\u00a0luego de vencer por 2-1 a\u00a0<strong>Chile<\/strong>\u00a0en la final del certamen amistoso organizado por la Universidad Cat\u00f3lica. El torneo reuni\u00f3 a selecciones y equipos juveniles de la regi\u00f3n y sirvi\u00f3 como una exigente prueba internacional.<\/p>\n\n\n\n<p>El equipo dirigido por <strong>Facundo Quiroga<\/strong>,\u00a0integrante del cuerpo t\u00e9cnico que encabeza <strong>Diego Placente<\/strong>, volvi\u00f3 a mostrar solidez y car\u00e1cter competitivo frente al combinado local, al que ya hab\u00eda derrotado con claridad en la fase de grupos por 4-1.<\/p>\n\n\n\n<h2 class=\"wp-block-heading\">Un primer tiempo decisivo y un cierre con tensi\u00f3n<\/h2>\n\n\n\n<p><strong>Argentina&nbsp;<\/strong>abri\u00f3 el marcador a los 14 minutos de la primera etapa con un gol de Giovanni Baroni. Apenas cuatro minutos despu\u00e9s, el propio futbolista de Talleres de C\u00f3rdoba volvi\u00f3 a aparecer para ampliar la diferencia y encaminar el triunfo.<\/p>\n\n\n\n<p><strong>Chile&nbsp;<\/strong>reaccion\u00f3 r\u00e1pidamente y descont\u00f3 a los 20 minutos a trav\u00e9s de Lucas L\u00f3pez, lo que le devolvi\u00f3 suspenso al encuentro. En el complemento, el seleccionado argentino debi\u00f3 resistir con un jugador menos tras la expulsi\u00f3n de Ulises Vallejo, pero logr\u00f3 sostener la ventaja con orden y entrega hasta el final.<\/p>\n\n\n\n<figure class=\"wp-block-embed is-type-video is-provider-youtube wp-block-embed-youtube wp-embed-aspect-16-9 wp-has-aspect-ratio\"><div class=\"wp-block-embed__wrapper\">\n<iframe loading=\"lazy\" title=\"\u00a1ARGENTINA CAMPE\u00d3N! LE GAN\u00d3 a CHILE la FINAL de la COPA UC | #Chike 1-2 #Argentina | Resumen\" width=\"640\" height=\"360\" src=\"https:\/\/www.youtube.com\/embed\/TPLs8oru59Y?feature=oembed\" frameborder=\"0\" allow=\"accelerometer; autoplay; clipboard-write; encrypted-media; gyroscope; picture-in-picture; web-share\" referrerpolicy=\"strict-origin-when-cross-origin\" allowfullscreen><\/iframe>\n<\/div><\/figure>\n\n\n\n<p>El pitazo final desat\u00f3 el festejo argentino, que celebr\u00f3 una nueva consagraci\u00f3n juvenil en territorio chileno.<\/p>\n\n\n\n<h2 class=\"wp-block-heading\">El camino al t\u00edtulo de la Selecci\u00f3n argentina<\/h2>\n\n\n\n<p>La&nbsp;<strong>Selecci\u00f3n<\/strong>&nbsp;<strong>Sub 16<\/strong>&nbsp;hab\u00eda alcanzado la final tras empatar 1-1 frente a Per\u00fa en semifinales y superarlo luego por 6-5 en la definici\u00f3n por penales. En ese encuentro, Argentina hab\u00eda comenzado en desventaja por el gol de Roberth La Madrid, pero Alan Alcaraz igual\u00f3 en el inicio del segundo tiempo tras una asistencia desde el fondo de Benjam\u00edn Vallejo.<\/p>\n\n\n\n<p>La tanda desde los doce pasos tuvo momentos de tensi\u00f3n y un episodio pol\u00e9mico, con expulsiones y discusiones luego de una dura infracci\u00f3n que calent\u00f3 el cierre del partido. Finalmente, el arquero Thiago Parga fue clave al atajar dos penales, incluido el decisivo ante Rodrigo Vega, mientras que Alcaraz se destac\u00f3 al ejecutar su remate con un no-look.<\/p>\n\n\n\n<p>En el partido por el tercer puesto, Per\u00fa venci\u00f3 1-0 a Colombia, mientras que Independiente del Valle finaliz\u00f3 quinto tras derrotar por el mismo marcador a Venezuela. Para&nbsp;<strong>Argentina<\/strong>, el t\u00edtulo confirm\u00f3 el buen presente de sus juveniles y dej\u00f3 un balance altamente positivo de la gira.<\/p>\n","protected":false},"excerpt":{"rendered":"<p>Con goles de Giovanni Baroni, la Selecci\u00f3n juvenil derrot\u00f3 a su par chileno y se qued\u00f3 con el torneo amistoso disputado en Santiago. La\u00a0Selecci\u00f3n argentina\u00a0Sub 16 se consagr\u00f3 campeona de la\u00a0Copa UC\u00a0luego de vencer por 2-1 a\u00a0Chile\u00a0en la final del certamen amistoso organizado por la Universidad Cat\u00f3lica. El torneo reuni\u00f3 a selecciones y equipos juveniles<a class=\"read-more\" href=\"https:\/\/elfederalmendoza.com.ar\/index.php\/2025\/12\/21\/hijos-nuestros-la-seleccion-argentina-sub-16-vencio-a-chile-y-se-consagro-campeona-de-la-copa-uc\/\"> [&hellip;]<\/a><\/p>\n","protected":false},"author":2,"featured_media":35380,"comment_status":"open","ping_status":"open","sticky":false,"template":"","format":"standard","meta":{"footnotes":""},"categories":[5620],"tags":[],"class_list":["post-35379","post","type-post","status-publish","format-standard","has-post-thumbnail","hentry","category-deportes"],"rttpg_featured_image_url":{"full":["https:\/\/elfederalmendoza.com.ar\/wp-content\/uploads\/2025\/12\/hijosnuestros.jpg",1346,750,false],"landscape":["https:\/\/elfederalmendoza.com.ar\/wp-content\/uploads\/2025\/12\/hijosnuestros.jpg",1346,750,false],"portraits":["https:\/\/elfederalmendoza.com.ar\/wp-content\/uploads\/2025\/12\/hijosnuestros.jpg",1346,750,false],"thumbnail":["https:\/\/elfederalmendoza.com.ar\/wp-content\/uploads\/2025\/12\/hijosnuestros-150x150.jpg",150,150,true],"medium":["https:\/\/elfederalmendoza.com.ar\/wp-content\/uploads\/2025\/12\/hijosnuestros-300x167.jpg",300,167,true],"large":["https:\/\/elfederalmendoza.com.ar\/wp-content\/uploads\/2025\/12\/hijosnuestros-1024x571.jpg",640,357,true],"1536x1536":["https:\/\/elfederalmendoza.com.ar\/wp-content\/uploads\/2025\/12\/hijosnuestros.jpg",1346,750,false],"2048x2048":["https:\/\/elfederalmendoza.com.ar\/wp-content\/uploads\/2025\/12\/hijosnuestros.jpg",1346,750,false],"ultp_layout_landscape_large":["https:\/\/elfederalmendoza.com.ar\/wp-content\/uploads\/2025\/12\/hijosnuestros-1200x750.jpg",1200,750,true],"ultp_layout_landscape":["https:\/\/elfederalmendoza.com.ar\/wp-content\/uploads\/2025\/12\/hijosnuestros-870x570.jpg",870,570,true],"ultp_layout_portrait":["https:\/\/elfederalmendoza.com.ar\/wp-content\/uploads\/2025\/12\/hijosnuestros-600x750.jpg",600,750,true],"ultp_layout_square":["https:\/\/elfederalmendoza.com.ar\/wp-content\/uploads\/2025\/12\/hijosnuestros-600x600.jpg",600,600,true],"rpwe-thumbnail":["https:\/\/elfederalmendoza.com.ar\/wp-content\/uploads\/2025\/12\/hijosnuestros-45x45.jpg",45,45,true],"advps-thumb-one":["https:\/\/elfederalmendoza.com.ar\/wp-content\/uploads\/2025\/12\/hijosnuestros-1200x420.jpg",1200,420,true]},"rttpg_author":{"display_name":"Redacci\u00f3n El Federal","author_link":"https:\/\/elfederalmendoza.com.ar\/index.php\/author\/angelflores\/"},"rttpg_comment":0,"rttpg_category":"<a href=\"https:\/\/elfederalmendoza.com.ar\/index.php\/category\/deportes\/\" rel=\"category tag\">Deportes<\/a>","rttpg_excerpt":"Con goles de Giovanni Baroni, la Selecci\u00f3n juvenil derrot\u00f3 a su par chileno y se qued\u00f3 con el torneo amistoso disputado en Santiago. La\u00a0Selecci\u00f3n argentina\u00a0Sub 16 se consagr\u00f3 campeona de la\u00a0Copa UC\u00a0luego de vencer por 2-1 a\u00a0Chile\u00a0en la final del certamen amistoso organizado por la Universidad Cat\u00f3lica. El torneo reuni\u00f3 a selecciones y equipos juveniles&hellip;","_links":{"self":[{"href":"https:\/\/elfederalmendoza.com.ar\/index.php\/wp-json\/wp\/v2\/posts\/35379","targetHints":{"allow":["GET"]}}],"collection":[{"href":"https:\/\/elfederalmendoza.com.ar\/index.php\/wp-json\/wp\/v2\/posts"}],"about":[{"href":"https:\/\/elfederalmendoza.com.ar\/index.php\/wp-json\/wp\/v2\/types\/post"}],"author":[{"embeddable":true,"href":"https:\/\/elfederalmendoza.com.ar\/index.php\/wp-json\/wp\/v2\/users\/2"}],"replies":[{"embeddable":true,"href":"https:\/\/elfederalmendoza.com.ar\/index.php\/wp-json\/wp\/v2\/comments?post=35379"}],"version-history":[{"count":1,"href":"https:\/\/elfederalmendoza.com.ar\/index.php\/wp-json\/wp\/v2\/posts\/35379\/revisions"}],"predecessor-version":[{"id":35381,"href":"https:\/\/elfederalmendoza.com.ar\/index.php\/wp-json\/wp\/v2\/posts\/35379\/revisions\/35381"}],"wp:featuredmedia":[{"embeddable":true,"href":"https:\/\/elfederalmendoza.com.ar\/index.php\/wp-json\/wp\/v2\/media\/35380"}],"wp:attachment":[{"href":"https:\/\/elfederalmendoza.com.ar\/index.php\/wp-json\/wp\/v2\/media?parent=35379"}],"wp:term":[{"taxonomy":"category","embeddable":true,"href":"https:\/\/elfederalmendoza.com.ar\/index.php\/wp-json\/wp\/v2\/categories?post=35379"},{"taxonomy":"post_tag","embeddable":true,"href":"https:\/\/elfederalmendoza.com.ar\/index.php\/wp-json\/wp\/v2\/tags?post=35379"}],"curies":[{"name":"wp","href":"https:\/\/api.w.org\/{rel}","templated":true}]}}