{"id":35382,"date":"2025-12-21T05:25:00","date_gmt":"2025-12-21T08:25:00","guid":{"rendered":"https:\/\/elfederalmendoza.com.ar\/?p=35382"},"modified":"2025-12-21T12:13:51","modified_gmt":"2025-12-21T15:13:51","slug":"steven-spielberg-revela-el-teaser-trailer-de-el-dia-de-la-revelacion-misterio-expectativas-y-secretos-detras-de-la-pelicula","status":"publish","type":"post","link":"https:\/\/elfederalmendoza.com.ar\/index.php\/2025\/12\/21\/steven-spielberg-revela-el-teaser-trailer-de-el-dia-de-la-revelacion-misterio-expectativas-y-secretos-detras-de-la-pelicula\/","title":{"rendered":"Steven Spielberg Revela el Teaser Tr\u00e1iler de El d\u00eda de la revelaci\u00f3n: misterio, expectativas y secretos detr\u00e1s de la pel\u00edcula"},"content":{"rendered":"\n<p>El legendario director <strong>Steven Spielberg<\/strong> ha encendido nuevamente la industria cinematogr\u00e1fica con el lanzamiento del <strong>primer teaser tr\u00e1iler oficial<\/strong> de su pr\u00f3ximo film <strong><em>El d\u00eda de la revelaci\u00f3n<\/em> (<em>Disclosure Day<\/em>)<\/strong>, previsto para llegar a las salas de cine el <strong>12 de junio de 2026<\/strong>.<\/p>\n\n\n\n<p>El avance, liberado esta semana por <strong>Universal Pictures<\/strong>, promete una historia de ciencia ficci\u00f3n con tintes globales e inquietantes misterios, reconstruyendo el enfoque narrativo que hizo ic\u00f3nicos films como <em>E.T.<\/em> o <em>La Guerra de los Mundos<\/em>.<\/p>\n\n\n\n<p>El teaser no muestra escenas expl\u00edcitas de extraterrestres, pero s\u00ed deja pistas poderosas:<\/p>\n\n\n\n<ul class=\"wp-block-list\">\n<li>Im\u00e1genes fragmentadas de <strong>transmisiones televisivas interrumpidas<\/strong> por interrupciones extra\u00f1as y simbolismos visuales que sugieren un fen\u00f3meno masivo m\u00e1s all\u00e1 de lo com\u00fan.<\/li>\n\n\n\n<li>Secuencias cotidianas alteradas abruptamente, como personas que parecen percibir realidades distintas o se\u00f1ales sin explicaci\u00f3n. <\/li>\n\n\n\n<li>Una <strong>atm\u00f3sfera de tensi\u00f3n creciente<\/strong>, con efectos visuales que sugieren que lo que est\u00e1 por revelarse impactar\u00e1 a toda la humanidad.<\/li>\n<\/ul>\n\n\n\n<p>Lejos de revelar la trama, el teaser construye <strong>una sensaci\u00f3n de inquietud y expectativa<\/strong>, dejando al p\u00fablico con m\u00e1s preguntas que respuestas. Seg\u00fan fuentes oficiales, <em>El d\u00eda de la revelaci\u00f3n<\/em> gira en torno a un suceso global que amenaza con cambiar para siempre la percepci\u00f3n humana de la realidad.<\/p>\n\n\n\n<ul class=\"wp-block-list\">\n<li><strong>Emily Blunt<\/strong> interpreta a una meteor\u00f3loga que se ve atrapada en el epicentro de una transmisi\u00f3n que puede alterar la percepci\u00f3n p\u00fablica. <\/li>\n\n\n\n<li><strong>Josh O\u2019Connor<\/strong> personifica a un ciudadano obsesionado con descubrir la verdad detr\u00e1s de lo inexplicable.<\/li>\n\n\n\n<li>El elenco se completa con <strong>Colin Firth<\/strong>, <strong>Eve Hewson<\/strong>, <strong>Colman Domingo<\/strong> y <strong>Wyatt Russell<\/strong>, entre otros, quienes contribuyen a un reparto de alto calibre.<\/li>\n<\/ul>\n\n\n\n<p>El guion fue escrito por <strong>David Koepp<\/strong>, colaborador frecuente de Spielberg en cl\u00e1sicos como <em>Parque Jur\u00e1sico<\/em> y <em>La guerra de los mundos<\/em>.<\/p>\n\n\n\n<p>Spielberg ha mantenido un perfil reservado sobre detalles argumentales, aunque ha se\u00f1alado en entrevistas recientes que esta pel\u00edcula representa <strong>una \u201creflexi\u00f3n sobre la verdad y la percepci\u00f3n colectiva de la realidad\u201d<\/strong>. <\/p>\n\n\n\n<figure class=\"wp-block-image size-large\"><img loading=\"lazy\" decoding=\"async\" width=\"1024\" height=\"425\" src=\"https:\/\/elfederalmendoza.com.ar\/wp-content\/uploads\/2025\/12\/revelacion1-1024x425.jpg\" alt=\"\" class=\"wp-image-35384\" srcset=\"https:\/\/elfederalmendoza.com.ar\/wp-content\/uploads\/2025\/12\/revelacion1-1024x425.jpg 1024w, https:\/\/elfederalmendoza.com.ar\/wp-content\/uploads\/2025\/12\/revelacion1-300x124.jpg 300w, https:\/\/elfederalmendoza.com.ar\/wp-content\/uploads\/2025\/12\/revelacion1-768x319.jpg 768w, https:\/\/elfederalmendoza.com.ar\/wp-content\/uploads\/2025\/12\/revelacion1.jpg 1355w\" sizes=\"auto, (max-width: 1024px) 100vw, 1024px\" \/><\/figure>\n\n\n\n<p><strong>Expertos en cine y fan\u00e1ticos han puesto en marcha teor\u00edas en torno a:<\/strong><\/p>\n\n\n\n<ul class=\"wp-block-list\">\n<li>\u00bfSer\u00e1 un nuevo enfoque narrativo sobre el primer contacto con vida extraterrestre? Algunos cr\u00edticos creen que el teaser es deliberadamente vago para evitar revelar la naturaleza real de ese contacto.<\/li>\n\n\n\n<li>\u00bfPodr\u00eda tratarse de una met\u00e1fora sobre c\u00f3mo la tecnolog\u00eda y la informaci\u00f3n controlan nuestras creencias? Varios analistas han destacado el uso de transmisiones interrumpidas como s\u00edmbolo de manipulaci\u00f3n medi\u00e1tica.<\/li>\n<\/ul>\n\n\n\n<p><strong>Las primeras reacciones en redes y foros especializados muestran un enorme inter\u00e9s:<\/strong><\/p>\n\n\n\n<ul class=\"wp-block-list\">\n<li>El teaser est\u00e1 siendo analizado cuadro a cuadro por fan\u00e1ticos que buscan pistas ocultas.<\/li>\n\n\n\n<li>Muchos se\u00f1alan el regreso de Spielberg al g\u00e9nero de ciencia ficci\u00f3n como uno de los eventos cinematogr\u00e1ficos m\u00e1s importantes desde hace a\u00f1os.<\/li>\n<\/ul>\n\n\n\n<p><em>El d\u00eda de la revelaci\u00f3n<\/em> llegar\u00e1 a los cines <strong>12 de junio de 2026<\/strong>, acompa\u00f1ado de una campa\u00f1a promocional que promete futuros avances con mayores detalles.<\/p>\n\n\n\n<p>Con un reparto s\u00f3lido, una historia de misterio profundo y la firma de Spielberg detr\u00e1s, el film ya se perfila como uno de los estrenos m\u00e1s esperados del pr\u00f3ximo a\u00f1o.<\/p>\n\n\n\n<figure class=\"wp-block-embed is-type-video is-provider-youtube wp-block-embed-youtube wp-embed-aspect-16-9 wp-has-aspect-ratio\"><div class=\"wp-block-embed__wrapper\">\n<iframe loading=\"lazy\" title=\"EL D\u00cdA DE LA REVELACI\u00d3N - Teaser Tr\u00e1iler Oficial (Universal Pictures)\" width=\"640\" height=\"360\" src=\"https:\/\/www.youtube.com\/embed\/EGr_N0vu0T0?feature=oembed\" frameborder=\"0\" allow=\"accelerometer; autoplay; clipboard-write; encrypted-media; gyroscope; picture-in-picture; web-share\" referrerpolicy=\"strict-origin-when-cross-origin\" allowfullscreen><\/iframe>\n<\/div><\/figure>\n","protected":false},"excerpt":{"rendered":"<p>El legendario director Steven Spielberg ha encendido nuevamente la industria cinematogr\u00e1fica con el lanzamiento del primer teaser tr\u00e1iler oficial de su pr\u00f3ximo film El d\u00eda de la revelaci\u00f3n (Disclosure Day), previsto para llegar a las salas de cine el 12 de junio de 2026. El avance, liberado esta semana por Universal Pictures, promete una historia<a class=\"read-more\" href=\"https:\/\/elfederalmendoza.com.ar\/index.php\/2025\/12\/21\/steven-spielberg-revela-el-teaser-trailer-de-el-dia-de-la-revelacion-misterio-expectativas-y-secretos-detras-de-la-pelicula\/\"> [&hellip;]<\/a><\/p>\n","protected":false},"author":2,"featured_media":35383,"comment_status":"open","ping_status":"open","sticky":false,"template":"","format":"standard","meta":{"footnotes":""},"categories":[5618,5621],"tags":[],"class_list":["post-35382","post","type-post","status-publish","format-standard","has-post-thumbnail","hentry","category-arg","category-espectaculos"],"rttpg_featured_image_url":{"full":["https:\/\/elfederalmendoza.com.ar\/wp-content\/uploads\/2025\/12\/revelacion-scaled.jpg",2560,1144,false],"landscape":["https:\/\/elfederalmendoza.com.ar\/wp-content\/uploads\/2025\/12\/revelacion-scaled.jpg",2560,1144,false],"portraits":["https:\/\/elfederalmendoza.com.ar\/wp-content\/uploads\/2025\/12\/revelacion-scaled.jpg",2560,1144,false],"thumbnail":["https:\/\/elfederalmendoza.com.ar\/wp-content\/uploads\/2025\/12\/revelacion-150x150.jpg",150,150,true],"medium":["https:\/\/elfederalmendoza.com.ar\/wp-content\/uploads\/2025\/12\/revelacion-300x134.jpg",300,134,true],"large":["https:\/\/elfederalmendoza.com.ar\/wp-content\/uploads\/2025\/12\/revelacion-1024x458.jpg",640,286,true],"1536x1536":["https:\/\/elfederalmendoza.com.ar\/wp-content\/uploads\/2025\/12\/revelacion-1536x687.jpg",1536,687,true],"2048x2048":["https:\/\/elfederalmendoza.com.ar\/wp-content\/uploads\/2025\/12\/revelacion-2048x915.jpg",2048,915,true],"ultp_layout_landscape_large":["https:\/\/elfederalmendoza.com.ar\/wp-content\/uploads\/2025\/12\/revelacion-1200x800.jpg",1200,800,true],"ultp_layout_landscape":["https:\/\/elfederalmendoza.com.ar\/wp-content\/uploads\/2025\/12\/revelacion-870x570.jpg",870,570,true],"ultp_layout_portrait":["https:\/\/elfederalmendoza.com.ar\/wp-content\/uploads\/2025\/12\/revelacion-600x900.jpg",600,900,true],"ultp_layout_square":["https:\/\/elfederalmendoza.com.ar\/wp-content\/uploads\/2025\/12\/revelacion-600x600.jpg",600,600,true],"rpwe-thumbnail":["https:\/\/elfederalmendoza.com.ar\/wp-content\/uploads\/2025\/12\/revelacion-45x45.jpg",45,45,true],"advps-thumb-one":["https:\/\/elfederalmendoza.com.ar\/wp-content\/uploads\/2025\/12\/revelacion-1200x420.jpg",1200,420,true]},"rttpg_author":{"display_name":"Redacci\u00f3n El Federal","author_link":"https:\/\/elfederalmendoza.com.ar\/index.php\/author\/angelflores\/"},"rttpg_comment":0,"rttpg_category":"<a href=\"https:\/\/elfederalmendoza.com.ar\/index.php\/category\/arg\/\" rel=\"category tag\">Argentina<\/a> <a href=\"https:\/\/elfederalmendoza.com.ar\/index.php\/category\/espectaculos\/\" rel=\"category tag\">Espect\u00e1culos<\/a>","rttpg_excerpt":"El legendario director Steven Spielberg ha encendido nuevamente la industria cinematogr\u00e1fica con el lanzamiento del primer teaser tr\u00e1iler oficial de su pr\u00f3ximo film El d\u00eda de la revelaci\u00f3n (Disclosure Day), previsto para llegar a las salas de cine el 12 de junio de 2026. El avance, liberado esta semana por Universal Pictures, promete una historia&hellip;","_links":{"self":[{"href":"https:\/\/elfederalmendoza.com.ar\/index.php\/wp-json\/wp\/v2\/posts\/35382","targetHints":{"allow":["GET"]}}],"collection":[{"href":"https:\/\/elfederalmendoza.com.ar\/index.php\/wp-json\/wp\/v2\/posts"}],"about":[{"href":"https:\/\/elfederalmendoza.com.ar\/index.php\/wp-json\/wp\/v2\/types\/post"}],"author":[{"embeddable":true,"href":"https:\/\/elfederalmendoza.com.ar\/index.php\/wp-json\/wp\/v2\/users\/2"}],"replies":[{"embeddable":true,"href":"https:\/\/elfederalmendoza.com.ar\/index.php\/wp-json\/wp\/v2\/comments?post=35382"}],"version-history":[{"count":1,"href":"https:\/\/elfederalmendoza.com.ar\/index.php\/wp-json\/wp\/v2\/posts\/35382\/revisions"}],"predecessor-version":[{"id":35385,"href":"https:\/\/elfederalmendoza.com.ar\/index.php\/wp-json\/wp\/v2\/posts\/35382\/revisions\/35385"}],"wp:featuredmedia":[{"embeddable":true,"href":"https:\/\/elfederalmendoza.com.ar\/index.php\/wp-json\/wp\/v2\/media\/35383"}],"wp:attachment":[{"href":"https:\/\/elfederalmendoza.com.ar\/index.php\/wp-json\/wp\/v2\/media?parent=35382"}],"wp:term":[{"taxonomy":"category","embeddable":true,"href":"https:\/\/elfederalmendoza.com.ar\/index.php\/wp-json\/wp\/v2\/categories?post=35382"},{"taxonomy":"post_tag","embeddable":true,"href":"https:\/\/elfederalmendoza.com.ar\/index.php\/wp-json\/wp\/v2\/tags?post=35382"}],"curies":[{"name":"wp","href":"https:\/\/api.w.org\/{rel}","templated":true}]}}