{"id":35387,"date":"2025-12-23T09:57:19","date_gmt":"2025-12-23T12:57:19","guid":{"rendered":"https:\/\/elfederalmendoza.com.ar\/?p=35387"},"modified":"2025-12-23T09:57:19","modified_gmt":"2025-12-23T12:57:19","slug":"murio-el-policia-que-cayo-de-su-moto-en-la-costanera","status":"publish","type":"post","link":"https:\/\/elfederalmendoza.com.ar\/index.php\/2025\/12\/23\/murio-el-policia-que-cayo-de-su-moto-en-la-costanera\/","title":{"rendered":"Muri\u00f3 el polic\u00eda que cay\u00f3 de su moto en la Costanera"},"content":{"rendered":"\n<p>Fuentes oficiales confirmaron este martes que el Oficial Ayudante\u00a0<strong>Mauricio Agust\u00edn Rosales<\/strong>\u00a0de 27 a\u00f1os que hab\u00eda resultado gravemente herido tras caer de su motocicleta en la Costanera, en\u00a0Guaymall\u00e9n,\u00a0<strong>falleci\u00f3 en horas de la noche del lunes<\/strong>. El efectivo permanec\u00eda internado en el\u00a0Hospital Central\u00a0desde la ma\u00f1ana, con un cuadro cl\u00ednico cr\u00edtico.<\/p>\n\n\n\n<p>El accidente vial ocurri\u00f3 cerca de las 6.30 horas del lunes, en la intersecci\u00f3n de Costanera y calle Godoy Cruz. Por causas que a\u00fan se investigan,<strong>&nbsp;el conductor perdi\u00f3 el dominio de la motocicleta mientras circulaba por el carril r\u00e1pido en sentido sur a norte<\/strong>&nbsp;y cay\u00f3 sobre la calle.<\/p>\n\n\n\n<p>Seg\u00fan trascendi\u00f3, Rosales se encontraba saliendo de guardia y prestaba servicio en la Unidad Motorizada de Acci\u00f3n R\u00e1pida (UMAR) de Las Heras.<\/p>\n\n\n\n<p>En el lugar trabaj\u00f3 personal del Servicio de Emergencias Coordinado (SEC), que diagnostic\u00f3<strong>&nbsp;fractura expuesta de pierna izquierda, luxaci\u00f3n de pierna derecha y traumatismo enc\u00e9falo craneano<\/strong>&nbsp;(TEC). Debido a la gravedad de las lesiones, fue trasladado de urgencia.<\/p>\n\n\n\n<figure class=\"wp-block-image\"><img decoding=\"async\" src=\"https:\/\/www.mendozapost.com\/files\/image\/692\/692995\/694a82d843780_570_315!.jpg?s=c116453ff9f88ae2c64385ae4bbed656&amp;d=1766490843\" alt=\"\"\/><\/figure>\n\n\n\n<p>Lamentablemente y pese a la atenci\u00f3n m\u00e9dica recibida, el efectivo falleci\u00f3 durante la noche. En el hecho intervino personal policial de la Delegaci\u00f3n Vial Gran Mendoza, mientras contin\u00faan las actuaciones para determinar las circunstancias del siniestro.<\/p>\n","protected":false},"excerpt":{"rendered":"<p>Fuentes oficiales confirmaron este martes que el Oficial Ayudante\u00a0Mauricio Agust\u00edn Rosales\u00a0de 27 a\u00f1os que hab\u00eda resultado gravemente herido tras caer de su motocicleta en la Costanera, en\u00a0Guaymall\u00e9n,\u00a0falleci\u00f3 en horas de la noche del lunes. El efectivo permanec\u00eda internado en el\u00a0Hospital Central\u00a0desde la ma\u00f1ana, con un cuadro cl\u00ednico cr\u00edtico. El accidente vial ocurri\u00f3 cerca de las<a class=\"read-more\" href=\"https:\/\/elfederalmendoza.com.ar\/index.php\/2025\/12\/23\/murio-el-policia-que-cayo-de-su-moto-en-la-costanera\/\"> [&hellip;]<\/a><\/p>\n","protected":false},"author":2,"featured_media":35388,"comment_status":"open","ping_status":"open","sticky":false,"template":"","format":"standard","meta":{"footnotes":""},"categories":[1],"tags":[],"class_list":["post-35387","post","type-post","status-publish","format-standard","has-post-thumbnail","hentry","category-mza"],"rttpg_featured_image_url":{"full":["https:\/\/elfederalmendoza.com.ar\/wp-content\/uploads\/2025\/12\/MOTO-POLICIA.jpg",570,315,false],"landscape":["https:\/\/elfederalmendoza.com.ar\/wp-content\/uploads\/2025\/12\/MOTO-POLICIA.jpg",570,315,false],"portraits":["https:\/\/elfederalmendoza.com.ar\/wp-content\/uploads\/2025\/12\/MOTO-POLICIA.jpg",570,315,false],"thumbnail":["https:\/\/elfederalmendoza.com.ar\/wp-content\/uploads\/2025\/12\/MOTO-POLICIA-150x150.jpg",150,150,true],"medium":["https:\/\/elfederalmendoza.com.ar\/wp-content\/uploads\/2025\/12\/MOTO-POLICIA-300x166.jpg",300,166,true],"large":["https:\/\/elfederalmendoza.com.ar\/wp-content\/uploads\/2025\/12\/MOTO-POLICIA.jpg",570,315,false],"1536x1536":["https:\/\/elfederalmendoza.com.ar\/wp-content\/uploads\/2025\/12\/MOTO-POLICIA.jpg",570,315,false],"2048x2048":["https:\/\/elfederalmendoza.com.ar\/wp-content\/uploads\/2025\/12\/MOTO-POLICIA.jpg",570,315,false],"ultp_layout_landscape_large":["https:\/\/elfederalmendoza.com.ar\/wp-content\/uploads\/2025\/12\/MOTO-POLICIA.jpg",570,315,false],"ultp_layout_landscape":["https:\/\/elfederalmendoza.com.ar\/wp-content\/uploads\/2025\/12\/MOTO-POLICIA.jpg",570,315,false],"ultp_layout_portrait":["https:\/\/elfederalmendoza.com.ar\/wp-content\/uploads\/2025\/12\/MOTO-POLICIA.jpg",570,315,false],"ultp_layout_square":["https:\/\/elfederalmendoza.com.ar\/wp-content\/uploads\/2025\/12\/MOTO-POLICIA.jpg",570,315,false],"rpwe-thumbnail":["https:\/\/elfederalmendoza.com.ar\/wp-content\/uploads\/2025\/12\/MOTO-POLICIA-45x45.jpg",45,45,true],"advps-thumb-one":["https:\/\/elfederalmendoza.com.ar\/wp-content\/uploads\/2025\/12\/MOTO-POLICIA.jpg",570,315,false]},"rttpg_author":{"display_name":"Redacci\u00f3n El Federal","author_link":"https:\/\/elfederalmendoza.com.ar\/index.php\/author\/angelflores\/"},"rttpg_comment":0,"rttpg_category":"<a href=\"https:\/\/elfederalmendoza.com.ar\/index.php\/category\/mza\/\" rel=\"category tag\">Mendoza<\/a>","rttpg_excerpt":"Fuentes oficiales confirmaron este martes que el Oficial Ayudante\u00a0Mauricio Agust\u00edn Rosales\u00a0de 27 a\u00f1os que hab\u00eda resultado gravemente herido tras caer de su motocicleta en la Costanera, en\u00a0Guaymall\u00e9n,\u00a0falleci\u00f3 en horas de la noche del lunes. El efectivo permanec\u00eda internado en el\u00a0Hospital Central\u00a0desde la ma\u00f1ana, con un cuadro cl\u00ednico cr\u00edtico. El accidente vial ocurri\u00f3 cerca de las&hellip;","_links":{"self":[{"href":"https:\/\/elfederalmendoza.com.ar\/index.php\/wp-json\/wp\/v2\/posts\/35387","targetHints":{"allow":["GET"]}}],"collection":[{"href":"https:\/\/elfederalmendoza.com.ar\/index.php\/wp-json\/wp\/v2\/posts"}],"about":[{"href":"https:\/\/elfederalmendoza.com.ar\/index.php\/wp-json\/wp\/v2\/types\/post"}],"author":[{"embeddable":true,"href":"https:\/\/elfederalmendoza.com.ar\/index.php\/wp-json\/wp\/v2\/users\/2"}],"replies":[{"embeddable":true,"href":"https:\/\/elfederalmendoza.com.ar\/index.php\/wp-json\/wp\/v2\/comments?post=35387"}],"version-history":[{"count":1,"href":"https:\/\/elfederalmendoza.com.ar\/index.php\/wp-json\/wp\/v2\/posts\/35387\/revisions"}],"predecessor-version":[{"id":35389,"href":"https:\/\/elfederalmendoza.com.ar\/index.php\/wp-json\/wp\/v2\/posts\/35387\/revisions\/35389"}],"wp:featuredmedia":[{"embeddable":true,"href":"https:\/\/elfederalmendoza.com.ar\/index.php\/wp-json\/wp\/v2\/media\/35388"}],"wp:attachment":[{"href":"https:\/\/elfederalmendoza.com.ar\/index.php\/wp-json\/wp\/v2\/media?parent=35387"}],"wp:term":[{"taxonomy":"category","embeddable":true,"href":"https:\/\/elfederalmendoza.com.ar\/index.php\/wp-json\/wp\/v2\/categories?post=35387"},{"taxonomy":"post_tag","embeddable":true,"href":"https:\/\/elfederalmendoza.com.ar\/index.php\/wp-json\/wp\/v2\/tags?post=35387"}],"curies":[{"name":"wp","href":"https:\/\/api.w.org\/{rel}","templated":true}]}}